{"id":544107,"date":"2025-11-19T06:28:11","date_gmt":"2025-11-19T06:28:11","guid":{"rendered":"https:\/\/www.europesays.com\/fr\/544107\/"},"modified":"2025-11-19T06:28:11","modified_gmt":"2025-11-19T06:28:11","slug":"un-appel-au-mecenat-lance-pour-le-chantier-a-35-millions-deuros-de-lopera-de-toulon","status":"publish","type":"post","link":"https:\/\/www.europesays.com\/fr\/544107\/","title":{"rendered":"Un appel au m\u00e9c\u00e9nat lanc\u00e9 pour le chantier \u00e0 35\u00a0millions d\u2019euros de l\u2019op\u00e9ra de Toulon"},"content":{"rendered":"<p class=\"fs-5 \">Un fauteuil au c\u0153ur de la grande salle, avec son nom dessus. C\u2019est, entre autres pistes de r\u00e9flexion, une id\u00e9e de contrepartie pour quiconque accepterait de contribuer \u00e0 la restauration de l\u2019op\u00e9ra de Toulon. En l\u2019occurrence, en d\u00e9boursant 500 euros pour financer l\u2019une de ses moelleuses assises !<\/p>\n<p class=\"fs-5 \">En juin dernier, la m\u00e9tropole TPM, gestionnaire des lieux, a ainsi lanc\u00e9 une grande campagne de m\u00e9c\u00e9nat aupr\u00e8s des entreprises et des particuliers, avec le concours de la Fondation du patrimoine.<\/p>\n<p class=\"fs-5 \">Objectif : que des dons puissent venir nourrir le budget de 35 millions d\u2019euros d\u2019argent public d\u00e9j\u00e0 pr\u00e9vu pour \u00ab d\u00e9poussi\u00e9rer \u00bb de fond en comble l\u2019\u00e9tablissement culturel.<\/p>\n<p class=\"fs-5 \">\u00ab On a collect\u00e9 9 500 euros gr\u00e2ce \u00e0 seize donateurs \u00bb, explique-t-on \u00e0 la m\u00e9tropole. \u00ab Mais on vise un total de trois millions d\u2019euros et l\u2019appui de plusieurs soci\u00e9t\u00e9s \u00bb.<\/p>\n<p class=\"fs-5 \">Bref, \u00ab m\u00eame si on n\u2019a pas besoin de cet argent pour que les travaux soient r\u00e9alis\u00e9s \u00bb, dixit l\u2019\u00e9lu en charge de la culture Yann Tainguy, pour l\u2019instant, le compte n\u2019y est pas.<\/p>\n<p>                                                                                Des contreparties<\/p>\n<p class=\"fs-5 \">Alors pour s\u00e9duire de potentiels co-financeurs, TPM a d\u00e9gain\u00e9 toute une s\u00e9rie de \u00ab participations \u00bb.<\/p>\n<p class=\"fs-5 \">Une entreprise qui ferait un ch\u00e8que de 10 000 euros se verrait par exemple offrir dix places pour l\u2019inauguration du b\u00e2timent historique, pr\u00e9vue pour la fin 2027, ainsi que des mentions de la marque dans les communiqu\u00e9s de presse ou les supports de publicit\u00e9 autour du projet.<\/p>\n<p class=\"fs-5 \">\u00ab Cela vient en plus de contreparties offertes pour un montant de 2 500 euros, telles que des places pour le RCT, pour des spectacles ou des travers\u00e9es de la rade \u00bb, explique-t-on encore \u00e0 TPM.<\/p>\n<p class=\"fs-5 \">Qui pr\u00e9cise qu\u2019il est possible de donner de dix \u00e0 plus de 200 000 euros. Voire de proposer son \u00e9ventuel savoir-faire.<\/p>\n<p class=\"fs-5 \">Dans cette d\u00e9marche, l\u2019intercommunalit\u00e9 peut donc compter sur le soutien de la Fondation du patrimoine, qui a elle-m\u00eame vers\u00e9 150 000 euros.<\/p>\n<p class=\"fs-5 \">\u00ab On sert de caisse de r\u00e9sonance et on a un label qui donne confiance aux donateurs \u00bb, note Marine Henry, b\u00e9n\u00e9vole au sein de l\u2019organisme priv\u00e9. \u00ab Gr\u00e2ce \u00e0 notre participation, ils b\u00e9n\u00e9ficient \u00e9galement d\u2019une d\u00e9duction fiscale de 60 % \u00bb.<\/p>\n<p class=\"fs-5 \">Sculptures et dorures, lustres, toiles maroufl\u00e9es des putti ou du plafond, d\u00e9cors peints, fauteuils : des op\u00e9rations ont \u00e9t\u00e9 sp\u00e9cifiquement cibl\u00e9es pour le versement d\u2019un montant \u00ab m\u00e9cenable \u00bb. <\/p>\n<p class=\"fs-5 \">\u00ab Plut\u00f4t que de faire un don qui se retrouve dans l\u2019enveloppe totale, les gens sont g\u00e9n\u00e9ralement fiers de savoir qu\u2019ils ont financ\u00e9 un \u00e9l\u00e9ment en particulier \u00bb, estime Marine Henry.<\/p>\n<p class=\"fs-5 \">Ferm\u00e9 depuis l\u2019\u00e9t\u00e9 2023, en chantier depuis d\u00e9but 2025 apr\u00e8s de longs travaux pr\u00e9paratoires, l\u2019op\u00e9ra construit en 1862 est aujourd\u2019hui m\u00e9connaissable.<\/p>\n<p class=\"fs-5 \">Partout, des entrailles \u00e0 la fa\u00e7ade, du sol au plafond, de la cage de sc\u00e8ne aux balcons, des lustres aux anges de pl\u00e2tre blanchis \u00e0 la gomme (!), les artisans s\u2019affairent. Un impressionnant d\u00e9dale d\u2019\u00e9chafaudages que les futurs donateurs seront d\u2019ailleurs invit\u00e9s \u00e0 admirer.<\/p>\n<p>                                                                                <strong>Des fouilles arch\u00e9ologiques<\/strong><\/p>\n<p class=\"fs-5 \">Depuis le mois dernier, une \u00e9quipe d\u2019arch\u00e9ologues de l\u2019Inrap s\u2019affaire \u00e0 l\u2019emplacement de la fosse d\u2019orchestre, dont la future version aura davantage de profondeur pour accueillir un plateau \u00e9l\u00e9vateur.<\/p>\n<p class=\"fs-5 \">Mais jusqu\u2019alors, les trouvailles r\u00e9alis\u00e9es dans le cadre de cette fouille pr\u00e9ventive ne sont pas \u00e0 la hauteur des esp\u00e9rances des historiens.<\/p>\n<p class=\"fs-5 \">\u00ab Lors des travaux de construction de l\u2019op\u00e9ra, il avait \u00e9t\u00e9 fait \u00e9tat de la d\u00e9couverte d\u2019une mosa\u00efque romaine et de s\u00e9pultures datant du Ve ou VIe si\u00e8cles \u00bb, raconte l\u2019arch\u00e9ologue Pascal Joyeux. \u00ab Mais pour l\u2019instant, nous n\u2019avons r\u00e9v\u00e9l\u00e9 ni fragment d\u2019os, ni de pierres color\u00e9es \u00bb.<\/p>\n<p class=\"fs-5 \">\u00c0 peine \u00ab une structure agraire \u00bb impossible \u00e0 dater\u2026 En 2026, un nouveau (petit) chantier de fouilles sera men\u00e9, dans la fosse d\u2019ascenseur cette fois. Mais rien ne dit qu\u2019il sera plus fructueux.<\/p>\n<p class=\"fs-5 \">Infos : <a href=\"http:\/\/www.fondation-patrimoine.org\/les-projets\/op\u00e9ra-de-toulon\/102223\" target=\"_blank\" rel=\"nofollow noopener\">www.fondation-patrimoine.org\/les-projets\/op\u00e9ra-de-toulon\/102223<\/a><\/p>\n","protected":false},"excerpt":{"rendered":"Un fauteuil au c\u0153ur de la grande salle, avec son nom dessus. C\u2019est, entre autres pistes de r\u00e9flexion,&hellip;\n","protected":false},"author":2,"featured_media":544108,"comment_status":"","ping_status":"","sticky":false,"template":"","format":"standard","meta":{"footnotes":""},"categories":[9619],"tags":[1111,11,1777,674,1011,27,12,882,25,2310],"class_list":{"0":"post-544107","1":"post","2":"type-post","3":"status-publish","4":"format-standard","5":"has-post-thumbnail","7":"category-toulon","8":"tag-actu","9":"tag-actualites","10":"tag-eu","11":"tag-europe","12":"tag-fr","13":"tag-france","14":"tag-news","15":"tag-provence-alpes-cote-dazur","16":"tag-republique-francaise","17":"tag-toulon"},"share_on_mastodon":{"url":"https:\/\/pubeurope.com\/@fr\/115574951439651373","error":""},"_links":{"self":[{"href":"https:\/\/www.europesays.com\/fr\/wp-json\/wp\/v2\/posts\/544107","targetHints":{"allow":["GET"]}}],"collection":[{"href":"https:\/\/www.europesays.com\/fr\/wp-json\/wp\/v2\/posts"}],"about":[{"href":"https:\/\/www.europesays.com\/fr\/wp-json\/wp\/v2\/types\/post"}],"author":[{"embeddable":true,"href":"https:\/\/www.europesays.com\/fr\/wp-json\/wp\/v2\/users\/2"}],"replies":[{"embeddable":true,"href":"https:\/\/www.europesays.com\/fr\/wp-json\/wp\/v2\/comments?post=544107"}],"version-history":[{"count":0,"href":"https:\/\/www.europesays.com\/fr\/wp-json\/wp\/v2\/posts\/544107\/revisions"}],"wp:featuredmedia":[{"embeddable":true,"href":"https:\/\/www.europesays.com\/fr\/wp-json\/wp\/v2\/media\/544108"}],"wp:attachment":[{"href":"https:\/\/www.europesays.com\/fr\/wp-json\/wp\/v2\/media?parent=544107"}],"wp:term":[{"taxonomy":"category","embeddable":true,"href":"https:\/\/www.europesays.com\/fr\/wp-json\/wp\/v2\/categories?post=544107"},{"taxonomy":"post_tag","embeddable":true,"href":"https:\/\/www.europesays.com\/fr\/wp-json\/wp\/v2\/tags?post=544107"}],"curies":[{"name":"wp","href":"https:\/\/api.w.org\/{rel}","templated":true}]}}