{"id":544114,"date":"2025-11-19T06:34:13","date_gmt":"2025-11-19T06:34:13","guid":{"rendered":"https:\/\/www.europesays.com\/fr\/544114\/"},"modified":"2025-11-19T06:34:13","modified_gmt":"2025-11-19T06:34:13","slug":"amenagements-termines-rouen-fr","status":"publish","type":"post","link":"https:\/\/www.europesays.com\/fr\/544114\/","title":{"rendered":"Am\u00e9nagements termin\u00e9s | Rouen.fr"},"content":{"rendered":"\n<p>         Publi\u00e9 le\u00a0:\u00a0       <\/p>\n<p>Mercredi 19 novembre 2025 &#8211; 07h00<\/p>\n<p>         Th\u00e8me d\u2019actualit\u00e9\u00a0:\u00a0       <\/p>\n<p>                           <img loading=\"lazy\" decoding=\"async\" typeof=\"foaf:Image\" src=\"https:\/\/www.europesays.com\/fr\/wp-content\/uploads\/2025\/11\/20251117_110732.jpg\" width=\"640\" height=\"480\" alt=\"\"\/>                          <\/p>\n<p>Les am\u00e9nagements de la rue Saint-Vivien, de la rue Saint-Hilaire et d ela place d ela Croix-de-Pierre ont \u00e9t\u00e9 inaugur\u00e9s mardi 18 novembre 2025.\u00a0<\/p>\n<p>Apr\u00e8s la r\u00e9fection compl\u00e8te de la chauss\u00e9e des rues Saint-Vivien et Saint-Hilaire cet \u00e9t\u00e9, celle de la place de la Croix-de-Pierre s\u2019est achev\u00e9e il y a quelques semaines.<\/p>\n<p>La M\u00e9tropole a profit\u00e9 de l\u2019\u00e9t\u00e9 pour refaire tout d\u2019abord l\u2019asphalte et reprendre le marquage au sol de la bande cyclable ainsi que celui des passages pi\u00e9tons des rues Saint-Vivien et Saint-Hilaire.<\/p>\n<p>A l\u2019automne, les travaux entrepris place de la Croix-de-Pierre ont permis de la v\u00e9g\u00e9taliser, de refaire la chauss\u00e9e et le stationnement devenu enherb\u00e9.\u00a0 \u00a0\u00a0<\/p>\n<p>Pas de changement au niveau du contresens cyclable. L&rsquo;am\u00e9nagement a \u00e9t\u00e9 conserv\u00e9 tel quel, en accord avec les associations v\u00e9lo avec lesquelles la M\u00e9tropole a travaill\u00e9 en amont du projet.\u00a0<\/p>\n<p>L&rsquo;ensemble de la r\u00e9fection de voirie a \u00e9galement \u00e9t\u00e9 pr\u00e9sent\u00e9 en r\u00e9union publique aux habitants qui ont ainsi pu \u00e9mettre leurs suggestions et apporter \u00e0 la M\u00e9tropole des am\u00e9liorations au projet.\u00a0<\/p>\n","protected":false},"excerpt":{"rendered":"Publi\u00e9 le\u00a0:\u00a0 Mercredi 19 novembre 2025 &#8211; 07h00 Th\u00e8me d\u2019actualit\u00e9\u00a0:\u00a0 Les am\u00e9nagements de la rue Saint-Vivien, de la&hellip;\n","protected":false},"author":2,"featured_media":544115,"comment_status":"","ping_status":"","sticky":false,"template":"","format":"standard","meta":{"footnotes":""},"categories":[9587],"tags":[1111,11,1777,674,1011,27,12,5161,25,9590],"class_list":{"0":"post-544114","1":"post","2":"type-post","3":"status-publish","4":"format-standard","5":"has-post-thumbnail","7":"category-rouen","8":"tag-actu","9":"tag-actualites","10":"tag-eu","11":"tag-europe","12":"tag-fr","13":"tag-france","14":"tag-news","15":"tag-normandie","16":"tag-republique-francaise","17":"tag-rouen"},"share_on_mastodon":{"url":"https:\/\/pubeurope.com\/@fr\/115574975814920965","error":""},"_links":{"self":[{"href":"https:\/\/www.europesays.com\/fr\/wp-json\/wp\/v2\/posts\/544114","targetHints":{"allow":["GET"]}}],"collection":[{"href":"https:\/\/www.europesays.com\/fr\/wp-json\/wp\/v2\/posts"}],"about":[{"href":"https:\/\/www.europesays.com\/fr\/wp-json\/wp\/v2\/types\/post"}],"author":[{"embeddable":true,"href":"https:\/\/www.europesays.com\/fr\/wp-json\/wp\/v2\/users\/2"}],"replies":[{"embeddable":true,"href":"https:\/\/www.europesays.com\/fr\/wp-json\/wp\/v2\/comments?post=544114"}],"version-history":[{"count":0,"href":"https:\/\/www.europesays.com\/fr\/wp-json\/wp\/v2\/posts\/544114\/revisions"}],"wp:featuredmedia":[{"embeddable":true,"href":"https:\/\/www.europesays.com\/fr\/wp-json\/wp\/v2\/media\/544115"}],"wp:attachment":[{"href":"https:\/\/www.europesays.com\/fr\/wp-json\/wp\/v2\/media?parent=544114"}],"wp:term":[{"taxonomy":"category","embeddable":true,"href":"https:\/\/www.europesays.com\/fr\/wp-json\/wp\/v2\/categories?post=544114"},{"taxonomy":"post_tag","embeddable":true,"href":"https:\/\/www.europesays.com\/fr\/wp-json\/wp\/v2\/tags?post=544114"}],"curies":[{"name":"wp","href":"https:\/\/api.w.org\/{rel}","templated":true}]}}