{"id":544118,"date":"2025-11-19T06:36:15","date_gmt":"2025-11-19T06:36:15","guid":{"rendered":"https:\/\/www.europesays.com\/fr\/544118\/"},"modified":"2025-11-19T06:36:15","modified_gmt":"2025-11-19T06:36:15","slug":"lessentiel-du-sport-dans-nos-regions-le-reve-de-grenoble-envole-les-biathletes-pour-ostersund-sont-connus-les-infos-de-ce-mercredi","status":"publish","type":"post","link":"https:\/\/www.europesays.com\/fr\/544118\/","title":{"rendered":"L&rsquo;essentiel du sport dans nos r\u00e9gions. Le r\u00eave de Grenoble envol\u00e9, les biathl\u00e8tes pour \u00d6stersund sont connus&#8230; les infos de ce mercredi"},"content":{"rendered":"<p>Malgr\u00e9 sa victoire 2 buts \u00e0 1 sur la glace de Fr\u00f6lunda mardi soir, les Br\u00fbleurs de loups sont \u00e9limin\u00e9s de la Ligue des Champions apr\u00e8s avoir \u00e9t\u00e9 battus 3-1 au match aller du 8e tour \u00e0 Polesud. Les derniers tickets fran\u00e7ais pour l&rsquo;ouverture de la Coupe du monde \u00e0 \u00d6stersund ont \u00e9t\u00e9 distribu\u00e9s&#8230; Voici ce qu&rsquo;il faut savoir de l&rsquo;actualit\u00e9 sportive dans nos d\u00e9partements pour ce mercredi 19 novembre.<\/p>\n","protected":false},"excerpt":{"rendered":"Malgr\u00e9 sa victoire 2 buts \u00e0 1 sur la glace de Fr\u00f6lunda mardi soir, les Br\u00fbleurs de loups&hellip;\n","protected":false},"author":2,"featured_media":544119,"comment_status":"","ping_status":"","sticky":false,"template":"","format":"standard","meta":{"footnotes":""},"categories":[9566],"tags":[1111,11,2430,1777,674,107,1701,1011,27,2731,12,25,517,1947],"class_list":{"0":"post-544118","1":"post","2":"type-post","3":"status-publish","4":"format-standard","5":"has-post-thumbnail","7":"category-grenoble","8":"tag-actu","9":"tag-actualites","10":"tag-auvergne-rhone-alpes","11":"tag-eu","12":"tag-europe","13":"tag-fil-info","14":"tag-fil-info-sport","15":"tag-fr","16":"tag-france","17":"tag-grenoble","18":"tag-news","19":"tag-republique-francaise","20":"tag-sport","21":"tag-sport-national"},"share_on_mastodon":{"url":"https:\/\/pubeurope.com\/@fr\/115574983292483633","error":""},"_links":{"self":[{"href":"https:\/\/www.europesays.com\/fr\/wp-json\/wp\/v2\/posts\/544118","targetHints":{"allow":["GET"]}}],"collection":[{"href":"https:\/\/www.europesays.com\/fr\/wp-json\/wp\/v2\/posts"}],"about":[{"href":"https:\/\/www.europesays.com\/fr\/wp-json\/wp\/v2\/types\/post"}],"author":[{"embeddable":true,"href":"https:\/\/www.europesays.com\/fr\/wp-json\/wp\/v2\/users\/2"}],"replies":[{"embeddable":true,"href":"https:\/\/www.europesays.com\/fr\/wp-json\/wp\/v2\/comments?post=544118"}],"version-history":[{"count":0,"href":"https:\/\/www.europesays.com\/fr\/wp-json\/wp\/v2\/posts\/544118\/revisions"}],"wp:featuredmedia":[{"embeddable":true,"href":"https:\/\/www.europesays.com\/fr\/wp-json\/wp\/v2\/media\/544119"}],"wp:attachment":[{"href":"https:\/\/www.europesays.com\/fr\/wp-json\/wp\/v2\/media?parent=544118"}],"wp:term":[{"taxonomy":"category","embeddable":true,"href":"https:\/\/www.europesays.com\/fr\/wp-json\/wp\/v2\/categories?post=544118"},{"taxonomy":"post_tag","embeddable":true,"href":"https:\/\/www.europesays.com\/fr\/wp-json\/wp\/v2\/tags?post=544118"}],"curies":[{"name":"wp","href":"https:\/\/api.w.org\/{rel}","templated":true}]}}