{"id":544120,"date":"2025-11-19T06:37:12","date_gmt":"2025-11-19T06:37:12","guid":{"rendered":"https:\/\/www.europesays.com\/fr\/544120\/"},"modified":"2025-11-19T06:37:12","modified_gmt":"2025-11-19T06:37:12","slug":"une-dynamique-positive-toujours-aux-trois-quarts-vide-ce-grand-parking-de-rennes-voit-sa-frequentation-augmenter","status":"publish","type":"post","link":"https:\/\/www.europesays.com\/fr\/544120\/","title":{"rendered":"\u00ab\u00a0Une dynamique positive\u00a0\u00bb\u00a0: toujours aux trois quarts vide, ce grand parking de Rennes voit sa fr\u00e9quentation augmenter"},"content":{"rendered":"<p>Il n\u2019est pas encore compl\u00e8tement rentr\u00e9 dans les habitudes des automobilistes rennais, mais il se remplit progressivement. Ouvert en janvier 2023, rue de Saint-Malo, le parking public de l\u2019H\u00f4tel-Dieu a vu sa fr\u00e9quentation augmenter cette ann\u00e9e par rapport \u00e0 l\u2019ann\u00e9e derni\u00e8re selon les donn\u00e9es communiqu\u00e9es par la mairie de Rennes. 21 968 usagers ont pay\u00e9 un ticket d\u2019entr\u00e9e entre janvier et octobre 2025 contre 16 052 sur la m\u00eame p\u00e9riode en 2024.<\/p>\n<p>Une capacit\u00e9 de 305 places<\/p>\n<p>Malgr\u00e9 la belle augmentation enregistr\u00e9e, le taux d\u2019occupation reste encore faible compte tenu de la taille de l\u2019ouvrage qui peut accueillir jusqu\u2019\u00e0 305 v\u00e9hicules en m\u00eame temps. Il se situe autour des 25 % en moyenne &#8211; ce qui veut dire que plus de 200 places restent inoccup\u00e9es en permanence.<\/p>\n<p>\u00ab Les derni\u00e8res donn\u00e9es de fr\u00e9quentation du parking H\u00f4tel-Dieu confirment une dynamique tr\u00e8s positive \u00bb, analyse la municipalit\u00e9. \u00ab Un parking atteint progressivement son rythme de croisi\u00e8re, c\u2019est un ph\u00e9nom\u00e8ne que l\u2019on observe syst\u00e9matiquement : par exemple, la fr\u00e9quentation du parking De Gaulle-Gare avait \u00e9t\u00e9 multipli\u00e9e par quatre entre sa premi\u00e8re ann\u00e9e d\u2019exploitation et sa quatri\u00e8me \u00bb.<\/p>\n<p>Manque de signal\u00e9tique<\/p>\n<p>Con\u00e7u pour capter le flux venant du nord du centre-ville, l\u2019ouvrage a souffert de travaux ext\u00e9rieurs et d\u2019un manque de signal\u00e9tique pour indiquer clairement son emplacement. \u00ab La poursuite d\u2019am\u00e9nagement du site de l\u2019H\u00f4tel-Dieu aura naturellement un effet positif sur la fr\u00e9quentation du parking \u00bb, pr\u00e9cise la Ville de Rennes.<\/p>\n<p>Lors de l\u2019inauguration du parking, la municipalit\u00e9 \u00e9voquait l\u2019effet attendu de la fermeture du parking Vilaine sur la fr\u00e9quentation du parking H\u00f4tel-Dieu. Un impact significatif a-t-il \u00e9t\u00e9 observ\u00e9 depuis ? Il est \u00ab trop t\u00f4t \u00bb pour r\u00e9pondre \u00e0 cette question r\u00e9pond la mairie. \u00ab Il est difficile d\u2019isoler l\u2019effet de la fermeture du parking Vilaine sur la fr\u00e9quentation des autres parkings. Nous avons donc besoin d\u2019une p\u00e9riode d\u2019observation plus longue pour d\u00e9gager les tendances en termes de report \u00bb.<\/p>\n","protected":false},"excerpt":{"rendered":"Il n\u2019est pas encore compl\u00e8tement rentr\u00e9 dans les habitudes des automobilistes rennais, mais il se remplit progressivement. Ouvert&hellip;\n","protected":false},"author":2,"featured_media":544121,"comment_status":"","ping_status":"","sticky":false,"template":"","format":"standard","meta":{"footnotes":""},"categories":[2821],"tags":[1111,11,829,1777,674,1011,27,848,12,584,25],"class_list":{"0":"post-544120","1":"post","2":"type-post","3":"status-publish","4":"format-standard","5":"has-post-thumbnail","7":"category-rennes","8":"tag-actu","9":"tag-actualites","10":"tag-bretagne","11":"tag-eu","12":"tag-europe","13":"tag-fr","14":"tag-france","15":"tag-ille-et-vilaine","16":"tag-news","17":"tag-rennes","18":"tag-republique-francaise"},"share_on_mastodon":{"url":"https:\/\/pubeurope.com\/@fr\/115574987229244496","error":""},"_links":{"self":[{"href":"https:\/\/www.europesays.com\/fr\/wp-json\/wp\/v2\/posts\/544120","targetHints":{"allow":["GET"]}}],"collection":[{"href":"https:\/\/www.europesays.com\/fr\/wp-json\/wp\/v2\/posts"}],"about":[{"href":"https:\/\/www.europesays.com\/fr\/wp-json\/wp\/v2\/types\/post"}],"author":[{"embeddable":true,"href":"https:\/\/www.europesays.com\/fr\/wp-json\/wp\/v2\/users\/2"}],"replies":[{"embeddable":true,"href":"https:\/\/www.europesays.com\/fr\/wp-json\/wp\/v2\/comments?post=544120"}],"version-history":[{"count":0,"href":"https:\/\/www.europesays.com\/fr\/wp-json\/wp\/v2\/posts\/544120\/revisions"}],"wp:featuredmedia":[{"embeddable":true,"href":"https:\/\/www.europesays.com\/fr\/wp-json\/wp\/v2\/media\/544121"}],"wp:attachment":[{"href":"https:\/\/www.europesays.com\/fr\/wp-json\/wp\/v2\/media?parent=544120"}],"wp:term":[{"taxonomy":"category","embeddable":true,"href":"https:\/\/www.europesays.com\/fr\/wp-json\/wp\/v2\/categories?post=544120"},{"taxonomy":"post_tag","embeddable":true,"href":"https:\/\/www.europesays.com\/fr\/wp-json\/wp\/v2\/tags?post=544120"}],"curies":[{"name":"wp","href":"https:\/\/api.w.org\/{rel}","templated":true}]}}