{"id":544125,"date":"2025-11-19T06:40:15","date_gmt":"2025-11-19T06:40:15","guid":{"rendered":"https:\/\/www.europesays.com\/fr\/544125\/"},"modified":"2025-11-19T06:40:15","modified_gmt":"2025-11-19T06:40:15","slug":"quoi-de-neuf-chez-nos-voisins-a-colmar-mulhouse-et-strasbourg","status":"publish","type":"post","link":"https:\/\/www.europesays.com\/fr\/544125\/","title":{"rendered":"quoi de neuf chez nos voisins \u00e0 Colmar, Mulhouse et Strasbourg ?"},"content":{"rendered":"<p>  \u00c0 Colmar, des drones pour mesurer les flux du march\u00e9 de No\u00ebl<\/p>\n<p>Victime de son succ\u00e8s, le march\u00e9 de No\u00ebl de Colmar, ou plut\u00f4t \u201cses\u201d march\u00e9s r\u00e9partis en six places embl\u00e9matiques de la ville, ont encore attir\u00e9 1,6\u00a0million de visiteurs l\u2019an pass\u00e9 pour des retomb\u00e9es estim\u00e9es \u00e0 150\u00a0M\u20ac. A quelques jours de son ouverture, <strong>programm\u00e9e le 25<\/strong> <strong>novembre<\/strong>, voici les grandes nouveaut\u00e9s pr\u00e9sent\u00e9es r\u00e9cemment par le maire, <a href=\"https:\/\/www.estrepublicain.fr\/p\/eric-straumann\" target=\"_blank\" rel=\"noopener\">Eric Straumann<\/a>, et relay\u00e9es par nos confr\u00e8res des <a href=\"https:\/\/www.dna.fr\/culture-loisirs\/2025\/11\/12\/des-drones-et-lutin-fute-pour-mesurer-l-affluence-aux-marches-de-noel\" target=\"_blank\" rel=\"noopener\">Derni\u00e8res Nouvelles d\u2019Alsace<\/a>. Un outil baptis\u00e9 Lutin fut\u00e9 devrait permettre de r\u00e9guler les flux de visiteurs\u00a0: \u00ab\u00a0Bas\u00e9 sur le bornage t\u00e9l\u00e9phonique et les r\u00e9servations, il permet de d\u00e9terminer via un code couleur les p\u00e9riodes les plus charg\u00e9es\u00a0\u00bb. Sans surprise, les trois premiers samedis sont annonc\u00e9s noirs, les deux autres rouges, comme les dimanches. Un accueil de touristes sera aussi assur\u00e9 \u00e0 la gare.<\/p>\n<p>Enfin, \u00ab\u00a0le recours occasionnel \u00e0 des drones pour analyser les flux\u00a0\u00bb a \u00e9t\u00e9 annonc\u00e9 par le pr\u00e9fet tout comme le dispositif de s\u00e9curit\u00e9 renforc\u00e9e. Autre sujet \u00e9pineux\u00a0: les toilettes. L\u00e0 encore, des efforts ont \u00e9t\u00e9 faits notamment du c\u00f4t\u00e9 de la grande roue, avec, au total, 52 lieux d\u00e9di\u00e9s. \u00c0 noter que la cr\u00e8che de No\u00ebl va d\u00e9m\u00e9nager du c\u00f4t\u00e9 de la place de la Cath\u00e9drale et le clo\u00eetre du mus\u00e9e Unterlinden accueillera tous les jours (sauf les mardis, ainsi que les 24, 25 et 31\u00a0d\u00e9cembre) un spectacle son et lumi\u00e8re pour f\u00eater les dix ans du site.<\/p>\n<p>  \u00c0 Mulhouse, les traditions rh\u00e9nanes \u00e0 la f\u00eate<\/p>\n<p>Du <strong> 21<\/strong> <strong>novembre au 27<\/strong>\u00a0<strong>d\u00e9cembre<\/strong>, le <a href=\"https:\/\/www.lalsace.fr\/culture-loisirs\/2025\/11\/18\/a-quatre-jours-de-l-ouverture-du-marche-de-noel-la-ville-se-pare-de-son-etoffe\" target=\"_blank\" rel=\"noopener\">march\u00e9 de No\u00ebl de Mulhouse<\/a> se parera de l\u2019\u00e9toffe 2025, r\u00e9alis\u00e9e par la designer textile Marie-Jo Gebel. Une tradition. Le motif \u201cPerles du Rhin\u201d se d\u00e9clinera ainsi sur de nombreuses cr\u00e9ations pr\u00e9sent\u00e9es dans la boutique de l\u2019h\u00f4tel de ville, dont la fa\u00e7ade arborera elle-m\u00eame le drap\u00e9 mulhousien. Le verrier S\u00e9bastien Garrigues, Meilleur ouvrier de France, s\u2019est inspir\u00e9 d\u2019un d\u00e9tail du tissu pour cr\u00e9er, \u00e0 la fa\u00e7on des verriers v\u00e9nitiens, une perle de collection. Trente-cinq lanternes, r\u00e9alis\u00e9es avec la fameuse \u00e9toffe par la corporation des tapissiers Sud Alsace, illumineront la place des Cordiers.<\/p>\n<p>Le march\u00e9 c\u00e9l\u00e9brera aussi les traditions rh\u00e9nanes qui lient la cit\u00e9 du Bollwerk avec B\u00e2le et Fribourg-en-Brisgau, autour de la gastronomie. Au menu\u00a0: la gaufre mulhousienne, les laeckerli b\u00e2lois, la currywurst et la liqueur Jagermeister allemandes. De quoi en recevoir plein les mirettes et la panse, au gr\u00e9 des quelque 103 chalets (contre 93 l\u2019an pass\u00e9) d\u00e9ploy\u00e9s dans le centre-ville o\u00f9 le sapin de No\u00ebl a \u00e9t\u00e9 dress\u00e9 place des Victoires, avec la cr\u00e8che. Enfin, un nouveau mapping sur la fa\u00e7ade de la Soci\u00e9t\u00e9 industrielle de Mulhouse (SIM) marquera les 200 ans de cette v\u00e9n\u00e9rable institution.<\/p>\n<p>  \u00c0 Strasbourg, la chanteuse Anne Sila, marraine des illuminations de No\u00ebl<\/p>\n<p>Une nouvelle d\u00e9co \u00ab\u00a0Pluie d\u2019\u00e9toiles\u00a0\u00bb a \u00e9t\u00e9 annonc\u00e9e pour l\u2019\u00e9dition 2025 des illuminations de No\u00ebl \u00e0 Strasbourg, qui seront visibles du <strong>21<\/strong> <strong>novembre au 5<\/strong> <strong>janvier<\/strong>. Des atours toujours tr\u00e8s attendus et \u00ab\u00a0premier vecteur d\u2019attractivit\u00e9 du march\u00e9 de No\u00ebl\u00a0\u00bb comme l\u2019a rappel\u00e9, \u00e0 l\u2019heure de la pr\u00e9sentation du show, l\u2019adjoint \u00e0 l\u2019animation de la Ville.<\/p>\n<p>Les quelque trois millions de points lumineux, comme le d\u00e9comptent les <a href=\"https:\/\/www.dna.fr\/culture-loisirs\/2025\/11\/12\/retour-du-show-musical-et-pluie-d-etoiles-toutes-les-nouveautes-des-illuminations-de-noel\" target=\"_blank\" rel=\"noopener\">Derni\u00e8res Nouvelles d\u2019Alsace<\/a>, r\u00e9partis sur 25 kilom\u00e8tres de fils LED, auront n\u00e9cessit\u00e9 un investissement de 800\u00a0000\u00a0euros. Ce qui valait donc bien le retour, apr\u00e8s plusieurs ann\u00e9es sans en raison des contraintes s\u00e9curitaires, de la soir\u00e9e de lancement des illuminations pr\u00e9vue le 21\u00a0novembre, \u00e0 18\u00a0h, au pied de l\u2019arbre bleu de la place Gutenberg. Au programme\u00a0: un show musical avec <a href=\"https:\/\/www.diverto.tv\/actualites\/tele\/the-voice-anne-sila-explique-pourquoi-elle-sest-rase-le-crane-avant-de-passer-les-auditions-1?utm_campaign=sitesEbra&amp;utm_medium=fluxarticleHP&amp;utm_source=estrepublicain\" target=\"_blank\" rel=\"noopener\">la chanteuse Anne Sila,<\/a> r\u00e9v\u00e9l\u00e9e lors de la saison 4 de The Voice , mais aussi une quarantaine d\u2019enfants des Gospels Kids, qui interpr\u00e9teront des chants de No\u00ebl et des harmonies gospel.<\/p>\n","protected":false},"excerpt":{"rendered":"\u00c0 Colmar, des drones pour mesurer les flux du march\u00e9 de No\u00ebl Victime de son succ\u00e8s, le march\u00e9&hellip;\n","protected":false},"author":2,"featured_media":544126,"comment_status":"","ping_status":"","sticky":false,"template":"","format":"standard","meta":{"footnotes":""},"categories":[2820],"tags":[1111,11,1687,10332,14383,14384,8698,1777,674,3326,1011,27,775,2089,12,2661,11058,3456,25,3140,640],"class_list":{"0":"post-544125","1":"post","2":"type-post","3":"status-publish","4":"format-standard","5":"has-post-thumbnail","7":"category-strasbourg","8":"tag-actu","9":"tag-actualites","10":"tag-culture-loisirs","11":"tag-edition-belfort-hericourt-montbeliard","12":"tag-edition-besancon","13":"tag-edition-pontarlier-haut-doubs","14":"tag-edition-vesoul-haute-saone","15":"tag-eu","16":"tag-europe","17":"tag-fete-locale","18":"tag-fr","19":"tag-france","20":"tag-grand-est","21":"tag-marche","22":"tag-news","23":"tag-patrimoine-culturel","24":"tag-region-franche-comte","25":"tag-region-lorraine","26":"tag-republique-francaise","27":"tag-spectacle","28":"tag-strasbourg"},"share_on_mastodon":{"url":"https:\/\/pubeurope.com\/@fr\/115574998709734519","error":""},"_links":{"self":[{"href":"https:\/\/www.europesays.com\/fr\/wp-json\/wp\/v2\/posts\/544125","targetHints":{"allow":["GET"]}}],"collection":[{"href":"https:\/\/www.europesays.com\/fr\/wp-json\/wp\/v2\/posts"}],"about":[{"href":"https:\/\/www.europesays.com\/fr\/wp-json\/wp\/v2\/types\/post"}],"author":[{"embeddable":true,"href":"https:\/\/www.europesays.com\/fr\/wp-json\/wp\/v2\/users\/2"}],"replies":[{"embeddable":true,"href":"https:\/\/www.europesays.com\/fr\/wp-json\/wp\/v2\/comments?post=544125"}],"version-history":[{"count":0,"href":"https:\/\/www.europesays.com\/fr\/wp-json\/wp\/v2\/posts\/544125\/revisions"}],"wp:featuredmedia":[{"embeddable":true,"href":"https:\/\/www.europesays.com\/fr\/wp-json\/wp\/v2\/media\/544126"}],"wp:attachment":[{"href":"https:\/\/www.europesays.com\/fr\/wp-json\/wp\/v2\/media?parent=544125"}],"wp:term":[{"taxonomy":"category","embeddable":true,"href":"https:\/\/www.europesays.com\/fr\/wp-json\/wp\/v2\/categories?post=544125"},{"taxonomy":"post_tag","embeddable":true,"href":"https:\/\/www.europesays.com\/fr\/wp-json\/wp\/v2\/tags?post=544125"}],"curies":[{"name":"wp","href":"https:\/\/api.w.org\/{rel}","templated":true}]}}