{"id":54413,"date":"2025-04-26T12:49:08","date_gmt":"2025-04-26T12:49:08","guid":{"rendered":"https:\/\/www.europesays.com\/fr\/54413\/"},"modified":"2025-04-26T12:49:08","modified_gmt":"2025-04-26T12:49:08","slug":"la-date-de-la-hausse-qui-concerne-14-millions-de-retraites-se-confirme","status":"publish","type":"post","link":"https:\/\/www.europesays.com\/fr\/54413\/","title":{"rendered":"la date de la hausse qui concerne 14 millions de retrait\u00e9s se confirme"},"content":{"rendered":"<p>        Montrer le sommaire<br \/>\n        Cacher le sommaire <\/p>\n<p>Afin de permettre aux retrait\u00e9s de pr\u00e9server leur pouvoir d\u2019achat, des revalorisations annuelles viennent augmenter le montant de leur pension. <strong>Plus l\u2019inflation est importante, plus les revalorisations le sont.\u00a0<\/strong><\/p>\n<p>Nous pouvons imaginer ces augmentations comme des boucliers. <strong>Ces derniers servent \u00e0 prot\u00e9ger les finances des retrait\u00e9s qui ne peuvent pas compter sur une \u00e9ventuelle <a href=\"https:\/\/www.nuitfrance.fr\/a-la-une\/176654-augmentation-des-retraites-ces-4-excellentes-nouvelles-a-prevoir-dans-les-mois-a-venir\/\" target=\"_blank\" rel=\"noopener\">augmentation de leur salaire<\/a>.<\/strong> En 2025, apr\u00e8s la r\u00e9cente augmentation des pensions de base, une autre \u00e9volution \u00e0 la hausse va-t-elle voir le jour ?\n<\/p>\n<p><strong>+ 2,2 % pour tous les retrait\u00e9s<\/strong><\/p>\n<p>Depuis le mois de janvier 2025, les retrait\u00e9s profitent <strong>d\u2019une hausse de 2,2 % de leur pension.<\/strong> Une augmentation bienvenue, <a href=\"https:\/\/www.nuitfrance.fr\/a-la-une\/184864-retraites-les-francais-qui-beneficieront-de-la-nouvelle-augmentation-des-pensions-agirc-arrco\/\" target=\"_blank\" rel=\"noopener\">bien que relative<\/a>, surtout en comparaison avec celle de 2024 (+ 5,4 %). <strong>La situation \u00e9conomique n\u2019\u00e9tant plus la m\u00eame, cette augmentation est coh\u00e9rente.<\/strong><\/p>\n<p>Mais les retrait\u00e9s en sont malgr\u00e9 tout contents, d\u2019autant plus qu\u2019ils pensaient ne pas en voir la couleur cette ann\u00e9e. Effectivement, souvenez-vous, <strong>Michel Barnier envisageait de geler cette revalorisation pour r\u00e9aliser <a href=\"https:\/\/www.nuitfrance.fr\/actualite\/157004-hausse-des-retraites-agirc-arrco-jusqua-100-e-en-plus-par-mois-des-janvier-2024-les-concernes\/\" target=\"_blank\" rel=\"noopener\">quatre milliards d\u2019euros<\/a> d\u2019\u00e9conomies.<\/strong><\/p>\n<p><a class=\"related-article simple\" href=\"https:\/\/www.nuitfrance.fr\/a-la-une\/198487-6-aides-que-les-retraites-oublient-tres-souvent-de-reclamer-pour-vivre-mieux\/\" target=\"_blank\" rel=\"noopener\"><br \/>\n                        \u00c0 voir<br \/>\n                        6 aides que les retrait\u00e9s oublient tr\u00e8s souvent de r\u00e9clamer pour vivre mieux<\/p>\n<p>                        <\/a><\/p>\n<p>Du fait de la censure, <strong>l\u2019ancien Premier ministre a quitt\u00e9 son poste avec cette proposition.<\/strong> Cette revalorisation de 2,2 % r\u00e9sulte ainsi de l\u2019application automatique de la formule l\u00e9gale, apr\u00e8s l\u2019\u00e9chec du projet de <a href=\"https:\/\/www.nuitfrance.fr\/a-la-une\/171958-3-changements-importants-pour-vos-retraites-a-ne-surtout-pas-manquer-cette-annee\/\" target=\"_blank\" rel=\"noopener\">loi de financement<\/a> de la S\u00e9curit\u00e9 sociale pour 2025.\n<\/p>\n<p><strong>Pensions compl\u00e9mentaires : une nouvelle hausse en approche<\/strong><\/p>\n<p>Pour les pensions de base, la revalorisation est donc derri\u00e8re les retrait\u00e9s. Ils vont devoir attendre janvier 2026 <strong>pour profiter de la prochaine augmentation<\/strong>. En partant du principe, bien s\u00fbr, que le gouvernement ne votera pas une loi pour changer ce syst\u00e8me.<\/p>\n<p>En 2025, une prochaine revalorisation interviendra, mais pour les retraites compl\u00e9mentaires du secteur priv\u00e9 (Agirc-Arrco). <strong>14 millions de retrait\u00e9s profitent depuis novembre 2024 d\u2019une revalorisation de + 1,6 %.<\/strong>\n<\/p>\n<p>Dans quelques mois, en novembre 2025, une nouvelle hausse les concernera. Mais comme le signale Droit Finances, elle sera plus modeste encore. <strong>D\u2019apr\u00e8s les premi\u00e8res estimations, elle sera effectivement de 1,5 %.<\/strong>\n<\/p>\n<p>Ce taux est calcul\u00e9 en fonction de l\u2019inflation, minor\u00e9e d\u2019un facteur de soutenabilit\u00e9, conform\u00e9ment \u00e0 l\u2019accord national interprofessionnel sign\u00e9 en 2023.<strong> Malgr\u00e9 tout, c\u2019est une hausse qui reste la bienvenue.<\/strong> Gr\u00e2ce \u00e0 elle, les retrait\u00e9s ne perdent pas en pouvoir d\u2019achat, alors que la crise n\u2019est pas encore derri\u00e8re nous.<\/p>\n<p><a class=\"related-article simple\" href=\"https:\/\/www.nuitfrance.fr\/actualite\/198512-vers-une-mauvaise-nouvelle-pour-84-millions-de-retraites-leur-impot-devrait-subir-une-forte-hausse\/\" target=\"_blank\" rel=\"noopener\"><br \/>\n                        \u00c0 voir<br \/>\n                        Vers une mauvaise nouvelle pour 8,4 millions de retrait\u00e9s : leur imp\u00f4t devrait subir une forte hausse<\/p>\n<p>                        <\/a><\/p>\n<p><strong>Un contexte tr\u00e8s incertain<\/strong><\/p>\n<p>Vous le remarquez depuis quelques mois, la politique fran\u00e7aise est plus instable que jamais. Pour les retrait\u00e9s, ce n\u2019est pas une bonne nouvelle. <strong>Le gouvernement cherche effectivement \u00e0 r\u00e9aliser des \u00e9conomies.<\/strong> Or, il ne refuse pas, par principe, de cibler les retrait\u00e9s. Fran\u00e7ois Bayrou indique que le sujet n\u2019est pas tabou.\n<\/p>\n<p>Certains avantages des retrait\u00e9s pourraient dispara\u00eetre \u00e0 l\u2019avenir. Par exemple, l\u2019abattement fiscal de 10 % sur leur d\u00e9claration de revenus. <strong>Quant aux revalorisations, apr\u00e8s les propositions de Michel Barnier, il est probable que les parlementaires d\u00e9battent \u00e0 nouveau d\u2019une possible suppression de ce syst\u00e8me.<\/strong>\n<\/p>\n<p>Ce serait \u00e9videmment une tr\u00e8s mauvaise nouvelle pour les retrait\u00e9s. Mais en 2025, ils peuvent, comme il est coutume, profiter de deux revalorisations. <strong>\u00c0 eux d\u2019esp\u00e9rer que 2026 poursuivra ce chemin<\/strong>, autant du c\u00f4t\u00e9 des pensions de base que des pensions compl\u00e9mentaires. Alors que la politique d\u2019aust\u00e9rit\u00e9 est la priorit\u00e9 du gouvernement, rien n\u2019est moins s\u00fbr.<\/p>\n","protected":false},"excerpt":{"rendered":"Montrer le sommaire Cacher le sommaire Afin de permettre aux retrait\u00e9s de pr\u00e9server leur pouvoir d\u2019achat, des revalorisations&hellip;\n","protected":false},"author":2,"featured_media":54414,"comment_status":"","ping_status":"","sticky":false,"template":"","format":"standard","meta":{"footnotes":""},"categories":[6],"tags":[35,33,34,1011,27,9910],"class_list":{"0":"post-54413","1":"post","2":"type-post","3":"status-publish","4":"format-standard","5":"has-post-thumbnail","7":"category-economie","8":"tag-business","9":"tag-economie","10":"tag-economy","11":"tag-fr","12":"tag-france","13":"tag-retraites"},"share_on_mastodon":{"url":"https:\/\/pubeurope.com\/@fr\/114404351287226428","error":""},"_links":{"self":[{"href":"https:\/\/www.europesays.com\/fr\/wp-json\/wp\/v2\/posts\/54413","targetHints":{"allow":["GET"]}}],"collection":[{"href":"https:\/\/www.europesays.com\/fr\/wp-json\/wp\/v2\/posts"}],"about":[{"href":"https:\/\/www.europesays.com\/fr\/wp-json\/wp\/v2\/types\/post"}],"author":[{"embeddable":true,"href":"https:\/\/www.europesays.com\/fr\/wp-json\/wp\/v2\/users\/2"}],"replies":[{"embeddable":true,"href":"https:\/\/www.europesays.com\/fr\/wp-json\/wp\/v2\/comments?post=54413"}],"version-history":[{"count":0,"href":"https:\/\/www.europesays.com\/fr\/wp-json\/wp\/v2\/posts\/54413\/revisions"}],"wp:featuredmedia":[{"embeddable":true,"href":"https:\/\/www.europesays.com\/fr\/wp-json\/wp\/v2\/media\/54414"}],"wp:attachment":[{"href":"https:\/\/www.europesays.com\/fr\/wp-json\/wp\/v2\/media?parent=54413"}],"wp:term":[{"taxonomy":"category","embeddable":true,"href":"https:\/\/www.europesays.com\/fr\/wp-json\/wp\/v2\/categories?post=54413"},{"taxonomy":"post_tag","embeddable":true,"href":"https:\/\/www.europesays.com\/fr\/wp-json\/wp\/v2\/tags?post=54413"}],"curies":[{"name":"wp","href":"https:\/\/api.w.org\/{rel}","templated":true}]}}