{"id":544131,"date":"2025-11-19T06:43:15","date_gmt":"2025-11-19T06:43:15","guid":{"rendered":"https:\/\/www.europesays.com\/fr\/544131\/"},"modified":"2025-11-19T06:43:15","modified_gmt":"2025-11-19T06:43:15","slug":"reze-dernieres-representations-des-roussipontains","status":"publish","type":"post","link":"https:\/\/www.europesays.com\/fr\/544131\/","title":{"rendered":"Rez\u00e9. Derni\u00e8res repr\u00e9sentations des Roussipontains"},"content":{"rendered":"<p>La com\u00e9die revue des Roussipontains, qui revient chaque ann\u00e9e, depuis trente-sept\u00a0ans, touche \u00e0 sa fin. Elle aura programm\u00e9 dix-sept repr\u00e9sentations. Les quatre derni\u00e8res repr\u00e9sentations\u00a0sont pr\u00e9vues ce week-end. Les auteurs sont inspir\u00e9s par l\u2019actualit\u00e9 et ils essaient d\u2019en rire. Les diff\u00e9rents tableaux nous entra\u00eenent dans des univers scintillants et color\u00e9s, des costumes qui rivalisent d\u2019ing\u00e9niosit\u00e9, des jeux de lumi\u00e8res, des d\u00e9cors et des fresques, le tout pour une promesse de trois heures de d\u00e9tente.<\/p>\n<p>Vendredi\u00a021,<strong> samedi 22\u00a0novembre,<\/strong> \u00e0 20\u00a0h\u00a030, <strong>samedi\u00a022,<\/strong> \u00e0 14\u00a0h\u00a030 et <strong>dimanche 23,<\/strong> \u00e0 15\u00a0h, au th\u00e9\u00e2tre municipal de Rez\u00e9, rue Guy-Lelan. Renseignements et r\u00e9servations au 06\u00a007\u00a069\u00a032\u00a085, 18 \u20ac et 15\u00a0\u20ac.<\/p>\n<p>\u00a0<\/p>\n","protected":false},"excerpt":{"rendered":"La com\u00e9die revue des Roussipontains, qui revient chaque ann\u00e9e, depuis trente-sept\u00a0ans, touche \u00e0 sa fin. Elle aura programm\u00e9&hellip;\n","protected":false},"author":2,"featured_media":544132,"comment_status":"","ping_status":"","sticky":false,"template":"","format":"standard","meta":{"footnotes":""},"categories":[2818],"tags":[1111,11,16577,1777,674,1011,27,766,12,2636,66282,25,3740,66283],"class_list":{"0":"post-544131","1":"post","2":"type-post","3":"status-publish","4":"format-standard","5":"has-post-thumbnail","7":"category-nantes","8":"tag-actu","9":"tag-actualites","10":"tag-dernieres","11":"tag-eu","12":"tag-europe","13":"tag-fr","14":"tag-france","15":"tag-nantes","16":"tag-news","17":"tag-pays-de-la-loire","18":"tag-representations","19":"tag-republique-francaise","20":"tag-reze","21":"tag-roussipontains"},"share_on_mastodon":{"url":"https:\/\/pubeurope.com\/@fr\/115575010704448373","error":""},"_links":{"self":[{"href":"https:\/\/www.europesays.com\/fr\/wp-json\/wp\/v2\/posts\/544131","targetHints":{"allow":["GET"]}}],"collection":[{"href":"https:\/\/www.europesays.com\/fr\/wp-json\/wp\/v2\/posts"}],"about":[{"href":"https:\/\/www.europesays.com\/fr\/wp-json\/wp\/v2\/types\/post"}],"author":[{"embeddable":true,"href":"https:\/\/www.europesays.com\/fr\/wp-json\/wp\/v2\/users\/2"}],"replies":[{"embeddable":true,"href":"https:\/\/www.europesays.com\/fr\/wp-json\/wp\/v2\/comments?post=544131"}],"version-history":[{"count":0,"href":"https:\/\/www.europesays.com\/fr\/wp-json\/wp\/v2\/posts\/544131\/revisions"}],"wp:featuredmedia":[{"embeddable":true,"href":"https:\/\/www.europesays.com\/fr\/wp-json\/wp\/v2\/media\/544132"}],"wp:attachment":[{"href":"https:\/\/www.europesays.com\/fr\/wp-json\/wp\/v2\/media?parent=544131"}],"wp:term":[{"taxonomy":"category","embeddable":true,"href":"https:\/\/www.europesays.com\/fr\/wp-json\/wp\/v2\/categories?post=544131"},{"taxonomy":"post_tag","embeddable":true,"href":"https:\/\/www.europesays.com\/fr\/wp-json\/wp\/v2\/tags?post=544131"}],"curies":[{"name":"wp","href":"https:\/\/api.w.org\/{rel}","templated":true}]}}