{"id":544133,"date":"2025-11-19T06:44:11","date_gmt":"2025-11-19T06:44:11","guid":{"rendered":"https:\/\/www.europesays.com\/fr\/544133\/"},"modified":"2025-11-19T06:44:11","modified_gmt":"2025-11-19T06:44:11","slug":"un-village-de-noel-va-sinstaller-dans-les-jardins-dun-chateau","status":"publish","type":"post","link":"https:\/\/www.europesays.com\/fr\/544133\/","title":{"rendered":"un village de No\u00ebl va s\u2019installer dans les jardins d\u2019un ch\u00e2teau"},"content":{"rendered":"<p>                    Par<br \/>\n        <strong><br \/>\n            <a href=\"https:\/\/actu.fr\/auteur\/redaction-nantes\" title=\"Consulter tous les articles de R\u00e9daction Nantes\" target=\"_blank\" rel=\"noopener\">R\u00e9daction Nantes<\/a><br \/>\n                    <\/strong><\/p>\n<p>        Publi\u00e9 le<\/p>\n<p>            19 nov. 2025 \u00e0 7h00        <\/p>\n<p>Apr\u00e8s<a href=\"https:\/\/actu.fr\/pays-de-la-loire\/nantes_44109\/marche-de-noel-et-l-autre-marche-a-nantes-on-connait-leur-dates-d-ouverture_63393708.html\" target=\"_blank\" rel=\"noopener\"> Nantes et l\u2019annonce du retour du march\u00e9 de No\u00ebl<\/a>, c\u2019est au tour du <b>Ch\u00e2teau de Maubreuil,<\/b> \u00e0 <b><a href=\"https:\/\/actu.fr\/pays-de-la-loire\/carquefou_44026\" target=\"_blank\" rel=\"noopener\">Carquefou<\/a> <\/b>de se doter d\u2019un \u00ab\u2009village de No\u00ebl\u2009\u00bb. Durant <b>trois week-ends,<\/b> entre le 6 et 21\u00a0d\u00e9cembre, dans les jardins du domaine 5 \u00e9toiles, les visiteurs pourront profiter d\u2019une atmosph\u00e8re \u00ab\u2009chaleureuse, \u00e9l\u00e9gante et festive\u2009\u00bb.<\/p>\n<p>Des chalets sp\u00e9ciaux<\/p>\n<p class=\" wall-content\">Il y aura bien s\u00fbr, des <b>illuminations <\/b>et des stands pour l\u2019artisanat local. Des <b>animations <\/b>sp\u00e9ciales d\u00e9di\u00e9es aux enfants, dont un atelier maquillage, seront aussi propos\u00e9es. Un \u00ab\u2009chalet gourmand\u2009\u00bb o\u00f9 cr\u00eapes maison, vin chaud \u00e9pic\u00e9, chocolat et jus de pomme et poire viendront r\u00e9chauffer l\u2019ambiance et un chalet \u00ab\u2009d\u00e9di\u00e9 aux coffrets et bons cadeaux permettra d\u2019offrir un s\u00e9jour, un soin ou une exp\u00e9rience gastronomique sign\u00e9e Maubreuil\u2009\u00bb.<\/p>\n<p class=\" wall-content\">Il y aura aussi un chalet \u00ab\u2009bien-\u00eatre\u2009\u00bb Cinq Mondes \u00ab\u2009pour explorer l\u2019univers sensoriel du Spa Le Maubreuil\u2009\u00bb.<\/p>\n<p>Le Village de No\u00ebl du Ch\u00e2teau de Maubreuil ouvrira ses portes sur les trois week-ends pr\u00e9c\u00e9dant No\u00ebl, soit les 6 et 7, 13 et 14, et 20 et 21\u00a0d\u00e9cembre 2025. Les visiteurs seront accueillis sur place de 11\u2009h \u00e0 18\u2009h. L\u2019entr\u00e9e est libre et le parking accessible.<\/p>\n<p class=\" wall-content\">Personnalisez votre actualit\u00e9 en ajoutant vos villes et m\u00e9dias en favori avec <a href=\"https:\/\/moncompte.actu.fr\" title=\"D\u00e9couvez Mon Actu\" rel=\"nofollow noopener\" data-trk=\"{&quot;cta&quot;:{&quot;action&quot;:&quot;https:\\\/\\\/moncompte.actu.fr&quot;,&quot;category&quot;:&quot;mon compte&quot;,&quot;from&quot;:&quot;article footer&quot;,&quot;name&quot;:&quot;Mon actu&quot;,&quot;type&quot;:&quot;cta&quot;}}\" target=\"_blank\">Mon Actu<\/a>.<\/p>\n","protected":false},"excerpt":{"rendered":"Par R\u00e9daction Nantes Publi\u00e9 le 19 nov. 2025 \u00e0 7h00 Apr\u00e8s Nantes et l\u2019annonce du retour du march\u00e9&hellip;\n","protected":false},"author":2,"featured_media":544134,"comment_status":"","ping_status":"","sticky":false,"template":"","format":"standard","meta":{"footnotes":""},"categories":[2818],"tags":[1111,11,1777,674,1011,27,1305,766,12,15830,2636,25],"class_list":{"0":"post-544133","1":"post","2":"type-post","3":"status-publish","4":"format-standard","5":"has-post-thumbnail","7":"category-nantes","8":"tag-actu","9":"tag-actualites","10":"tag-eu","11":"tag-europe","12":"tag-fr","13":"tag-france","14":"tag-lifestyle","15":"tag-nantes","16":"tag-news","17":"tag-noel","18":"tag-pays-de-la-loire","19":"tag-republique-francaise"},"share_on_mastodon":{"url":"https:\/\/pubeurope.com\/@fr\/115575014428390519","error":""},"_links":{"self":[{"href":"https:\/\/www.europesays.com\/fr\/wp-json\/wp\/v2\/posts\/544133","targetHints":{"allow":["GET"]}}],"collection":[{"href":"https:\/\/www.europesays.com\/fr\/wp-json\/wp\/v2\/posts"}],"about":[{"href":"https:\/\/www.europesays.com\/fr\/wp-json\/wp\/v2\/types\/post"}],"author":[{"embeddable":true,"href":"https:\/\/www.europesays.com\/fr\/wp-json\/wp\/v2\/users\/2"}],"replies":[{"embeddable":true,"href":"https:\/\/www.europesays.com\/fr\/wp-json\/wp\/v2\/comments?post=544133"}],"version-history":[{"count":0,"href":"https:\/\/www.europesays.com\/fr\/wp-json\/wp\/v2\/posts\/544133\/revisions"}],"wp:featuredmedia":[{"embeddable":true,"href":"https:\/\/www.europesays.com\/fr\/wp-json\/wp\/v2\/media\/544134"}],"wp:attachment":[{"href":"https:\/\/www.europesays.com\/fr\/wp-json\/wp\/v2\/media?parent=544133"}],"wp:term":[{"taxonomy":"category","embeddable":true,"href":"https:\/\/www.europesays.com\/fr\/wp-json\/wp\/v2\/categories?post=544133"},{"taxonomy":"post_tag","embeddable":true,"href":"https:\/\/www.europesays.com\/fr\/wp-json\/wp\/v2\/tags?post=544133"}],"curies":[{"name":"wp","href":"https:\/\/api.w.org\/{rel}","templated":true}]}}