{"id":544139,"date":"2025-11-19T06:47:19","date_gmt":"2025-11-19T06:47:19","guid":{"rendered":"https:\/\/www.europesays.com\/fr\/544139\/"},"modified":"2025-11-19T06:47:19","modified_gmt":"2025-11-19T06:47:19","slug":"toulouse-en-travaux-cette-grande-avenue-est-un-petit-parcours-du-combattant-les-commercants-simpatientent","status":"publish","type":"post","link":"https:\/\/www.europesays.com\/fr\/544139\/","title":{"rendered":"Toulouse. En travaux, cette grande avenue est un petit parcours du combattant : les commer\u00e7ants s&rsquo;impatientent"},"content":{"rendered":"<p>                    Par<br \/>\n        <strong><br \/>\n            <a href=\"https:\/\/actu.fr\/auteur\/marie-lamarque\" title=\"Consulter tous les articles de Marie Lamarque\" rel=\"nofollow noopener\" target=\"_blank\">Marie Lamarque<\/a><br \/>\n                    <\/strong><\/p>\n<p>        Publi\u00e9 le<\/p>\n<p>            19 nov. 2025 \u00e0 7h12        <\/p>\n<p>P\u00e9n\u00e9trante immanquable qui relie les quartiers Patte d\u2019oie et Saint-Cyprien <a href=\"https:\/\/actu.fr\/toulouse\/\" rel=\"nofollow noopener\" target=\"_blank\">\u00e0 Toulouse<\/a>. Elle prend des allures de <strong>petit parcours du combattant<\/strong> pour les pi\u00e9tons qui circulent du c\u00f4t\u00e9 impair, en travaux en cette mi-novembre 2025. <strong>L\u2019avenue Etienne-Billi\u00e8res est en pleine transformation<\/strong>, au rythme des ouvriers et machines de chantier qui s\u2019affairent, au bruit assourdissant des marteaux-piqueurs. Au milieu d\u2019eux, riverains et passants ont le pas h\u00e9sitant. Ils zigzaguent pour retrouver un semblant de trottoir, \u00e9viter les gravats. \u00c9charpe sur le nez pour certains, la poussi\u00e8re et l\u2019odeur du bitume frais incommodent. La sc\u00e8ne est devenue quotidienne pour les commer\u00e7ants qui, derri\u00e8re leurs vitrines, doivent prendre leur mal en patience. Reportage.<\/p>\n<p>Nouvelle piste cyclable, trottoir \u00e9largi\u2026<\/p>\n<p class=\" wall-content\">\u00ab\u00a0Excusez-moi, elle m\u00e8ne o\u00f9 cette avenue si on va dans ce sens ? Je suis Toulousain de souche, n\u00e9 \u00e0 La Grave, mais j\u2019habite Colomiers et cela fait des ann\u00e9es que je ne suis pas venu dans le centre. Je ne reconnais plus Toulouse, \u00e7a a tellement chang\u00e9\u00a0\u00bb, raconte ce passant. Une fois ses travaux termin\u00e9s, l\u2019avenue Etienne-Bill\u00e8res fera partie de ces axes qui donneront un nouveau visage \u00e0 la Ville rose.\u00a0<\/p>\n<p>    <a href=\"https:\/\/www.google.com\/maps\/embed?pb=!1m18!1m12!1m3!1d2889.4570762622548!2d1.4237950749423944!3d43.5970238560642!2m3!1f0!2f0!3f0!3m2!1i1024!2i768!4f13.1!3m3!1m2!1s0x12aebb73070deccb%3A0x5e0ec3e3bca6bbe1!2sAv.%20Etienne%20Billi%C3%A8res%2C%2031300%20Toulouse!5e0!3m2!1sfr!2sfr!4v1763480595724!5m2!1sfr!2sfr\" title=\"Ouvrie le lien\" rel=\"nofollow noopener\" target=\"_blank\">Cliquez ici pour visualiser le contenu<\/a><\/p>\n<p class=\" wall-content\">La voici d\u00e9pourvue de ces contre-all\u00e9es, et donc de plusieurs dizaines de places de stationnement, pour accueillir <strong>une nouvelle piste cyclable dans chaque sens<\/strong> pr\u00e9vue dans le futur REV, <a href=\"https:\/\/actu.fr\/occitanie\/toulouse_31555\/securite-praticite-rapidite-ce-que-le-nouveau-reseau-express-velo-change-pour-les-cyclistes-a-toulouse_63030823.html\" rel=\"nofollow noopener\" target=\"_blank\">ce R\u00e9seau Express V\u00e9lo<\/a> qui s\u2019\u00e9tire de mani\u00e8re tentaculaire sur tout le territoire de Toulouse M\u00e9tropole. C\u00f4t\u00e9 pair, elle est d\u00e9j\u00e0 bien visible, avec sa couleur ocre rouge si caract\u00e9ristique. Et si, c\u00f4t\u00e9 impair, les pi\u00e9tons ont, pour le moment, beaucoup de mal \u00e0 circuler sans encombre, ils devraient profiter, \u00e0 la fin, d\u2019un<strong> trottoir \u00e9largi, passant de 2,3 m\u00e8tres \u00e0 2,75 m\u00e8tres<\/strong>.<\/p>\n<p>    <img   decoding=\"async\" loading=\"lazy\" src=\"https:\/\/www.europesays.com\/fr\/wp-content\/uploads\/2025\/11\/travaux-etienne-billieres-toulouse-chantier-960x640.png\" alt=\"\u00c0 quoi ressemblera cette nouvelle piste cyclable am\u00e9nag\u00e9e de chaque c\u00f4t\u00e9 de l'avenue.\" width=\"960\" height=\"640\"\/><br \/>\n    Voici \u00e0 quoi ressemblera cette nouvelle piste cyclable am\u00e9nag\u00e9e de chaque c\u00f4t\u00e9 de l\u2019avenue. (\u00a9Toulouse M\u00e9tropole)<\/p>\n<p class=\" wall-content\">Le projet pr\u00e9voit aussi la cr\u00e9ation de huit emplacements de livraison, trois places de stationnement pour les Personnes \u00e0 Mobilit\u00e9 R\u00e9duite (PMR), emplacements pour motos. <a href=\"https:\/\/actu.fr\/occitanie\/toulouse_31555\/l-une-des-principales-avenues-de-toulouse-entame-sa-transformation-le-stationnement-va-etre-reduit_62565723.html\" rel=\"nofollow noopener\" target=\"_blank\">Le coup d\u2019envoi de ces grands travaux<\/a> \u2014 qui s\u2019\u00e9l\u00e8vent<strong> \u00e0 1,5 million d\u2019euros<\/strong> \u2014 <a href=\"https:\/\/actu.fr\/occitanie\/toulouse_31555\/cette-grande-avenue-de-toulouse-va-changer-de-visage-mais-le-chantier-va-demarrer-avec-du-retard_62215076.html\" rel=\"nofollow noopener\" target=\"_blank\">avait \u00e9t\u00e9 d\u00e9cal\u00e9 \u00e0 avril dernier<\/a>. <strong>Le r\u00e9sultat est attendu pour fin d\u00e9cembre 2025 \u2013 d\u00e9but 2026<\/strong>.<\/p>\n<p>\u00ab\u00a0\u00c7a a, pour nous, un impact n\u00e9gatif\u00a0\u00bb<\/p>\n<p class=\" wall-content\">Le projet d\u2019am\u00e9nagement de l\u2019avenue se d\u00e9coupe en quatre phases. Si les op\u00e9rations sont termin\u00e9es c\u00f4t\u00e9 pair, les engins de chantier sont particuli\u00e8rement mobilis\u00e9s du c\u00f4t\u00e9 impair.<\/p>\n<p>Votre r\u00e9gion, votre actu !<\/p>\n<p>Recevez chaque jour les infos qui comptent pour vous.<\/p>\n<p>\t<a href=\"https:\/\/actu.fr\/newsletter\" class=\"ac-btn ac-btn--corner ac-btn--medium ac-btn--blue800\" rel=\"nofollow noopener\" target=\"_blank\">S&rsquo;incrire<\/a><\/p>\n<p>    <img   decoding=\"async\" loading=\"lazy\" src=\"https:\/\/www.europesays.com\/fr\/wp-content\/uploads\/2025\/11\/travaux-etienne-billieres-toulouse-960x626.png\" alt=\"Les diff\u00e9rentes phases d'am\u00e9nagements sur l'avenue Etienne-Billi\u00e8res.\" width=\"960\" height=\"626\"\/><br \/>\n    Les diff\u00e9rentes phases d\u2019am\u00e9nagements sur l\u2019avenue Etienne-Billi\u00e8res. (\u00a9Exedra Midi-Pyr\u00e9n\u00e9es)<\/p>\n<p class=\" wall-content\">En cette mi-novembre, depuis le rond-point de la station de m\u00e9tro \u00ab\u00a0Patte d\u2019oie\u00a0\u00bb, la future piste cyclable se dessine jusqu\u2019au passage qui m\u00e8ne \u00e0 la Cit\u00e9 Roguet. Pour les pi\u00e9tons, c\u2019est ici que les s\u00e9rieuses emb\u00fbches commencent, car jusqu\u2019\u00e0 la place Jean-Diebold (qui m\u00e8ne \u00e0 la station de m\u00e9tro \u00ab\u00a0Saint-Cyprien R\u00e9publique\u00a0\u00bb), il faut, au mieux, emprunter des plateformes pour pousser la porte des commerces ; au pire, marcher dans les gravats.<\/p>\n<p>    <img   decoding=\"async\" loading=\"lazy\" src=\"https:\/\/www.europesays.com\/fr\/wp-content\/uploads\/2025\/11\/travaux-etienne-billieres-toulouse-960x640.jpg\" alt=\"C'est au niveau de ce passage que le petit parcours du combattant commence pour les pi\u00e9tons.\" width=\"960\" height=\"640\"\/><br \/>\n    C\u2019est au niveau de ce passage que le petit parcours du combattant commence pour les pi\u00e9tons. (\u00a9Marie Lamarque \/ Actu Toulouse)<\/p>\n<p class=\" wall-content\">C\u2019est justement le cas devant<strong> le fleuriste Cattleya<\/strong>, install\u00e9 au n\u00b025 de l\u2019avenue. Les clients ne peuvent plus se garer devant la vitrine, comme jadis, pour emporter leur commande ou venir directement d\u00e9corer leur v\u00e9hicule pour des grandes occasions. <strong>Luis Brandao<\/strong>, le g\u00e9rant, a d\u00fb repenser son mode de livraison. \u00ab\u00a0La suppression de places de stationnement, \u00e7a a pour nous <strong>un impact n\u00e9gatif<\/strong>. Je ne suis pas certain, qu\u2019\u00e0 la fin, \u00e7a augmentera la fr\u00e9quentation. La piste cyclable, elle existait d\u00e9j\u00e0. Et ce n\u2019est pas parce que le trottoir sera plus large que l\u2019on aura plus de monde. Apr\u00e8s, je peux me tromper\u00a0\u00bb, lance-t-il.\u00a0<\/p>\n<p>    <img   decoding=\"async\" loading=\"lazy\" src=\"https:\/\/www.europesays.com\/fr\/wp-content\/uploads\/2025\/11\/commerces-toulouse-etienne-billieres-travaux-960x640.jpg\" alt=\"Ce panneau rappelle que les commerces sont toujours ouverts.\" width=\"960\" height=\"640\"\/><br \/>\n    Ce panneau rappelle que les commerces sont toujours ouverts. (\u00a9Marie Lamarque \/ Actu Toulouse)Plus de 3 500 v\u00e9los chaque jour<\/p>\n<p class=\" wall-content\">Cette autre commer\u00e7ante se montre aussi critique quant \u00e0 l\u2019utilit\u00e9 de cette nouvelle piste cyclable. \u00ab\u00a0De l\u2019autre c\u00f4t\u00e9, les cyclistes ne l\u2019utilisent m\u00eame pas\u00a0\u00bb, rel\u00e8ve-t-elle.<\/p>\n<p class=\" wall-content\">Selon des comptages r\u00e9alis\u00e9s par la Ville, <strong>plus de 3 500 deux-roues empruntent l\u2019avenue Etienne-Billi\u00e8res chaque jour<\/strong>. Autant dire que le trafic est non-stop. Et force est de constater que c\u00f4t\u00e9 pair, la flamboyante nouvelle piste ocre rouge semble effectivement passer inaper\u00e7ue aux yeux de certains cyclistes qui pr\u00e9f\u00e8rent rouler sur l\u2019ancienne voie verte, et fr\u00f4ler bus et voitures.<\/p>\n<p>    <img   decoding=\"async\" loading=\"lazy\" src=\"https:\/\/www.europesays.com\/fr\/wp-content\/uploads\/2025\/11\/etienne-billieres-toulouse-travaux-chantier-velo-960x640.jpg\" alt=\"Ce cycliste emprunte l'ancienne voie, plut\u00f4t que la nouvelle, d\u00e9j\u00e0 am\u00e9nag\u00e9e sur un c\u00f4t\u00e9 de l'avenue.\" width=\"960\" height=\"640\"\/><br \/>\n    Ce cycliste emprunte l\u2019ancienne voie, plut\u00f4t que la nouvelle, d\u00e9j\u00e0 am\u00e9nag\u00e9e sur un c\u00f4t\u00e9 de l\u2019avenue. (\u00a9Marie Lamarque \/ Actu Toulouse)<\/p>\n<p class=\" wall-content\">\u00ab\u00a0Je me demande aussi si \u00e7a ne va pas poser des probl\u00e8mes de s\u00e9curit\u00e9 avec les pi\u00e9tons\u00a0\u00bb, s\u2019interroge la commer\u00e7ante. Car, \u00e0 part la couleur, rien ne diff\u00e9rencie la voie r\u00e9serv\u00e9e aux deux-roues de celle des pi\u00e9tons.<\/p>\n<p class=\" wall-content\">Un peu plus loin sur l\u2019avenue, cet autre commer\u00e7ant pr\u00e9f\u00e8re, quant \u00e0 lui, garder le sourire. \u00ab\u00a0Il faut patienter et on verra bien ce que \u00e7a donnera\u00a0\u00bb, se r\u00e9signe-t-il. Tandis que d\u2019autres commencent \u00e0 trouver le temps long.<\/p>\n<p class=\" wall-content\">Personnalisez votre actualit\u00e9 en ajoutant vos villes et m\u00e9dias en favori avec <a href=\"https:\/\/moncompte.actu.fr\" title=\"D\u00e9couvez Mon Actu\" rel=\"nofollow noopener\" data-trk=\"{&quot;cta&quot;:{&quot;action&quot;:&quot;https:\\\/\\\/moncompte.actu.fr&quot;,&quot;category&quot;:&quot;mon compte&quot;,&quot;from&quot;:&quot;article footer&quot;,&quot;name&quot;:&quot;Mon actu&quot;,&quot;type&quot;:&quot;cta&quot;}}\" target=\"_blank\">Mon Actu<\/a>.<\/p>\n","protected":false},"excerpt":{"rendered":"Par Marie Lamarque Publi\u00e9 le 19 nov. 2025 \u00e0 7h12 P\u00e9n\u00e9trante immanquable qui relie les quartiers Patte d\u2019oie&hellip;\n","protected":false},"author":2,"featured_media":544140,"comment_status":"","ping_status":"","sticky":false,"template":"","format":"standard","meta":{"footnotes":""},"categories":[2816],"tags":[1111,11,1777,674,1011,27,12,2680,25,104,2312,2086,208],"class_list":{"0":"post-544139","1":"post","2":"type-post","3":"status-publish","4":"format-standard","5":"has-post-thumbnail","7":"category-toulouse","8":"tag-actu","9":"tag-actualites","10":"tag-eu","11":"tag-europe","12":"tag-fr","13":"tag-france","14":"tag-news","15":"tag-occitanie","16":"tag-republique-francaise","17":"tag-societe","18":"tag-toulouse","19":"tag-travaux","20":"tag-velo"},"share_on_mastodon":{"url":"https:\/\/pubeurope.com\/@fr\/115575026782385149","error":""},"_links":{"self":[{"href":"https:\/\/www.europesays.com\/fr\/wp-json\/wp\/v2\/posts\/544139","targetHints":{"allow":["GET"]}}],"collection":[{"href":"https:\/\/www.europesays.com\/fr\/wp-json\/wp\/v2\/posts"}],"about":[{"href":"https:\/\/www.europesays.com\/fr\/wp-json\/wp\/v2\/types\/post"}],"author":[{"embeddable":true,"href":"https:\/\/www.europesays.com\/fr\/wp-json\/wp\/v2\/users\/2"}],"replies":[{"embeddable":true,"href":"https:\/\/www.europesays.com\/fr\/wp-json\/wp\/v2\/comments?post=544139"}],"version-history":[{"count":0,"href":"https:\/\/www.europesays.com\/fr\/wp-json\/wp\/v2\/posts\/544139\/revisions"}],"wp:featuredmedia":[{"embeddable":true,"href":"https:\/\/www.europesays.com\/fr\/wp-json\/wp\/v2\/media\/544140"}],"wp:attachment":[{"href":"https:\/\/www.europesays.com\/fr\/wp-json\/wp\/v2\/media?parent=544139"}],"wp:term":[{"taxonomy":"category","embeddable":true,"href":"https:\/\/www.europesays.com\/fr\/wp-json\/wp\/v2\/categories?post=544139"},{"taxonomy":"post_tag","embeddable":true,"href":"https:\/\/www.europesays.com\/fr\/wp-json\/wp\/v2\/tags?post=544139"}],"curies":[{"name":"wp","href":"https:\/\/api.w.org\/{rel}","templated":true}]}}