{"id":544141,"date":"2025-11-19T06:48:16","date_gmt":"2025-11-19T06:48:16","guid":{"rendered":"https:\/\/www.europesays.com\/fr\/544141\/"},"modified":"2025-11-19T06:48:16","modified_gmt":"2025-11-19T06:48:16","slug":"40-pompiers-mobilises-pour-un-violent-feu-dappartement-a-toulouse-deux-chiens-retrouves-morts","status":"publish","type":"post","link":"https:\/\/www.europesays.com\/fr\/544141\/","title":{"rendered":"40 pompiers mobilis\u00e9s pour un violent feu d&rsquo;appartement \u00e0 Toulouse : deux chiens retrouv\u00e9s morts"},"content":{"rendered":"<p>                    Par<br \/>\n        <strong><br \/>\n            <a href=\"https:\/\/actu.fr\/auteur\/mareva-laville-actu-fr\" title=\"Consulter tous les articles de Mar\u00e9va Laville\" rel=\"nofollow noopener\" target=\"_blank\">Mar\u00e9va Laville<\/a><br \/>\n                    <\/strong><\/p>\n<p>        Publi\u00e9 le<\/p>\n<p>            19 nov. 2025 \u00e0 7h41        <\/p>\n<p><strong>Un violent feu<\/strong> s\u2019est d\u00e9clar\u00e9 dans la soir\u00e9e de mardi 18\u00a0novembre 2025 \u00e0 <a href=\"http:\/\/www.actu.fr\/toulouse\" rel=\"nofollow noopener\" target=\"_blank\">Toulouse<\/a>, ont alert\u00e9 <strong>les sapeurs-pompiers de Haute-Garonne.<\/strong> Quartier Compans-Caffarelli, les soldats du feu sont intervenus en nombre vers 22h30, dans la rue Francisque Sarcey, <a href=\"https:\/\/actu.fr\/occitanie\/toulouse_31555\/en-images-au-centre-ville-de-toulouse-la-metamorphose-de-ce-bout-de-quartier-qui-longe-le-canal-de-brienne_62350956.html\" rel=\"nofollow noopener\" target=\"_blank\">pr\u00e8s du canal de Brienne<\/a>\u2009: <strong>40 pompiers<\/strong> des casernes de Lougnon, Delrieu, Atlanta et Rouffiac.<\/p>\n<p>    <a href=\"https:\/\/www.google.com\/maps\/embed?pb=!1m18!1m12!1m3!1d8549.918274938427!2d1.4187551018576725!3d43.60597154169071!2m3!1f0!2f0!3f0!3m2!1i1024!2i768!4f13.1!3m3!1m2!1s0x12aebb685c70a54d%3A0xae194eece57cb2ce!2s8%20Rue%20Francisque%20Sarcey%2C%2031000%20Toulouse!5e1!3m2!1sfr!2sfr!4v1763534243732!5m2!1sfr!2sfr\" title=\"Ouvrie le lien\" rel=\"nofollow noopener\" target=\"_blank\">Cliquez ici pour visualiser le contenu<\/a><\/p>\n<p>Un feu sur un immeuble mitoyen<\/p>\n<p class=\" wall-content\">Les flammes \u00e9taient localis\u00e9es dans un appartement <strong>situ\u00e9 au premier \u00e9tage<\/strong> d\u2019un petit immeuble <strong>mitoyen<\/strong> des deux c\u00f4t\u00e9s. \u00ab\u2009L\u2019action rapide des sapeurs-pompiers a permis de stopper la propagation aux b\u00e2timents adjacents, directement menac\u00e9s par le sinistre\u2009\u00bb, pr\u00e9cise le SDIS 31.<\/p>\n<p class=\" wall-content\"><strong>Trois lances<\/strong> auront \u00e9t\u00e9 n\u00e9cessaires pour \u00e9teindre l\u2019incendie, dont son d\u00e9part reste inconnu.<\/p>\n<p>Deux animaux de compagnie sans vie<\/p>\n<p class=\" wall-content\">Si les d\u00e9g\u00e2ts n\u2019ont pas pris d\u2019ampleur, des victimes sont \u00e0 d\u00e9plorer. \u00ab<strong>\u2009Deux chiens ont malheureusement \u00e9t\u00e9 retrouv\u00e9s d\u00e9c\u00e9d\u00e9s<\/strong>\u2009\u00bb, indiquent les pompiers.<\/p>\n<p class=\" wall-content\">Sur les lieux, une personne \u00e9tait \u00ab\u2009l\u00e9g\u00e8rement bless\u00e9e\u2009\u00bb, transport\u00e9e par une ambulance sapeurs-pompiers \u00e0 l\u2019h\u00f4pital pour un contr\u00f4le.<\/p>\n<p>Vid\u00e9os : en ce moment sur Actu<\/p>\n<p class=\" wall-content\">Personnalisez votre actualit\u00e9 en ajoutant vos villes et m\u00e9dias en favori avec <a href=\"https:\/\/moncompte.actu.fr\" title=\"D\u00e9couvez Mon Actu\" rel=\"nofollow noopener\" data-trk=\"{&quot;cta&quot;:{&quot;action&quot;:&quot;https:\\\/\\\/moncompte.actu.fr&quot;,&quot;category&quot;:&quot;mon compte&quot;,&quot;from&quot;:&quot;article footer&quot;,&quot;name&quot;:&quot;Mon actu&quot;,&quot;type&quot;:&quot;cta&quot;}}\" target=\"_blank\">Mon Actu<\/a>.<\/p>\n","protected":false},"excerpt":{"rendered":"Par Mar\u00e9va Laville Publi\u00e9 le 19 nov. 2025 \u00e0 7h41 Un violent feu s\u2019est d\u00e9clar\u00e9 dans la soir\u00e9e&hellip;\n","protected":false},"author":2,"featured_media":544142,"comment_status":"","ping_status":"","sticky":false,"template":"","format":"standard","meta":{"footnotes":""},"categories":[2816],"tags":[1111,11,1777,674,118,1011,27,1310,12,2680,1311,25,2312],"class_list":{"0":"post-544141","1":"post","2":"type-post","3":"status-publish","4":"format-standard","5":"has-post-thumbnail","7":"category-toulouse","8":"tag-actu","9":"tag-actualites","10":"tag-eu","11":"tag-europe","12":"tag-faits-divers","13":"tag-fr","14":"tag-france","15":"tag-incendie","16":"tag-news","17":"tag-occitanie","18":"tag-pompiers","19":"tag-republique-francaise","20":"tag-toulouse"},"share_on_mastodon":{"url":"","error":""},"_links":{"self":[{"href":"https:\/\/www.europesays.com\/fr\/wp-json\/wp\/v2\/posts\/544141","targetHints":{"allow":["GET"]}}],"collection":[{"href":"https:\/\/www.europesays.com\/fr\/wp-json\/wp\/v2\/posts"}],"about":[{"href":"https:\/\/www.europesays.com\/fr\/wp-json\/wp\/v2\/types\/post"}],"author":[{"embeddable":true,"href":"https:\/\/www.europesays.com\/fr\/wp-json\/wp\/v2\/users\/2"}],"replies":[{"embeddable":true,"href":"https:\/\/www.europesays.com\/fr\/wp-json\/wp\/v2\/comments?post=544141"}],"version-history":[{"count":0,"href":"https:\/\/www.europesays.com\/fr\/wp-json\/wp\/v2\/posts\/544141\/revisions"}],"wp:featuredmedia":[{"embeddable":true,"href":"https:\/\/www.europesays.com\/fr\/wp-json\/wp\/v2\/media\/544142"}],"wp:attachment":[{"href":"https:\/\/www.europesays.com\/fr\/wp-json\/wp\/v2\/media?parent=544141"}],"wp:term":[{"taxonomy":"category","embeddable":true,"href":"https:\/\/www.europesays.com\/fr\/wp-json\/wp\/v2\/categories?post=544141"},{"taxonomy":"post_tag","embeddable":true,"href":"https:\/\/www.europesays.com\/fr\/wp-json\/wp\/v2\/tags?post=544141"}],"curies":[{"name":"wp","href":"https:\/\/api.w.org\/{rel}","templated":true}]}}