{"id":54415,"date":"2025-04-26T12:50:10","date_gmt":"2025-04-26T12:50:10","guid":{"rendered":"https:\/\/www.europesays.com\/fr\/54415\/"},"modified":"2025-04-26T12:50:10","modified_gmt":"2025-04-26T12:50:10","slug":"zelensky-salue-une-reunion-symbolique-et-potentiellement-historique-avec-donald-trump","status":"publish","type":"post","link":"https:\/\/www.europesays.com\/fr\/54415\/","title":{"rendered":"Zelensky salue une r\u00e9union \u00ab\u00a0symbolique\u00a0\u00bb et potentiellement \u00ab\u00a0historique\u00a0\u00bb avec Donald Trump"},"content":{"rendered":"<p class=\"article-p mdl\">Une rencontre potentiellement \u00ab\u00a0historique\u00a0\u00bb. En marge des fun\u00e9railles du pape Fran\u00e7ois,<\/p>\n<p>ce samedi 26 avril \u00e0 Rome, plusieurs discussions ont eu lieu entre les diff\u00e9rents chefs d&rsquo;\u00c9tat pr\u00e9sents pour l&rsquo;occasion. Donald Trump et Volodymyr Zelensky ont d&rsquo;abord eu une r\u00e9union \u00ab\u00a0tr\u00e8s productive\u00a0\u00bb, a indiqu\u00e9 la Maison-Blanche, avant d&rsquo;\u00eatre rejoints par<strong> Keir Starmer et Emmanuel Macron.\u00a0<\/strong><\/p>\n<p class=\"article-p mdl\">Les deux hommes se retrouvaient pour la premi\u00e8re fois depuis l&rsquo;incident diplomatique de la Maison Blanche. \u00c0 l&rsquo;issue de cette discussion, le pr\u00e9sident ukrainien Volodymyr Zelensky a dit esp\u00e9rer \u00ab\u00a0des r\u00e9sultats\u00a0\u00bb apr\u00e8s une rencontre qu&rsquo;il qualifie de \u00ab\u00a0symbolique\u00a0\u00bb avec son homologue am\u00e9ricain.<\/p>\n<p class=\"article-p mdl\">\u00ab\u00a0Bonne r\u00e9union. <strong>Nous avons beaucoup discut\u00e9 en t\u00eate-\u00e0-t\u00eate<\/strong>. J&rsquo;esp\u00e8re que nous obtiendrons des r\u00e9sultats sur tous les points abord\u00e9s\u00a0\u00bb, a-t-il indiqu\u00e9 sur les r\u00e9seaux sociaux, disant vouloir une nouvelle fois \u00ab\u00a0un cessez-le-feu total et inconditionnel\u00a0\u00bb. \u00ab\u00a0<strong>Une r\u00e9union tr\u00e8s symbolique qui pourrait devenir historique si nous parvenons \u00e0 des r\u00e9sultats communs<\/strong>\u00ab\u00a0, a ajout\u00e9 M. Zelensky.<\/p>\n<blockquote class=\"twitter-tweet\">\n<p lang=\"en\" dir=\"ltr\">Good meeting. We discussed a lot one on one. Hoping for results on everything we covered. Protecting lives of our people. Full and unconditional ceasefire. Reliable and lasting peace that will prevent another war from breaking out. Very symbolic meeting that has potential to\u2026 <a href=\"https:\/\/t.co\/q4ZhVXCjw0\">pic.twitter.com\/q4ZhVXCjw0<\/a><\/p>\n<p>\u2014 Volodymyr Zelenskyy \/ \u0412\u043e\u043b\u043e\u0434\u0438\u043c\u0438\u0440 \u0417\u0435\u043b\u0435\u043d\u0441\u044c\u043a\u0438\u0439 (@ZelenskyyUa) <a href=\"https:\/\/twitter.com\/ZelenskyyUa\/status\/1916089502088524203?ref_src=twsrc%5Etfw\" target=\"_blank\" rel=\"noopener\">April 26, 2025<\/a><\/p><\/blockquote>\n<p class=\"article-p mdl\">Cette rencontre \u00e9tait la premi\u00e8re depuis\u00a0<a class=\"link\" href=\"https:\/\/www.rtl.fr\/actu\/international\/altercation-trump-zelensky-ce-qu-il-faut-retenir-de-la-rencontre-entre-les-deux-chefs-d-etat-7900478021\" target=\"_blank\" rel=\"noopener\">l&rsquo;\u00e9change houleux \u00e0 Washington<\/a>, le 28 f\u00e9vrier dernier, quand Donald Trump et son vice-pr\u00e9sident JD Vance avaient tanc\u00e9 le pr\u00e9sident ukrainien. Si Donald Trump a rapidement quitt\u00e9 Rome apr\u00e8s les fun\u00e9railles du pape, le pr\u00e9sident ukrainien a, lui, poursuivi ses discussions avec, notamment, Emmanuel Macron et<strong> Ursula von der Leyen.\u00a0<\/strong><\/p>\n<p class=\"article-p mdl\">La veille des fun\u00e9railles, le pr\u00e9sident am\u00e9ricain Donald Trump avait \u00e9voqu\u00e9 le conflit entre la Russie et l&rsquo;Ukraine, sur Truth Social, en indiquant que les deux pays \u00e9taient \u00ab\u00a0tr\u00e8s proches d&rsquo;un accord\u00a0\u00bb. \u00ab\u00a0<strong>La Russie gardera la Crim\u00e9e.\u00a0Et Zelensky comprend \u00e7a<\/strong>\u00ab\u00a0,\u00a0avait \u00e9galement affirm\u00e9 Donald Trump dans un entretien accord\u00e9 au magazine\u00a0<a class=\"link\" href=\"https:\/\/time.com\/7280106\/trump-interview-100-days-2025\/\" target=\"_blank\" rel=\"noopener\">Time,<\/a>\u00a0d\u00e9voil\u00e9\u00a0vendredi 25 avril. \u00ab\u00a0Tous les territoires temporairement occup\u00e9s appartiennent \u00e0 l&rsquo;Ukraine\u00a0\u00bb, avait alors r\u00e9pondu le pr\u00e9sident ukrainien Volodymyr Zelensky.<\/p>\n<blockquote class=\"twitter-tweet\">\n<p lang=\"fr\" dir=\"ltr\">\ud83d\udcfb \ud83d\udd34 Keir Starmer, Emmanuel Macron, Donald Trump et Volodymyr Zelensky ont discut\u00e9 en marge des fun\u00e9railles du pape.<\/p>\n<p>L&rsquo;analyse de ce qui se joue aujourd&rsquo;hui au Vatican par <a href=\"https:\/\/twitter.com\/benetassart?ref_src=twsrc%5Etfw\" target=\"_blank\" rel=\"noopener\">@benetassart<\/a> sur RTL. <a href=\"https:\/\/t.co\/7GbOrza6sa\">pic.twitter.com\/7GbOrza6sa<\/a><\/p>\n<p>\u2014 RTL France (@RTLFrance) <a href=\"https:\/\/twitter.com\/RTLFrance\/status\/1916072113506508939?ref_src=twsrc%5Etfw\" target=\"_blank\" rel=\"noopener\">April 26, 2025<\/a><\/p><\/blockquote>\n<p class=\"article-p mdl\">Parall\u00e8lement \u00e0 cette rencontre, l&rsquo;\u00e9missaire am\u00e9ricain <strong>Steve Witkoff, interlocuteur am\u00e9ricain privil\u00e9gi\u00e9 du Kremlin, a vu Vladimir Poutine<\/strong> vendredi, pour la quatri\u00e8me fois depuis la relance des relations entre les deux puissances \u00e0 l&rsquo;initiative du pr\u00e9sident am\u00e9ricain. Plusieurs officiels russes ont affirm\u00e9 que le dialogue russo-am\u00e9ricain progresse de mani\u00e8re positive.<\/p>\n<p>    La r\u00e9daction vous recommande<\/p>\n<p class=\"s-newsletter__title\">\n                L\u2019actualit\u00e9 par la r\u00e9daction de RTL dans votre bo\u00eete mail.\n            <\/p>\n<p class=\"s-newsletter__subtitle\">\n                Gr\u00e2ce \u00e0 votre compte RTL abonnez-vous \u00e0 la newsletter RTL info pour suivre toute l&rsquo;actualit\u00e9 au quotidien\n            <\/p>\n<p>\n                                    Lire la suite\n                                <\/p>\n<p>                            <script async src=\"https:\/\/platform.twitter.com\/widgets.js\" charset=\"utf-8\"><\/script><\/p>\n","protected":false},"excerpt":{"rendered":"Une rencontre potentiellement \u00ab\u00a0historique\u00a0\u00bb. En marge des fun\u00e9railles du pape Fran\u00e7ois, ce samedi 26 avril \u00e0 Rome, plusieurs&hellip;\n","protected":false},"author":2,"featured_media":54416,"comment_status":"","ping_status":"","sticky":false,"template":"","format":"standard","meta":{"footnotes":""},"categories":[5],"tags":[11,75,1011,27,131,14,12,2403,4692,134,28],"class_list":{"0":"post-54415","1":"post","2":"type-post","3":"status-publish","4":"format-standard","5":"has-post-thumbnail","7":"category-international","8":"tag-actualites","9":"tag-donald-trump","10":"tag-fr","11":"tag-france","12":"tag-guerre-en-ukraine","13":"tag-international","14":"tag-news","15":"tag-paix","16":"tag-pape-francois","17":"tag-volodymyr-zelensky","18":"tag-world"},"share_on_mastodon":{"url":"https:\/\/pubeurope.com\/@fr\/114404355178960703","error":""},"_links":{"self":[{"href":"https:\/\/www.europesays.com\/fr\/wp-json\/wp\/v2\/posts\/54415","targetHints":{"allow":["GET"]}}],"collection":[{"href":"https:\/\/www.europesays.com\/fr\/wp-json\/wp\/v2\/posts"}],"about":[{"href":"https:\/\/www.europesays.com\/fr\/wp-json\/wp\/v2\/types\/post"}],"author":[{"embeddable":true,"href":"https:\/\/www.europesays.com\/fr\/wp-json\/wp\/v2\/users\/2"}],"replies":[{"embeddable":true,"href":"https:\/\/www.europesays.com\/fr\/wp-json\/wp\/v2\/comments?post=54415"}],"version-history":[{"count":0,"href":"https:\/\/www.europesays.com\/fr\/wp-json\/wp\/v2\/posts\/54415\/revisions"}],"wp:featuredmedia":[{"embeddable":true,"href":"https:\/\/www.europesays.com\/fr\/wp-json\/wp\/v2\/media\/54416"}],"wp:attachment":[{"href":"https:\/\/www.europesays.com\/fr\/wp-json\/wp\/v2\/media?parent=54415"}],"wp:term":[{"taxonomy":"category","embeddable":true,"href":"https:\/\/www.europesays.com\/fr\/wp-json\/wp\/v2\/categories?post=54415"},{"taxonomy":"post_tag","embeddable":true,"href":"https:\/\/www.europesays.com\/fr\/wp-json\/wp\/v2\/tags?post=54415"}],"curies":[{"name":"wp","href":"https:\/\/api.w.org\/{rel}","templated":true}]}}