{"id":544151,"date":"2025-11-19T06:54:32","date_gmt":"2025-11-19T06:54:32","guid":{"rendered":"https:\/\/www.europesays.com\/fr\/544151\/"},"modified":"2025-11-19T06:54:32","modified_gmt":"2025-11-19T06:54:32","slug":"froid-a-lyon-les-premieres-couches-de-givre-sont-arrivees","status":"publish","type":"post","link":"https:\/\/www.europesays.com\/fr\/544151\/","title":{"rendered":"Froid \u00e0 Lyon : les premi\u00e8res couches de givre sont arriv\u00e9es !"},"content":{"rendered":"<p>Pour la premi\u00e8re fois cet automne, les temp\u00e9ratures sont descendues en dessous de z\u00e9ro dans la nuit du mardi 17 au mercredi 18 novembre \u00e0 Lyon et aux alentours.<\/p>\n<p>On l&rsquo;attendait, il n&rsquo;a pas manqu\u00e9 le rendez-vous : le froid s&rsquo;est invit\u00e9 pour la premi\u00e8re fois cet automne \u00e0 <b>Lyon<\/b> et dans l&rsquo;agglom\u00e9ration.\u00a0<\/p>\n<p>Dans la nuit de mardi \u00e0 mercredi,<b> les temp\u00e9ratures ont \u00e9t\u00e9 n\u00e9gatives.<\/b><\/p>\n<p>Rien d&rsquo;anormal \u00e0 cette p\u00e9riode de l&rsquo;ann\u00e9e<\/p>\n<p>Cons\u00e9quence : <b>du givre s&rsquo;est form\u00e9 sur le pare-brise des voitures<\/b> stationn\u00e9es \u00e0 l&rsquo;ext\u00e9rieur.\u00a0<\/p>\n<p>Rien de plus normal \u00e0 cette p\u00e9riode de l&rsquo;ann\u00e9e, mais cette chute des temp\u00e9ratures symbolise tout de m\u00eame que <b>le changement de saison est act\u00e9.\u00a0<\/b><\/p>\n<p>Sur les routes, le froid n&rsquo;entra\u00eene pas de difficult\u00e9s de circulation particuli\u00e8res, <a class=\"url\" href=\"https:\/\/www.inforoute69.fr\/\" target=\"_blank\" rel=\"nofollow noopener\">selon le site Inforoute69<\/a>.\u00a0<\/p>\n<p><img loading=\"lazy\" decoding=\"async\" src=\"https:\/\/www.europesays.com\/fr\/wp-content\/uploads\/2025\/11\/1763535272_297_img\" width=\"350\" height=\"200\" border=\"0\" title=\"Lyon sous la neige\"\/><\/p>\n<p>\u25baM\u00e9t\u00e9o<\/p>\n<p style=\"font-size: 22px;\"><b>M\u00e9t\u00e9o glaciale \u00e0 Lyon : de la neige attendue en fin de semaine ?<\/b><\/p>\n<p>Apr\u00e8s une douceur inhabituelle pour un mois de&#8230;<\/p>\n<p><\/p>\n","protected":false},"excerpt":{"rendered":"Pour la premi\u00e8re fois cet automne, les temp\u00e9ratures sont descendues en dessous de z\u00e9ro dans la nuit du&hellip;\n","protected":false},"author":2,"featured_media":544152,"comment_status":"","ping_status":"","sticky":false,"template":"","format":"standard","meta":{"footnotes":""},"categories":[1889],"tags":[1111,11,2430,1777,674,1011,27,3447,66285,2428,24017,10584,12,25],"class_list":{"0":"post-544151","1":"post","2":"type-post","3":"status-publish","4":"format-standard","5":"has-post-thumbnail","7":"category-lyon","8":"tag-actu","9":"tag-actualites","10":"tag-auvergne-rhone-alpes","11":"tag-eu","12":"tag-europe","13":"tag-fr","14":"tag-france","15":"tag-froid","16":"tag-givre","17":"tag-lyon","18":"tag-mto","19":"tag-neige","20":"tag-news","21":"tag-republique-francaise"},"share_on_mastodon":{"url":"https:\/\/pubeurope.com\/@fr\/115575053651784938","error":""},"_links":{"self":[{"href":"https:\/\/www.europesays.com\/fr\/wp-json\/wp\/v2\/posts\/544151","targetHints":{"allow":["GET"]}}],"collection":[{"href":"https:\/\/www.europesays.com\/fr\/wp-json\/wp\/v2\/posts"}],"about":[{"href":"https:\/\/www.europesays.com\/fr\/wp-json\/wp\/v2\/types\/post"}],"author":[{"embeddable":true,"href":"https:\/\/www.europesays.com\/fr\/wp-json\/wp\/v2\/users\/2"}],"replies":[{"embeddable":true,"href":"https:\/\/www.europesays.com\/fr\/wp-json\/wp\/v2\/comments?post=544151"}],"version-history":[{"count":0,"href":"https:\/\/www.europesays.com\/fr\/wp-json\/wp\/v2\/posts\/544151\/revisions"}],"wp:featuredmedia":[{"embeddable":true,"href":"https:\/\/www.europesays.com\/fr\/wp-json\/wp\/v2\/media\/544152"}],"wp:attachment":[{"href":"https:\/\/www.europesays.com\/fr\/wp-json\/wp\/v2\/media?parent=544151"}],"wp:term":[{"taxonomy":"category","embeddable":true,"href":"https:\/\/www.europesays.com\/fr\/wp-json\/wp\/v2\/categories?post=544151"},{"taxonomy":"post_tag","embeddable":true,"href":"https:\/\/www.europesays.com\/fr\/wp-json\/wp\/v2\/tags?post=544151"}],"curies":[{"name":"wp","href":"https:\/\/api.w.org\/{rel}","templated":true}]}}