{"id":544157,"date":"2025-11-19T06:58:32","date_gmt":"2025-11-19T06:58:32","guid":{"rendered":"https:\/\/www.europesays.com\/fr\/544157\/"},"modified":"2025-11-19T06:58:32","modified_gmt":"2025-11-19T06:58:32","slug":"paris-senfonce-sous-les-8000-pts-inquietudes-croissantes-autour-de-lia-et-des-valorisations-18-11-2025-a-1755","status":"publish","type":"post","link":"https:\/\/www.europesays.com\/fr\/544157\/","title":{"rendered":"Paris: s&rsquo;enfonce sous les 8000 pts, inqui\u00e9tudes croissantes autour de l&rsquo;IA et des valorisations &#8211; 18\/11\/2025 \u00e0 17:55"},"content":{"rendered":"<p>                                                                La Bourse de Paris conclut la s\u00e9ance sur un repli marqu\u00e9 de 1,86% \u00e0 7967 points, plomb\u00e9e par le secteur auto (-4,4% pour Stellantis, -3,8% pour Renault) ou encore par Pernod Ricard (-3,6%).<\/p>\n<p>Trente-neuf des quarante valeurs du CAC sont en rouge, seul Euronext se maintient hors de l&rsquo;eau, \u00e0 +1,3%.\n<\/p>\n<p>Le d\u00e9crochage des cours ne se limite pas \u00e0 Paris : l&rsquo;Euro Stoxx 50 l\u00e2che 1,9%, Londres recule de 1,4%, le DAX c\u00e8de 1,8%.Outre-Atlantique, le S&amp;P500 l\u00e2che 0,6%, et devance le Dow Jones (-0,9%) et le Nasdaq (-1%).\n<\/p>\n<p>La flamb\u00e9e de +8,5% du &lsquo;VIX&rsquo;, qui franchit les 24, valide d&rsquo;ailleurs un mauvais sc\u00e9nario technique o\u00f9 la volatilit\u00e9 pourrait s&rsquo;enflammer \u00e0 tout moment en direction des 30 points, signe de stress maximum.\n<\/p>\n<p>La nervosit\u00e9 s&rsquo;accentue sur les march\u00e9s la veille de la publication tr\u00e8s attendue des r\u00e9sultats trimestriels de Nvidia, qui donneront sans doute aux march\u00e9s la direction \u00e0 suivre pour les s\u00e9ances et les semaines \u00e0 venir.\n<\/p>\n<p>Sachant que les indices new-yorkais sont d\u00e9sormais jug\u00e9s richement valoris\u00e9s, il va falloir que le g\u00e9ant de l&rsquo;intelligence artificielle (IA) continue de surprendre tant au niveau de ses ventes que de ses perspectives, afin de soutenir les gains spectaculaires accumul\u00e9s depuis le mois d&rsquo;avril.\n<\/p>\n<p>L&rsquo;optimisme qui accompagnait le d\u00e9veloppement de l&rsquo;IA s&rsquo;est fragilis\u00e9 r\u00e9cemment, et le terme de &lsquo;bulle&rsquo;, m\u00eame s&rsquo;il est souvent accompagn\u00e9 d&rsquo;un point d&rsquo;interrogation, fait de plus en plus souvent la une de la presse financi\u00e8re, avec comme comparaison naturelle la bulle de l&rsquo;Internet qui avait fini par exploser au d\u00e9but des ann\u00e9es 2000.\n<\/p>\n<p>Dans une r\u00e9cente note, Enguerrand Artaz, le strat\u00e9giste de La Financi\u00e8re de l&rsquo;\u00c9chiquier (LFDE), d\u00e9crit cependant une r\u00e9alit\u00e9 &lsquo;plus nuanc\u00e9e&rsquo;.<br \/>\n<br \/>&lsquo;Les valorisations du secteur technologique, bien qu&rsquo;\u00e9lev\u00e9es, ne pr\u00e9sentent pas autant de cas d&rsquo;exub\u00e9rance que lors de la bulle Internet ou de la bulle japonaise de 1990&rsquo;, souligne l&rsquo;analyste.\n<\/p>\n<p>&lsquo;\u00c0 titre de comparaison, Microsoft traite aujourd&rsquo;hui \u00e0 30 fois les b\u00e9n\u00e9fices attendus \u00e0 un an, alors que ce ratio d\u00e9passait les 60 en 1999&rsquo;, rappelle-t-il.<br \/>\n<br \/>Les comptes de Nvidia ne serviront pas seulement \u00e0 d\u00e9terminer si les valorisations des g\u00e9ants technologiques sont actuellement justifi\u00e9es, mais aussi \u00e0 se faire une opinion sur la sant\u00e9 \u00e9conomique des \u00c9tats-Unis, qui d\u00e9pendent de plus en plus de l&rsquo;IA.\n<\/p>\n<p>\u00c0 ce titre, la reprise de la parution des indicateurs \u00e9conomiques au cours des jours qui viennent constituera un autre vrai test sur les march\u00e9s, afin d&rsquo;\u00e9valuer la vigueur de la croissance en cette fin d&rsquo;ann\u00e9e.\n<\/p>\n<p>Sur ce front, les investisseurs scruteront avec attention ce mercredi le rapport sur l&#8217;emploi pour le mois de septembre, qui aurait d\u00fb \u00eatre rendu public le 3 octobre dernier.\n<\/p>\n<p>Une attention toute particuli\u00e8re sera par ailleurs r\u00e9serv\u00e9e aux &lsquo;minutes&rsquo; de la Fed, qui para\u00eetront demain soir, alors que les hauts responsables de la banque centrale ont r\u00e9cemment cherch\u00e9 \u00e0 temp\u00e9rer les attentes d&rsquo;une nouvelle baisse de taux en d\u00e9cembre.\n<\/p>\n<p>En attendant, apr\u00e8s deux mois cons\u00e9cutifs de repli, les commandes \u00e0 l&rsquo;industrie ont rebondi de 1,4% en ao\u00fbt aux \u00c9tats-Unis, conform\u00e9ment aux attentes, port\u00e9es essentiellement par le dynamisme du secteur des transports, annonce mardi le D\u00e9partement du Commerce.\n<\/p>\n<p>Ce redressement fait suite \u00e0 un repli de 1,3% de la statistique au mois de juillet, qui avait suivi une chute de 4,8% en juin.<br \/>\n<br \/>Le &lsquo;risk-off&rsquo; redonne de la vigueur aux bons du Tr\u00e9sor qui voient leur rendement se tasser : -2,4 points sur le &rsquo;10 ans&rsquo; US \u00e0 4,117%, -4 points sur le &lsquo;2 ans&rsquo; \u00e0 3,57%.<br \/>\n<br \/>En Europe, le Bund efface -0,5 point \u00e0 2,708%, nos OAT affichent +0,8 point \u00e0 3,463%, les BTP italiens se tendent de +1,5 point \u00e0 3,466%.<br \/>\n<br \/>\u00c0 Londres, le Brent avance de 0,1%, vers 64,1 USD le baril, l&rsquo;euro \u00e9volue autour des 1,1575 USD.\n<\/p>\n<p>Dans l&rsquo;actualit\u00e9 des soci\u00e9t\u00e9s tricolores, Airbus fait part de plusieurs commandes : Etihad Airways compte acheter six A330-900, flydubai a sign\u00e9 un protocole d&rsquo;accord (MoU) pour 150 avions A321neo, tandis que Airbus Helicopters annonce la signature d&rsquo;un contrat avec le Royaume du Maroc portant sur dix H225M.\n<\/p>\n<p>Par ailleurs, en marge de la pr\u00e9sentation de son nouveau plan \u00e0 moyen terme ACT 2028, Cr\u00e9dit Agricole SA affirme viser un r\u00e9sultat net part du groupe sup\u00e9rieur \u00e0 8,5 milliards d&rsquo;euros en 2028, ainsi qu&rsquo;un retour sur fonds propres tangibles (ROTE) sup\u00e9rieur \u00e0 14%.\n<\/p>\n<p>\u00c0 l&rsquo;occasion de sa feuille de route strat\u00e9gique 2025-28, Amundi indique viser un BPA sup\u00e9rieur \u00e0 7 euros en 2028, 300 MdsEUR de collecte via ses piliers de croissance strat\u00e9giques au cours du plan, et un coefficient d&rsquo;exploitation inf\u00e9rieur \u00e0 56% \u00e0 l&rsquo;issue du plan.\n<\/p>\n<p>Soci\u00e9t\u00e9 G\u00e9n\u00e9rale annonce avoir r\u00e9alis\u00e9 sa premi\u00e8re \u00e9mission obligataire num\u00e9rique aux \u00c9tats-Unis sur la blockchain Canton Network, en s&rsquo;appuyant sur les solutions de tokenisation de Broadridge Financial Solutions.\n<\/p>\n<p>Safran.AI annonce un accord de collaboration avec le Technology Innovation Institute (TII), centre de recherche scientifique avanc\u00e9e bas\u00e9 aux \u00c9mirats arabes unis, afin de d\u00e9velopper une plateforme de renseignement g\u00e9ospatial fond\u00e9e sur &lsquo;l&rsquo;Agentic AI&rsquo;.\n<\/p>\n<p>Enfin, Eutelsat signe la plus forte progression du SBF 120 (+3,3%) apr\u00e8s l&rsquo;annonce d&rsquo;une lev\u00e9e de fonds totale de 1,5 MdEUR pour renforcer sa structure financi\u00e8re.<\/p>\n","protected":false},"excerpt":{"rendered":"La Bourse de Paris conclut la s\u00e9ance sur un repli marqu\u00e9 de 1,86% \u00e0 7967 points, plomb\u00e9e par&hellip;\n","protected":false},"author":2,"featured_media":15273,"comment_status":"","ping_status":"","sticky":false,"template":"","format":"standard","meta":{"footnotes":""},"categories":[1888],"tags":[400,1111,1928,11,1927,398,408,405,1777,674,1011,27,403,402,399,404,12,1926,626,1925,25,401,406,407],"class_list":{"0":"post-544157","1":"post","2":"type-post","3":"status-publish","4":"format-standard","5":"has-post-thumbnail","7":"category-paris","8":"tag-action-cac-40","9":"tag-actu","10":"tag-actu-paris","11":"tag-actualites","12":"tag-actualites-paris","13":"tag-bourse-de-paris","14":"tag-boursorama","15":"tag-cotations","16":"tag-eu","17":"tag-europe","18":"tag-fr","19":"tag-france","20":"tag-indices-devises","21":"tag-investir","22":"tag-investissement","23":"tag-marche-boursier","24":"tag-news","25":"tag-news-paris","26":"tag-paris","27":"tag-paris-news","28":"tag-republique-francaise","29":"tag-sicav","30":"tag-trackers","31":"tag-warrants"},"share_on_mastodon":{"url":"https:\/\/pubeurope.com\/@fr\/115575069426658692","error":""},"_links":{"self":[{"href":"https:\/\/www.europesays.com\/fr\/wp-json\/wp\/v2\/posts\/544157","targetHints":{"allow":["GET"]}}],"collection":[{"href":"https:\/\/www.europesays.com\/fr\/wp-json\/wp\/v2\/posts"}],"about":[{"href":"https:\/\/www.europesays.com\/fr\/wp-json\/wp\/v2\/types\/post"}],"author":[{"embeddable":true,"href":"https:\/\/www.europesays.com\/fr\/wp-json\/wp\/v2\/users\/2"}],"replies":[{"embeddable":true,"href":"https:\/\/www.europesays.com\/fr\/wp-json\/wp\/v2\/comments?post=544157"}],"version-history":[{"count":0,"href":"https:\/\/www.europesays.com\/fr\/wp-json\/wp\/v2\/posts\/544157\/revisions"}],"wp:featuredmedia":[{"embeddable":true,"href":"https:\/\/www.europesays.com\/fr\/wp-json\/wp\/v2\/media\/15273"}],"wp:attachment":[{"href":"https:\/\/www.europesays.com\/fr\/wp-json\/wp\/v2\/media?parent=544157"}],"wp:term":[{"taxonomy":"category","embeddable":true,"href":"https:\/\/www.europesays.com\/fr\/wp-json\/wp\/v2\/categories?post=544157"},{"taxonomy":"post_tag","embeddable":true,"href":"https:\/\/www.europesays.com\/fr\/wp-json\/wp\/v2\/tags?post=544157"}],"curies":[{"name":"wp","href":"https:\/\/api.w.org\/{rel}","templated":true}]}}