{"id":544158,"date":"2025-11-19T06:59:24","date_gmt":"2025-11-19T06:59:24","guid":{"rendered":"https:\/\/www.europesays.com\/fr\/544158\/"},"modified":"2025-11-19T06:59:24","modified_gmt":"2025-11-19T06:59:24","slug":"logements-sociaux-sur-la-luxueuse-place-des-vosges-a-paris-le-projet-est-adopte-malgre-les","status":"publish","type":"post","link":"https:\/\/www.europesays.com\/fr\/544158\/","title":{"rendered":"Logements sociaux sur la luxueuse place des Vosges \u00e0 Paris\u00a0: le projet est adopt\u00e9\u00a0malgr\u00e9 les"},"content":{"rendered":"<p>Le projet d\u2019instaurer des <a href=\"https:\/\/poitiers.maville.com\/actu\/actudet_-elle-herite-d-une-maison-et-redoute-l-expulsion-de-son-logement-social-je-me-voyais-a-la-rue-_53150-6876062_actu.Htm\" target=\"_self\" rel=\"noopener\">logements sociaux<\/a>\u00a0sur la luxueuse <a href=\"https:\/\/rennes.maville.com\/actu\/actudet_-paris.-environ-400-sans-abri-plantent-leurs-tentes-place-des-vosges-pour-reclamer-un-logement-_54135-4756795_actu.Htm\" target=\"_self\" rel=\"noopener\">place des Vosges<\/a> \u00e0 Paris a \u00e9t\u00e9 adopt\u00e9 lors du Conseil de Paris, ce mardi 18\u00a0novembre 2025.<\/p>\n<p>La municipalit\u00e9 souhaitait r\u00e9aliser 17\u00a0<a href=\"https:\/\/rennes.maville.com\/actu\/actudet_-logements-sociaux-les-prefets-d-ile-de-france-sommes-d-agir-_54135-6991216_actu.Htm\" target=\"_self\" rel=\"noopener\">logements sociaux<\/a>\u00a0au sein de l\u2019H\u00f4tel de Fourcy situ\u00e9 au 8,\u00a0place des Vosges. Une place historique tr\u00e8s hupp\u00e9e de la capitale. Cet h\u00f4tel, qui appartient d\u00e9j\u00e0 \u00e0 la mairie de Paris, est actuellement vacant. D\u2019importants travaux sont toutefois n\u00e9cessaires pour le r\u00e9habiliter. La subvention de la mairie de Paris pour cette op\u00e9ration de r\u00e9habilitation est estim\u00e9e \u00e0 2,3\u00a0millions d\u2019euros.<\/p>\n<p><strong>\u00ab\u00a0Nous avons fait ce choix-l\u00e0 plut\u00f4t, par exemple, que de vendre cet immeuble au plus offrant et d\u2019entretenir la sp\u00e9culation immobili\u00e8re\u00a0\u00bb,<\/strong> avait expliqu\u00e9 juste avant les d\u00e9bats le Conseiller de Paris communiste Ian Brossat et candidat \u00e0 la mairie de Paris.<\/p>\n<p><strong>Lire aussi<\/strong>\u00a0: <a href=\"https:\/\/rennes.maville.com\/actu\/actudet_-le-ministre-du-logement-veut-mettre-fin-au-logement-social-a-vie-_54135-7065900_actu.Htm\" target=\"_self\" rel=\"noopener\">Le ministre du Logement veut mettre fin au logement social \u00ab\u00a0\u00e0 vie\u00a0\u00bb<\/a><\/p>\n<p>\u00ab\u00a0Faire de la mixit\u00e9\u00a0\u00bb<\/p>\n<p>Ariel Weil, maire de Paris Centre (le secteur qui regroupe les Ier, IIe, IIIe, et IVe\u00a0arrondissements\u00a0o\u00f9 est situ\u00e9e la place historique) a d\u00e9fendu ce projet lors du Conseil de Paris. <strong>\u00ab\u00a0Il s\u2019agit, place des Vosges comme partout ailleurs dans tout Paris, de faire de la mixit\u00e9\u00a0: d\u2019avoir des riches, des moins riches, des familles, des c\u00e9libataires, des gens qui sont dans des foyers sociaux\u2026 De faire cohabiter ces gens partout dans Paris\u00a0\u00bb,<\/strong> a expliqu\u00e9 l\u2019\u00e9lu socialiste.<\/p>\n<p>Jacques Baudrier, adjoint \u00e0 la Mairie de Paris en charge du logement et de la transition \u00e9cologique du b\u00e2ti a lui aussi soutenu le projet.<strong> \u00ab\u00a0Il n\u2019y aura pas \u00e0\u00a0l\u2019H\u00f4tel de Fourcy un h\u00f4tel cinq \u00e9toiles. Il n\u2019y aura pas une r\u00e9sidence secondaire d\u2019un milliardaire. Il y aura des \u00e9boueurs, des infirmi\u00e8res, des auxiliaires de pu\u00e9riculture et nous en sommes fiers\u00a0\u00bb,<\/strong> a-t-il salu\u00e9 rappelant que le prix d\u2019acquisition de ce logement est de 0 \u20ac puisqu\u2019il appartient d\u00e9j\u00e0 \u00e0 la Ville.<\/p>\n<p>La droite tr\u00e8s oppos\u00e9e<\/p>\n<p>Le d\u00e9bat a dur\u00e9 pr\u00e8s d\u2019une demi-heure.\u00a0La droite s\u2019est fortement oppos\u00e9e \u00e0 ce projet. <strong>\u00ab\u00a0Quelle d\u00e9magogie, vous n\u2019avez honte de rien\u00a0\u00bb<\/strong>, a critiqu\u00e9\u00a0Aur\u00e9lien V\u00e9ron, porte-parole du groupe Changer Paris de Rachida Dati, \u00e9voquant un projet <strong>\u00ab\u00a0ruineux et inutile\u00a0\u00bb<\/strong>. Plusieurs autres \u00e9lus de droite ont d\u00e9plor\u00e9 un projet<strong> \u00ab\u00a0mal adapt\u00e9 et co\u00fbteux\u00a0\u00bb.<\/strong><\/p>\n<p>\u00c0 l\u2019inverse, les \u00e9lus de gauche ont d\u00e9fendu ce projet.<strong> \u00ab\u00a0On comprend bien que pour vous il vaut mieux des logements vides que des prolos place des Vosges\u00a0\u00bb,<\/strong> leur a r\u00e9pondu le conseiller de gauche Laurent Sorel, d\u00e9plorant un <strong>\u00ab\u00a0m\u00e9pris de classe\u00a0\u00bb<\/strong>. Jean-Philippe Gillet, \u00e9lu communiste, a lui aussi applaudit un projet<strong> \u00ab\u00a0exemplaire\u00a0\u00bb<\/strong>. <strong>\u00ab\u00a0Le quatri\u00e8me arrondissement est aujourd\u2019hui carenc\u00e9 en mati\u00e8re de logement social. C\u2019est installer du logement social en plein Marais et c\u2019est affirmer que le droit \u00e0 habiter au centre de Paris ne doit pas \u00eatre r\u00e9serv\u00e9 aux plus riches\u00a0\u00bb<\/strong>, a-t-il salu\u00e9.<\/p>\n<p>Actuellement, il y a 15\u00a0% de logements sociaux dans le IVe\u00a0arrondissement, contre 25\u00a0% en moyenne dans la capitale.<\/p>\n<p>\u00a0<\/p>\n","protected":false},"excerpt":{"rendered":"Le projet d\u2019instaurer des logements sociaux\u00a0sur la luxueuse place des Vosges \u00e0 Paris a \u00e9t\u00e9 adopt\u00e9 lors du&hellip;\n","protected":false},"author":2,"featured_media":544159,"comment_status":"","ping_status":"","sticky":false,"template":"","format":"standard","meta":{"footnotes":""},"categories":[1888],"tags":[11,5373,6592,1777,674,1011,27,2846,66286,2047,12,626,5536,1095,66287,25,2847,774],"class_list":{"0":"post-544158","1":"post","2":"type-post","3":"status-publish","4":"format-standard","5":"has-post-thumbnail","7":"category-paris","8":"tag-actualites","9":"tag-adopte","10":"tag-droite","11":"tag-eu","12":"tag-europe","13":"tag-fr","14":"tag-france","15":"tag-logements","16":"tag-luxueuse","17":"tag-mans","18":"tag-news","19":"tag-paris","20":"tag-place","21":"tag-projet","22":"tag-protestations","23":"tag-republique-francaise","24":"tag-sociaux","25":"tag-vosges"},"share_on_mastodon":{"url":"https:\/\/pubeurope.com\/@fr\/115575073394386636","error":""},"_links":{"self":[{"href":"https:\/\/www.europesays.com\/fr\/wp-json\/wp\/v2\/posts\/544158","targetHints":{"allow":["GET"]}}],"collection":[{"href":"https:\/\/www.europesays.com\/fr\/wp-json\/wp\/v2\/posts"}],"about":[{"href":"https:\/\/www.europesays.com\/fr\/wp-json\/wp\/v2\/types\/post"}],"author":[{"embeddable":true,"href":"https:\/\/www.europesays.com\/fr\/wp-json\/wp\/v2\/users\/2"}],"replies":[{"embeddable":true,"href":"https:\/\/www.europesays.com\/fr\/wp-json\/wp\/v2\/comments?post=544158"}],"version-history":[{"count":0,"href":"https:\/\/www.europesays.com\/fr\/wp-json\/wp\/v2\/posts\/544158\/revisions"}],"wp:featuredmedia":[{"embeddable":true,"href":"https:\/\/www.europesays.com\/fr\/wp-json\/wp\/v2\/media\/544159"}],"wp:attachment":[{"href":"https:\/\/www.europesays.com\/fr\/wp-json\/wp\/v2\/media?parent=544158"}],"wp:term":[{"taxonomy":"category","embeddable":true,"href":"https:\/\/www.europesays.com\/fr\/wp-json\/wp\/v2\/categories?post=544158"},{"taxonomy":"post_tag","embeddable":true,"href":"https:\/\/www.europesays.com\/fr\/wp-json\/wp\/v2\/tags?post=544158"}],"curies":[{"name":"wp","href":"https:\/\/api.w.org\/{rel}","templated":true}]}}