{"id":544160,"date":"2025-11-19T07:00:17","date_gmt":"2025-11-19T07:00:17","guid":{"rendered":"https:\/\/www.europesays.com\/fr\/544160\/"},"modified":"2025-11-19T07:00:17","modified_gmt":"2025-11-19T07:00:17","slug":"les-valeurs-a-suivre-a-paris-et-en-europe-actualise-19-11-2025-a-0749","status":"publish","type":"post","link":"https:\/\/www.europesays.com\/fr\/544160\/","title":{"rendered":"Les valeurs \u00e0 suivre \u00e0 Paris et en Europe (actualis\u00e9) &#8211; 19\/11\/2025 \u00e0 07:49"},"content":{"rendered":"<p>\n (Actualis\u00e9 avec Kering, Interparfums, OPmobility, Amundi et<br \/>\nVolkswagen)\n<\/p>\n<p>\n *\n<\/p>\n<p>\n Variation des futures sur indice CAC 40  0#FCE:\n<\/p>\n<p>\n *\n<\/p>\n<p>\n Variation des futures sur indice Stoxx 600  0#FXXP:\n<\/p>\n<p>\n *\n<\/p>\n<p>\n Valeurs qui se traitent ex-dividende  .EX.PA\n<\/p>\n<p>\n *\n<\/p>\n<p>\n Le point sur les march\u00e9s europ\u00e9ens  .EUFR\n<\/p>\n<p>\n Les valeurs \u00e0 suivre<br \/>\nmercredi \u00e0 la Bourse de Paris et en Europe :\n<\/p>\n<p>\n * KERING<br \/>\n <a href=\"https:\/\/www.boursorama.com\/cours\/1rPKER\/\" target=\"_blank\" rel=\"noopener\"><br \/>\n  PRTP.PA<br \/>\n <\/a><br \/>\n &#8211; Le retour \u00e0 la croissance de Kering<br \/>\nn\u00e9cessitera de r\u00e9duire sa d\u00e9pendance \u00e0 l&rsquo;\u00e9gard de son fleuron<br \/>\nGucci, en difficult\u00e9, de r\u00e9duire encore son r\u00e9seau de magasins<br \/>\net de rechercher davantage de synergies, a d\u00e9clar\u00e9 le directeur<br \/>\ng\u00e9n\u00e9ral du groupe, Luca de Meo, dans une note consult\u00e9e par<br \/>\nReuters.\n<\/p>\n<p>\n *\n<\/p>\n<p>\n INTERPARFUMS\n<\/p>\n<p>\n <a href=\"https:\/\/www.boursorama.com\/cours\/1rPITP\/\" target=\"_blank\" rel=\"noopener\"><br \/>\n  IPAR.PA<br \/>\n <\/a><br \/>\n a annonc\u00e9 mercredi s\u2019attendre \u00e0 une ann\u00e9e 2026<br \/>\n\u00ab\u00a0tourn\u00e9e vers l\u2019avenir\u00a0\u00bb, avec des extensions de lignes sur ses<br \/>\nmarques actuelles et la pr\u00e9paration des premiers lancements pour<br \/>\nOff-White et Longchamp en 2027, mais le groupe n&rsquo;a pas fourni de<br \/>\npr\u00e9visions de ventes, citant des \u00ab\u00a0param\u00e8tres favorables et<br \/>\nd\u00e9favorables\u00a0\u00bb.\n<\/p>\n<p>\n *\n<\/p>\n<p>\n VIRIDIEN\n<\/p>\n<p>\n <a href=\"https:\/\/www.boursorama.com\/cours\/1rPVIRI\/\" target=\"_blank\" rel=\"noopener\"><br \/>\n  VIRI.PA<br \/>\n <\/a><br \/>\n a annonc\u00e9 mercredi la nomination d&rsquo;Henning Berg<br \/>\ncomme directeur g\u00e9n\u00e9ral, ainsi que le d\u00e9part prochain de Sophie<br \/>\nZurquiyah de ses fonctions de direction, dans le cadre de la<br \/>\ndissociation des r\u00f4les de gouvernance du fournisseur fran\u00e7ais de<br \/>\nservices aux compagnies gazi\u00e8res et p\u00e9troli\u00e8res.\n<\/p>\n<p>\n *\n<\/p>\n<p>\n AMUNDI<br \/>\n <a href=\"https:\/\/www.boursorama.com\/cours\/1rPAMUN\/\" target=\"_blank\" rel=\"noopener\"><br \/>\n  AMUN.PA<br \/>\n <\/a><br \/>\n a annonc\u00e9 mercredi avoir acquis 4,6% du<br \/>\ncapital d&rsquo;icg et entend monter \u00e0 9,9%.\n<\/p>\n<p>\n * OPMOBILITY<br \/>\n <a href=\"https:\/\/www.boursorama.com\/cours\/1rPOPM\/\" target=\"_blank\" rel=\"noopener\"><br \/>\n  OPM.PA<br \/>\n <\/a><br \/>\n a annonc\u00e9 mercredi que le groupe et<br \/>\nYanfeng vont renforcer leur filiale chinoise Yfpo avec de<br \/>\nnouvelles activit\u00e9s.\n<\/p>\n<p>\n * SODEXO<br \/>\n <a href=\"https:\/\/www.boursorama.com\/cours\/1rPSW\/\" target=\"_blank\" rel=\"noopener\"><br \/>\n  EXHO.PA<br \/>\n <\/a><br \/>\n a annonc\u00e9 mardi que Thierry Delaporte,<br \/>\nnomm\u00e9 directeur g\u00e9n\u00e9ral du groupe de services de restauration en<br \/>\noctobre, \u00e9largit ses responsabilit\u00e9s et assumera en direct le<br \/>\nleadership de la zone Am\u00e9rique du Nord \u00e0 partir du 1er janvier<br \/>\n2026.\n<\/p>\n<p>\n * EURONEXT<br \/>\n <a href=\"https:\/\/www.boursorama.com\/cours\/1rPENX\/\" target=\"_blank\" rel=\"noopener\"><br \/>\n  ENX.PA<br \/>\n <\/a><br \/>\n a annonc\u00e9 mardi le lancement d&rsquo;une<br \/>\n\u00e9mission obligataire senior de 600 millions d&rsquo;euros.\n<\/p>\n<p>\n * VINCI<br \/>\n <a href=\"https:\/\/www.boursorama.com\/cours\/1rPDG\/\" target=\"_blank\" rel=\"noopener\"><br \/>\n  SGEF.PA<br \/>\n <\/a><br \/>\n a fait \u00e9tat mardi d&rsquo;une hausse de 3,9% du<br \/>\ntrafic passagers des a\u00e9roports en octobre.\n<\/p>\n<p>\n * AIRBUS<br \/>\n <a href=\"https:\/\/www.boursorama.com\/cours\/1rPAIR\/\" target=\"_blank\" rel=\"noopener\"><br \/>\n  AIR.PA<br \/>\n <\/a><br \/>\n &#8211; Le pr\u00e9sident de la compagnie \u00e9miratie \u00e0<br \/>\nbas co\u00fbts Flydubai, Cheikh Ahmed ben Sa\u00efd al Maktoum, a d\u00e9clar\u00e9<br \/>\nmardi que l&rsquo;accord portant sur l&rsquo;achat de 150 avions Airbus<br \/>\nannonc\u00e9 plus t\u00f4t dans la journ\u00e9e au salon a\u00e9ronautique de Duba\u00ef<br \/>\nrepr\u00e9sentait une valeur de 24 milliards de dollars (20,73<br \/>\nmilliards d&rsquo;euros).\n<\/p>\n<p>\n * NESTLE<br \/>\n <a href=\"https:\/\/www.boursorama.com\/cours\/2aNESN\/\" target=\"_blank\" rel=\"noopener\"><br \/>\n  NESN.S<br \/>\n <\/a><br \/>\n &#8211; Le tribunal judiciaire de Nanterre<br \/>\n(Hauts-de-Seine) a rejet\u00e9 mardi les requ\u00eates de l&rsquo;UFC-Que<br \/>\nChoisir qui visaient notamment \u00e0 interdire la commercialisation<br \/>\nde la marque d&rsquo;eau Perrier, propri\u00e9t\u00e9 du g\u00e9ant suisse de<br \/>\nl&rsquo;agroalimentaire.\n<\/p>\n<p>\n * VOLKSWAGEN<br \/>\n <a href=\"https:\/\/www.boursorama.com\/cours\/1zVOW\/\" target=\"_blank\" rel=\"noopener\"><br \/>\n  VOWG.DE<br \/>\n <\/a><br \/>\n a annonc\u00e9 mardi avoir obtenu<br \/>\nsuffisamment de puces pour sa production alors que plusieurs<br \/>\nconstructeurs automobiles restent p\u00e9nalis\u00e9s par une p\u00e9nurie<br \/>\nd&rsquo;approvisionnement li\u00e9e \u00e0 un diff\u00e9rend commercial avec le<br \/>\nfabricant n\u00e9erlandais Nexperia.\n<\/p>\n<p>\n * NOKIA  NOKIA.HE  tient mercredi sa journ\u00e9e investisseurs.\n<\/p>\n<p>\n L&rsquo;AGENDA FRANCE &amp; INTERNATIONAL \u00c0 7 JOURS:<br \/>\n nL8N3WT069\n<\/p>\n<p>\n (R\u00e9dig\u00e9 par Diana Mandia, \u00e9dit\u00e9 par Augustin Turpin)<\/p>\n","protected":false},"excerpt":{"rendered":"(Actualis\u00e9 avec Kering, Interparfums, OPmobility, Amundi et Volkswagen) * Variation des futures sur indice CAC 40 0#FCE: *&hellip;\n","protected":false},"author":2,"featured_media":64038,"comment_status":"","ping_status":"","sticky":false,"template":"","format":"standard","meta":{"footnotes":""},"categories":[1888],"tags":[400,11,398,408,405,1777,674,1011,27,403,402,399,404,12,626,25,401,406,407],"class_list":{"0":"post-544160","1":"post","2":"type-post","3":"status-publish","4":"format-standard","5":"has-post-thumbnail","7":"category-paris","8":"tag-action-cac-40","9":"tag-actualites","10":"tag-bourse-de-paris","11":"tag-boursorama","12":"tag-cotations","13":"tag-eu","14":"tag-europe","15":"tag-fr","16":"tag-france","17":"tag-indices-devises","18":"tag-investir","19":"tag-investissement","20":"tag-marche-boursier","21":"tag-news","22":"tag-paris","23":"tag-republique-francaise","24":"tag-sicav","25":"tag-trackers","26":"tag-warrants"},"share_on_mastodon":{"url":"https:\/\/pubeurope.com\/@fr\/115575077148746692","error":""},"_links":{"self":[{"href":"https:\/\/www.europesays.com\/fr\/wp-json\/wp\/v2\/posts\/544160","targetHints":{"allow":["GET"]}}],"collection":[{"href":"https:\/\/www.europesays.com\/fr\/wp-json\/wp\/v2\/posts"}],"about":[{"href":"https:\/\/www.europesays.com\/fr\/wp-json\/wp\/v2\/types\/post"}],"author":[{"embeddable":true,"href":"https:\/\/www.europesays.com\/fr\/wp-json\/wp\/v2\/users\/2"}],"replies":[{"embeddable":true,"href":"https:\/\/www.europesays.com\/fr\/wp-json\/wp\/v2\/comments?post=544160"}],"version-history":[{"count":0,"href":"https:\/\/www.europesays.com\/fr\/wp-json\/wp\/v2\/posts\/544160\/revisions"}],"wp:featuredmedia":[{"embeddable":true,"href":"https:\/\/www.europesays.com\/fr\/wp-json\/wp\/v2\/media\/64038"}],"wp:attachment":[{"href":"https:\/\/www.europesays.com\/fr\/wp-json\/wp\/v2\/media?parent=544160"}],"wp:term":[{"taxonomy":"category","embeddable":true,"href":"https:\/\/www.europesays.com\/fr\/wp-json\/wp\/v2\/categories?post=544160"},{"taxonomy":"post_tag","embeddable":true,"href":"https:\/\/www.europesays.com\/fr\/wp-json\/wp\/v2\/tags?post=544160"}],"curies":[{"name":"wp","href":"https:\/\/api.w.org\/{rel}","templated":true}]}}