{"id":544161,"date":"2025-11-19T07:02:14","date_gmt":"2025-11-19T07:02:14","guid":{"rendered":"https:\/\/www.europesays.com\/fr\/544161\/"},"modified":"2025-11-19T07:02:14","modified_gmt":"2025-11-19T07:02:14","slug":"la-russie-face-a-37-milliards-deuros-dindemnites-climatiques-pour-carbone-de-guerre-en-ukraine","status":"publish","type":"post","link":"https:\/\/www.europesays.com\/fr\/544161\/","title":{"rendered":"La Russie face \u00e0 37 milliards d\u2019euros d\u2019indemnit\u00e9s climatiques pour \u00ab carbone de guerre \u00bb en Ukraine"},"content":{"rendered":"<p>La Russie est sous pression pour verser plus de 37 milliards d\u2019euros \u00e0 l\u2019Ukraine, ce qui constituerait le premier cas de r\u00e9parations climatiques li\u00e9es \u00e0 la guerre au monde.<\/p>\n<p>Le Registre des dommages caus\u00e9s \u00e0 l\u2019Ukraine commencera \u00e0 accepter les demandes li\u00e9es au climat \u00ab dans les prochains mois \u00bb, l\u2019Ukraine pr\u00e9voyant de soumettre sa demande de compensation au Conseil de l\u2019Europe d\u00e9but 2026.<\/p>\n<p>Des experts estiment que cette d\u00e9marche \u00ab sans pr\u00e9c\u00e9dent \u00bb aidera \u00e0 tenir la Russie pour responsable de l\u2019impact de son invasion de l\u2019Ukraine sur l\u2019atmosph\u00e8re mondiale et \u00e9tablira un pr\u00e9c\u00e9dent en mati\u00e8re de responsabilit\u00e9 des \u00c9tats pour les dommages climatiques caus\u00e9s par la guerre.<\/p>\n<p>Les d\u00e9g\u00e2ts environnementaux de la Russie en Ukraine<\/p>\n<p>L\u2019Initiative sur la comptabilisation des gaz \u00e0 effet de serre li\u00e9s \u00e0 la guerre (IGGAW) a calcul\u00e9 que <a href=\"https:\/\/www.euronews.com\/my-europe\/2025\/11\/18\/what-we-learned-from-ursula-von-der-leyens-options-paper-to-support-ukraine\" target=\"_blank\" rel=\"noopener\"><strong>l\u2019invasion de l\u2019Ukraine par la Russie<\/strong><\/a> a g\u00e9n\u00e9r\u00e9 des \u00e9missions de r\u00e9chauffement plan\u00e9taire \u00e9quivalentes \u00e0 236,8 millions de tonnes de dioxyde de carbone.<\/p>\n<p>Environ trois millions d\u2019hectares de <a href=\"https:\/\/www.euronews.com\/green\/2025\/10\/22\/fighting-for-nature-how-rewilding-efforts-are-helping-ukrainian-soldiers-and-families-heal\" target=\"_blank\" rel=\"noopener\"><strong>for\u00eats ukrainiennes<\/strong><\/a> ont \u00e9galement \u00e9t\u00e9 d\u00e9truits ou endommag\u00e9s par la guerre, r\u00e9duisant leur capacit\u00e9 d\u2019absorption des gaz \u00e0 effet de serre de 1,7 million de tonnes par an.<\/p>\n<p>Bien qu\u2019elle ne repr\u00e9sente que moins de 6 % des terres du continent, l\u2019Ukraine abrite un tiers de la biodiversit\u00e9 europ\u00e9enne. Mais la guerre accentue la pression sur plus d\u2019un millier de ses esp\u00e8ces animales, v\u00e9g\u00e9tales et fongiques menac\u00e9es.<\/p>\n<p>Le rapport de l\u2019IGGAW, financ\u00e9e par le gouvernement, indique que l\u2019ensemble de ces facteurs fait que le \u00ab co\u00fbt social du carbone \u00bb imputable \u00e0 l\u2019agression de la Russie atteint un total de 43,8 milliards de dollars (environ 37,74 milliards d\u2019euros).<\/p>\n<p>\u00ab Le climat est aussi une victime \u00bb<\/p>\n<p>\u00ab \u00c0 bien des \u00e9gards, la Russie m\u00e8ne une guerre sale et notre <a href=\"https:\/\/www.euronews.com\/green\/2025\/11\/17\/war-is-one-of-the-worlds-top-polluters-is-it-time-eu-militaries-disclosed-their-emissions\" target=\"_blank\" rel=\"noopener\"><strong>climat est aussi une victime<\/strong><\/a> \u00bb, a d\u00e9clar\u00e9 le vice-ministre de l\u2019\u00c9conomie, de l\u2019Environnement et de l\u2019Agriculture Pavlo Kartashov lors d\u2019un \u00e9v\u00e9nement parall\u00e8le \u00e0 la COP30, \u00e0 Bel\u00e9m, au Br\u00e9sil. <\/p>\n<p>\u00ab Les quantit\u00e9s de carburant br\u00fbl\u00e9es, les for\u00eats incendi\u00e9es, les b\u00e2timents d\u00e9truits, le b\u00e9ton et l\u2019acier utilis\u00e9s : tout cela constitue essentiellement un \u2018carbone li\u00e9 au conflit\u2019 et a un co\u00fbt climatique consid\u00e9rable. \u00bb<\/p>\n<p>Kartashov ajoute que, si le peuple ukrainien \u00ab affronte directement la brutalit\u00e9 \u00bb, les <a href=\"https:\/\/www.euronews.com\/green\/2025\/11\/17\/war-is-one-of-the-worlds-top-polluters-is-it-time-eu-militaries-disclosed-their-emissions\" target=\"_blank\" rel=\"noopener\"><strong>ondes de choc climatiques<\/strong><\/a> de l\u2019agression russe se feront sentir \u00ab bien au-del\u00e0 \u00bb des fronti\u00e8res du pays et dans l\u2019avenir.<\/p>\n<p>La demande d\u2019indemnisation climatique de l\u2019Ukraine<\/p>\n<p>Selon le rapport de l\u2019IGGAW, les forces militaires des deux camps ont consomm\u00e9 18 millions de tonnes de carburant et incendi\u00e9 1,3 million d\u2019hectares de champs et de for\u00eats.<\/p>\n<p>Des centaines d\u2019<a href=\"https:\/\/www.euronews.com\/business\/2025\/11\/17\/trump-okay-with-me-on-plan-to-sanction-countries-trading-with-russia\" target=\"_blank\" rel=\"noopener\"><strong>infrastructures p\u00e9troli\u00e8res et gazi\u00e8res<\/strong><\/a> ont \u00e9galement \u00e9t\u00e9 d\u00e9truites, tandis que d\u2019\u00ab immenses quantit\u00e9s \u00bb d\u2019acier et de ciment ont \u00e9t\u00e9 command\u00e9es pour fortifier les lignes de front.<\/p>\n<p>Ces \u00e9missions \u00e9quivalent aux \u00e9missions annuelles de l\u2019Autriche, de la Hongrie, de la R\u00e9publique tch\u00e8que et de la <a href=\"https:\/\/www.euronews.com\/my-europe\/2025\/10\/20\/eu-pushes-slovakias-fico-to-make-him-lift-veto-on-russia-sanctions\" target=\"_blank\" rel=\"noopener\"><strong>Slovaquie<\/strong> <\/a>r\u00e9unies.<\/p>\n<p>\u00ab Notre documentation m\u00e9ticuleuse des \u00e9missions de carbone li\u00e9es \u00e0 l\u2019invasion de l\u2019Ukraine par la Russie constituera la base de la demande d\u2019indemnisation de l\u2019Ukraine \u00bb, d\u00e9clare Lennard de Klerk, auteur principal du rapport.<\/p>\n<p>\u00ab Le m\u00e9canisme pour ce faire est \u00e9tabli en droit international et, une fois la demande soumise, l\u2019Ukraine deviendra le premier pays \u00e0 tenir un autre \u00c9tat pour responsable des \u00e9missions climatiques issues de la guerre. \u00bb<\/p>\n<p>\u00ab Le co\u00fbt de la guerre ne peut pas rester sans r\u00e9ponse \u00bb<\/p>\n<p>Le geste historique de l\u2019Ukraine a \u00e9t\u00e9 salu\u00e9 par le Conflict and Environment Observatory (CEOBS), qui rapportait d\u00e8s 2022 que les <a href=\"https:\/\/www.euronews.com\/green\/2025\/11\/17\/war-is-one-of-the-worlds-top-polluters-is-it-time-eu-militaries-disclosed-their-emissions\" target=\"_blank\" rel=\"noopener\"><strong>arm\u00e9es<\/strong><\/a> sont responsables d\u2019environ 5,5 % des \u00e9missions mondiales de gaz \u00e0 effet de serre.<\/p>\n<p>\u00ab L\u2019action historique de l\u2019Ukraine \u00e9tablit un pr\u00e9c\u00e9dent mondial en mati\u00e8re de responsabilit\u00e9 des \u00c9tats pour les dommages climatiques caus\u00e9s par la guerre \u00bb, d\u00e9clare Doug Weir, directeur du CEOBS, \u00e0 Euronews Green. <\/p>\n<p>Il souligne, ajoute-t-il, que \u00ab le co\u00fbt climatique de la guerre ne peut plus rester sans r\u00e9ponse \u00bb.<\/p>\n<p>Quelle est la suite ?<\/p>\n<p>Apr\u00e8s que l\u2019Assembl\u00e9e g\u00e9n\u00e9rale de l\u2019ONU a d\u00e9cid\u00e9 en 2022 que la Russie devait indemniser l\u2019Ukraine, le Conseil de l\u2019Europe a mis en place un m\u00e9canisme intitul\u00e9 le Registre des dommages caus\u00e9s \u00e0 l\u2019Ukraine.<\/p>\n<p>La demande de l\u2019Ukraine s\u2019appuie sur une d\u00e9cision historique rendue \u00e0 la <a href=\"https:\/\/www.euronews.com\/green\/2025\/07\/25\/five-key-takeaways-from-the-icjs-historic-climate-ruling-and-what-comes-next\" target=\"_blank\" rel=\"noopener\"> <strong>Cour internationale de justice<\/strong> <\/a>en juillet de cette ann\u00e9e. Elle a affirm\u00e9 qu\u2019un \u00ab environnement propre, sain et durable \u00bb est un droit humain, au m\u00eame titre que l\u2019acc\u00e8s \u00e0 l\u2019eau, \u00e0 l\u2019alimentation et au logement.<\/p>\n<p>Le Registre des dommages caus\u00e9s \u00e0 l\u2019Ukraine comprend \u00e9galement plus de 9 700 demandes personnelles pour des faits tels que des d\u00e9placements internes involontaires, le travail forc\u00e9, des dommages ou la destruction de logements r\u00e9sidentiels, ainsi que la perte de logement ou de r\u00e9sidence.<\/p>\n","protected":false},"excerpt":{"rendered":"La Russie est sous pression pour verser plus de 37 milliards d\u2019euros \u00e0 l\u2019Ukraine, ce qui constituerait le&hellip;\n","protected":false},"author":2,"featured_media":544162,"comment_status":"","ping_status":"","sticky":false,"template":"","format":"standard","meta":{"footnotes":""},"categories":[1591],"tags":[11,53082,1887,16743,3482,3579,12,1885,1886,132,220],"class_list":{"0":"post-544161","1":"post","2":"type-post","3":"status-publish","4":"format-standard","5":"has-post-thumbnail","7":"category-russie","8":"tag-actualites","9":"tag-cop30","10":"tag-federation-de-russie","11":"tag-gaz-a-effet-de-serre","12":"tag-guerre-russie-ukraine","13":"tag-militaire","14":"tag-news","15":"tag-russia","16":"tag-russian-federation","17":"tag-russie","18":"tag-ukraine"},"share_on_mastodon":{"url":"https:\/\/pubeurope.com\/@fr\/115575085073372522","error":""},"_links":{"self":[{"href":"https:\/\/www.europesays.com\/fr\/wp-json\/wp\/v2\/posts\/544161","targetHints":{"allow":["GET"]}}],"collection":[{"href":"https:\/\/www.europesays.com\/fr\/wp-json\/wp\/v2\/posts"}],"about":[{"href":"https:\/\/www.europesays.com\/fr\/wp-json\/wp\/v2\/types\/post"}],"author":[{"embeddable":true,"href":"https:\/\/www.europesays.com\/fr\/wp-json\/wp\/v2\/users\/2"}],"replies":[{"embeddable":true,"href":"https:\/\/www.europesays.com\/fr\/wp-json\/wp\/v2\/comments?post=544161"}],"version-history":[{"count":0,"href":"https:\/\/www.europesays.com\/fr\/wp-json\/wp\/v2\/posts\/544161\/revisions"}],"wp:featuredmedia":[{"embeddable":true,"href":"https:\/\/www.europesays.com\/fr\/wp-json\/wp\/v2\/media\/544162"}],"wp:attachment":[{"href":"https:\/\/www.europesays.com\/fr\/wp-json\/wp\/v2\/media?parent=544161"}],"wp:term":[{"taxonomy":"category","embeddable":true,"href":"https:\/\/www.europesays.com\/fr\/wp-json\/wp\/v2\/categories?post=544161"},{"taxonomy":"post_tag","embeddable":true,"href":"https:\/\/www.europesays.com\/fr\/wp-json\/wp\/v2\/tags?post=544161"}],"curies":[{"name":"wp","href":"https:\/\/api.w.org\/{rel}","templated":true}]}}