{"id":544167,"date":"2025-11-19T07:06:01","date_gmt":"2025-11-19T07:06:01","guid":{"rendered":"https:\/\/www.europesays.com\/fr\/544167\/"},"modified":"2025-11-19T07:06:01","modified_gmt":"2025-11-19T07:06:01","slug":"royaume-uni-avec-la-reforme-du-droit-dasile-keir-starmer-divise-le-labour","status":"publish","type":"post","link":"https:\/\/www.europesays.com\/fr\/544167\/","title":{"rendered":"Royaume-Uni : avec la r\u00e9forme du droit d\u2019asile, Keir Starmer divise le Labour"},"content":{"rendered":"<p>Une premi\u00e8re crise politique se profile pour le premier ministre britannique, Keir Starmer. <a href=\"https:\/\/www.humanite.fr\/monde\/droit-dasile\/avec-sa-politique-restreignant-lasile-le-gouvernement-travailliste-du-royaume-uni-cede-face-a-lextreme-droite\" data-type=\"post\" data-id=\"3308984\" rel=\"nofollow noopener\" target=\"_blank\">Le dirigeant travailliste a act\u00e9 une grande r\u00e9forme sur le droit d\u2019asile<\/a> qui a \u00e9t\u00e9 pr\u00e9sent\u00e9e lundi aux parlementaires par la ministre de l\u2019Int\u00e9rieur, Shabana Mahmood. <\/p>\n<p>\u00c0 45\u00a0ans, celle qui repr\u00e9sente l\u2019aile droite du Labour s\u2019est inspir\u00e9e du mod\u00e8le restrictif danois impos\u00e9 en 2021\u00a0par les sociaux-d\u00e9mocrates. Les mesures qui ont \u00e9t\u00e9 avanc\u00e9es entendent restreindre le statut de r\u00e9fugi\u00e9 qui \u00e9tait valable cinq ans avant de leur permettre de demander un permis de s\u00e9jour permanent octroy\u00e9 par les autorit\u00e9s en r\u00e9pondant \u00e0 certains crit\u00e8res.<\/p>\n<p>Le nouveau syst\u00e8me r\u00e9duit la dur\u00e9e de leur s\u00e9jour \u00e0 trente mois. Tous les deux ans et demi, ils devront se pr\u00e9senter pour valider leur statut. Le d\u00e9lai pour obtenir la r\u00e9sidence permanente passerait de cinq \u00e0 vingt ans, sauf pour ceux qui \u00ab\u00a0travaillent ou \u00e9tudient\u00a0\u00bb, pr\u00e9cise le gouvernement. Durant cette p\u00e9riode, les r\u00e9fugi\u00e9s seront \u00ab\u00a0forc\u00e9s de rentrer dans leur pays d\u2019origine d\u00e8s qu\u2019il sera jug\u00e9 s\u00fbr\u00a0\u00bb a expliqu\u00e9 Shabana Mahmood. L\u2019autre mesure porte sur la suppression de l\u2019acc\u00e8s aux aides sociales (logement, allocations financi\u00e8res) et serait r\u00e9serv\u00e9e aux r\u00e9fugi\u00e9s qui ne peuvent pas travailler.<\/p>\n<p>\u00ab\u00a0Cesser de faire des immigr\u00e9s des boucs \u00e9missaires\u00a0\u00bb<\/p>\n<p>Le gouvernement travailliste entend s\u2019attaquer aussi \u00e0 la Convention europ\u00e9enne des droits de l\u2019homme (CEDH) pour favoriser davantage d\u2019expulsions, notamment des familles. En gros, il veut <a href=\"https:\/\/www.humanite.fr\/en-debat\/extreme-droite\/regroupement-familial-au-royaume-uni-keir-starmer-dans-les-pas-de-lextreme-droite\" rel=\"nofollow noopener\" target=\"_blank\">restreind<\/a><a href=\"https:\/\/www.humanite.fr\/en-debat\/extreme-droite\/regroupement-familial-au-royaume-uni-keir-starmer-dans-les-pas-de-lextreme-droite\" data-type=\"post\" data-id=\"3230362\" rel=\"nofollow noopener\" target=\"_blank\">re le droit au regroupement familial <\/a>pr\u00e9sent dans l\u2019article\u00a08. Ce projet suscite une immense contestation au sein du Labour. <\/p>\n<p>Dans le document pr\u00e9sent\u00e9 aux parlementaires, le gouvernement promet \u00ab\u00a0\u00e0 toutes les familles une aide financi\u00e8re pour retourner dans leur pays d\u2019origine. Si elles refusent, nous passerons \u00e0 un retour forc\u00e9. Nous lancerons une consultation sur le processus de mise en \u0153uvre de l\u2019expulsion des familles, y compris des enfants\u00a0\u00bb.<\/p>\n<p>Une vingtaine de d\u00e9put\u00e9s ont publiquement contest\u00e9 le projet dont la d\u00e9put\u00e9e Sarah Owen, le d\u00e9put\u00e9 et ancien avocat sp\u00e9cialis\u00e9 dans les droits de l\u2019homme, Tony Vaughan et ceux \u00e9lus en 2024\u00a0comme Simon Opher, Abitsam Mohamed et Neil Duncan-Jordan. Ils ont d\u00e9nonc\u00e9 des mesures \u00ab\u00a0moralement condamnables\u00a0\u00bb et qui, dans la pratique, se traduiraient par une augmentation du nombre d\u2019enfants plac\u00e9s en d\u00e9tention avant leur expulsion. <\/p>\n<p>Simon Opher a appel\u00e9 le gouvernement \u00e0 \u00ab\u00a0cesser de faire des immigr\u00e9s des boucs \u00e9missaires\u00a0\u00bb. Dans le quotidien britannique, The Guardian, un \u00e9lu constate\u00a0: \u00ab\u00a0Tout cela est terrible. <a href=\"https:\/\/www.humanite.fr\/monde\/extreme-droite\/grande-bretagne-lextreme-droite-remporte-une-election-partielle-et-se-targue-detre-desormais-le-parti-dopposition-au-gouvernement-travailliste\" rel=\"nofollow noopener\" target=\"_blank\">C\u2019est tout droit sorti du manuel de l\u2019extr\u00eame droite\u00a0<\/a>\u00bb. Un autre affirme\u00a0: \u00ab\u00a0Je ne me suis pas pr\u00e9sent\u00e9 aux \u00e9lections en tant que d\u00e9put\u00e9 travailliste pour embarquer des enfants en d\u00e9tresse dans des vols d\u2019expulsion.\u00a0\u00bb<\/p>\n<p>Largement devanc\u00e9 <a href=\"https:\/\/www.humanite.fr\/monde\/droit-dasile\/en-grande-bretagne-la-xenophobie-gagne-du-terrain-sur-fond-de-manifestation-anti-refugies-et-montee-du-nationalisme\" rel=\"nofollow noopener\" target=\"_blank\">par l\u2019extr\u00eame droite et la formation Reform UK de Nigel Farage <\/a>dans les sondages, le gouvernement de Keir Starmer a repris plusieurs de leurs propositions. \u00ab\u00a0Utiliser les enfants comme une arme, comme le fait le ministre de l\u2019Int\u00e9rieur, est \u00e0 mon avis une chose honteuse\u00a0\u00bb, a d\u00e9nonc\u00e9 sur la BBC radio 4, le membre du Labour, Alf Dubs qui est arriv\u00e9 au Royaume-Uni en 1939 pour fuir la pers\u00e9cution des juifs. <\/p>\n<p>M\u00eame condamnation de la repr\u00e9sentante du HCR au Royaume-Uni, Vicky Tennant. L\u2019agence des Nations Unies \u00ab\u00a0demande instamment que les r\u00e9fugi\u00e9s se voient accorder un statut stable leur permettant de reconstruire leur vie et de retrouver leur famille, pendant qu\u2019une solution durable \u00e0 long terme est recherch\u00e9e\u00a0\u00bb.<\/p>\n<p><strong>Oui, on s\u2019en doute\u00a0: vous en avez assez<\/strong><\/p>\n<p>Voir ces messages d\u2019appel au don, \u00e7a peut \u00eatre p\u00e9nible. Nous le savons. Et on doit bien vous avouer que nous pr\u00e9f\u00e9rerions ne pas avoir \u00e0 les \u00e9crire\u2026<\/p>\n<p>Mais voil\u00e0\u00a0: c\u2019est crucial pour l\u2019Humanit\u00e9. Si ce titre existe toujours aujourd\u2019hui, c\u2019est gr\u00e2ce au financement r\u00e9gulier de nos lectrices et lecteurs.<\/p>\n<ul class=\"wp-block-list\">\n<li>C\u2019est gr\u00e2ce \u00e0 votre soutien que nous pouvons exercer notre m\u00e9tier avec passion. Nous ne d\u00e9pendons ni des int\u00e9r\u00eats d\u2019un propri\u00e9taire milliardaire, ni de pressions politiques : <strong>personne ne nous dicte ce que nous devons dire ou taire<\/strong>.<\/li>\n<\/ul>\n<ul class=\"wp-block-list\">\n<li>Votre engagement nous lib\u00e8re aussi de la course aux clics et \u00e0 l\u2019audience. <strong>Plut\u00f4t que de chercher \u00e0 capter l\u2019attention \u00e0 tout prix, nous choisissons de traiter les sujets que notre r\u00e9daction juge essentiels<\/strong>\u00a0: parce qu\u2019ils m\u00e9ritent d\u2019\u00eatre lus, compris, partag\u00e9s. Parce que nous estimons qu\u2019ils vous seront utiles<\/li>\n<\/ul>\n<p>\u00c0 l\u2019heure actuelle, <strong>moins d\u2019un quart des lectrices et lecteurs<\/strong> qui viennent plus de 3\u00a0fois sur le site par semaine nous aident \u00e0 financer notre travail, par leur abonnement ou par leurs dons. Si vous voulez prot\u00e9ger le journalisme ind\u00e9pendant, <strong>s\u2019il vous pla\u00eet, rejoignez-les<\/strong>.<\/p>\n","protected":false},"excerpt":{"rendered":"Une premi\u00e8re crise politique se profile pour le premier ministre britannique, Keir Starmer. Le dirigeant travailliste a act\u00e9&hellip;\n","protected":false},"author":2,"featured_media":544168,"comment_status":"","ping_status":"","sticky":false,"template":"","format":"standard","meta":{"footnotes":""},"categories":[1588],"tags":[11,1777,674,2581,12,10669,473,1853,62639,1851,1850,1852],"class_list":{"0":"post-544167","1":"post","2":"type-post","3":"status-publish","4":"format-standard","5":"has-post-thumbnail","7":"category-royaume-uni","8":"tag-actualites","9":"tag-eu","10":"tag-europe","11":"tag-keir-starmer","12":"tag-news","13":"tag-nigel-farage","14":"tag-royaume-uni","15":"tag-royaume-uni-de-grande-bretagne-et-dirlande-du-nord","16":"tag-ru00e9fugiu00e9s","17":"tag-uk","18":"tag-united-kingdom","19":"tag-united-kingdom-of-great-britain-and-northern-ireland"},"share_on_mastodon":{"url":"","error":""},"_links":{"self":[{"href":"https:\/\/www.europesays.com\/fr\/wp-json\/wp\/v2\/posts\/544167","targetHints":{"allow":["GET"]}}],"collection":[{"href":"https:\/\/www.europesays.com\/fr\/wp-json\/wp\/v2\/posts"}],"about":[{"href":"https:\/\/www.europesays.com\/fr\/wp-json\/wp\/v2\/types\/post"}],"author":[{"embeddable":true,"href":"https:\/\/www.europesays.com\/fr\/wp-json\/wp\/v2\/users\/2"}],"replies":[{"embeddable":true,"href":"https:\/\/www.europesays.com\/fr\/wp-json\/wp\/v2\/comments?post=544167"}],"version-history":[{"count":0,"href":"https:\/\/www.europesays.com\/fr\/wp-json\/wp\/v2\/posts\/544167\/revisions"}],"wp:featuredmedia":[{"embeddable":true,"href":"https:\/\/www.europesays.com\/fr\/wp-json\/wp\/v2\/media\/544168"}],"wp:attachment":[{"href":"https:\/\/www.europesays.com\/fr\/wp-json\/wp\/v2\/media?parent=544167"}],"wp:term":[{"taxonomy":"category","embeddable":true,"href":"https:\/\/www.europesays.com\/fr\/wp-json\/wp\/v2\/categories?post=544167"},{"taxonomy":"post_tag","embeddable":true,"href":"https:\/\/www.europesays.com\/fr\/wp-json\/wp\/v2\/tags?post=544167"}],"curies":[{"name":"wp","href":"https:\/\/api.w.org\/{rel}","templated":true}]}}