{"id":544182,"date":"2025-11-19T07:15:24","date_gmt":"2025-11-19T07:15:24","guid":{"rendered":"https:\/\/www.europesays.com\/fr\/544182\/"},"modified":"2025-11-19T07:15:24","modified_gmt":"2025-11-19T07:15:24","slug":"stade-toulousain-on-a-pris-conscience-de-limportance-de-la-periode-des-doublons-assure-matthis-lebel","status":"publish","type":"post","link":"https:\/\/www.europesays.com\/fr\/544182\/","title":{"rendered":"Stade Toulousain\u00a0: \u00ab\u00a0On a pris conscience de l\u2019importance de la p\u00e9riode des doublons\u00a0\u00bb assure Matthis Lebel"},"content":{"rendered":"<p>\n                                                                    l&rsquo;essentiel<br \/>\n                                                                Absent lors des deux derniers matchs, l\u2019ailier toulousain est de retour. Il esp\u00e8re surfer sur sa bonne dynamique de d\u00e9but de saison avec quatre essais marqu\u00e9s et ainsi aider son \u00e9quipe \u00e0 bien g\u00e9rer la p\u00e9riode de doublons.\n                            <\/p>\n<p><strong>Vous revenez de blessure, comment \u00e7a va\u00a0?<\/strong><br \/>\u00c7a va. J\u2019ai \u00e9t\u00e9 forc\u00e9ment frustr\u00e9 de louper les deux derniers matchs \u00e0 cause de mon dos, mais je pense qu\u2019\u00e0 ce moment-l\u00e0 de la saison, ce n\u2019\u00e9tait pas le moment de faire l\u2019effort de trop mais plut\u00f4t d\u2019essayer de bien r\u00e9cup\u00e9rer. Et surtout de bien bosser avec le p\u00f4le m\u00e9dical et le p\u00f4le pr\u00e9paration physique. Ils m\u2019ont bien encadr\u00e9 donc je les remercie et au moins j\u2019ai pu essayer d\u2019optimiser le temps.<\/p>\n<p><strong>Et surtout c\u2019est arriv\u00e9 alors que vous aviez bien d\u00e9but\u00e9 la saison.<\/strong><br \/>Oui, j\u2019ai eu\u00a0la chance de bien travailler cet \u00e9t\u00e9 pendant la pr\u00e9pa et je me sentais bien. J\u2019esp\u00e8re que \u00e7a ne sera pas un gros coup\u00a0d\u2019arr\u00eat non plus. Mais c\u2019est s\u00fbr que quand on est dans des dynamiques positives, on a envie de pouvoir continuer \u00e0 encha\u00eener.<\/p>\n<p class=\"std-elt__inline\">\n        <strong>\u00c0 lire aussi :<\/strong><br \/>\n        <a href=\"https:\/\/www.ladepeche.fr\/2025\/11\/17\/stade-toulousain-dupont-colombe-brennan-mallez-banos-plusieurs-retours-et-enormement-dabsents-pour-preparer-montauban-13056797.php\" rel=\"nofollow noopener\" target=\"_blank\">Stade Toulousain\u00a0: Dupont, Colombe, Brennan, Mallez, Banos\u2026 Plusieurs retours et \u00e9norm\u00e9ment d\u2019absents pour pr\u00e9parer Montauban<\/a>\n    <\/p>\n<p><strong>L\u00e0, on attaque la p\u00e9riode des vrais doublons. Est-ce que vous avez\u00a0un r\u00f4le particulier \u00e0 jouer avec votre exp\u00e9rience\u00a0?<\/strong><br \/>Un r\u00f4le particulier je ne sais pas, en tout cas je pense que je ne suis pas le seul. On a la chance d\u2019avoir des joueurs comme Pita (Ahki), Cyril (Baille), Alexandre (Roumat), Jack (Willis). Il reste donc quand m\u00eame des joueurs confirm\u00e9s de l\u2019\u00e9quipe et des leaders. En tout cas, c\u2019est s\u00fbr que j\u2019ai la chance d\u2019\u00eatre l\u00e0 depuis un petit moment et d\u2019avoir grandi avec ces doublons donc oui c\u2019est quelque chose dont je\u00a0suis conscient. Mais bon heureusement, le rugby ne se joue pas qu\u2019avec un seul joueur mais \u00e0 15 et on a la chance comme je dis d\u2019avoir plusieurs joueurs qui ont cette exp\u00e9rience et qui vont pouvoir la faire partager \u00e0 l\u2019\u00e9quipe, donc.<\/p>\n<p><strong>C\u2019est une p\u00e9riode de doublons que vous avez appris \u00e0 appr\u00e9hender.<\/strong><br \/>Oui et si on perd samedi, on dira le contraire. On a pris conscience de l\u2019importance de cette p\u00e9riode et on a appris \u00e0 l\u2019appr\u00e9hender et m\u00eame \u00e0 savoir resserrer le groupe et \u00e0 construire peut-\u00eatre des victoires sur ces p\u00e9riodes-l\u00e0. \u00c7a nous resserre le groupe. On\u00a0voit des jeunes jouer, on voit des jeunes montrer le bout de leur nez et c\u2019est g\u00e9nial. Et on sait\u00a0que dans cette p\u00e9riode-l\u00e0, on a\u00a0besoin de ne pas l\u00e2cher notre rugby parce que c\u2019est ce qui nous est cher.<\/p>\n<p class=\"std-elt__inline\">\n        <strong>\u00c0 lire aussi :<\/strong><br \/>\n        <a href=\"https:\/\/www.ladepeche.fr\/2025\/11\/16\/xv-de-france-quand-un-joueur-du-stade-toulousain-remplace-un-autre-joueur-du-stade-toulousain-les-42-pour-laustralie-13055118.php\" rel=\"nofollow noopener\" target=\"_blank\">XV de France\u00a0: quand un joueur du Stade Toulousain remplace un autre joueur du Stade Toulousain, les 42 pour l\u2019Australie<\/a>\n    <\/p>\n<p>\u00a0<\/p>\n<p><strong>On en a d\u00e9j\u00e0 un petit peu parl\u00e9, mais comment\u00a0jugez-vous votre d\u00e9but de saison\u00a0?<\/strong><br \/>Encore une fois, quand on a la chance d\u2019avoir un collectif qui marche, m\u00eame si\u00a0on n\u2019est pas content d\u2019avoir l\u00e2ch\u00e9 quelques matchs \u00e0 l\u00a0\u00bbext\u00e9rieur dans les derni\u00e8res minutes, \u00e0 l\u2019ext\u00e9rieur\u2026 On essaie quand m\u00eame de mettre du volume de jeu, de jouer, donc forc\u00e9ment c\u2019est toujours plaisant. J\u2019\u00e9tais l\u2019un des premiers, quand \u00e7a allait un peu moins bien, \u00e0 trouver des excuses derri\u00e8re le collectif. Maintenant que \u00e7a\u00a0va, je veux continuer \u00e0 \u00eatre derri\u00e8re le collectif.\u00a0Forc\u00e9ment, on le sait, quand l\u2019\u00e9quipe avance et qu\u2019on arrive \u00e0 se trouver sur les ext\u00e9rieurs, et pas que moi, parce que tous les ailiers ont scor\u00e9 et ont fait des bons matchs, c\u2019est qu\u2019on a des ballons de qualit\u00e9. Donc c\u2019est le signe d\u2019une \u00e9quipe en bonne sant\u00e9, je dirais.<\/p>\n<p class=\"std-elt__inline\">\n        <strong>\u00c0 lire aussi :<\/strong><br \/>\n        <a href=\"https:\/\/www.ladepeche.fr\/2025\/11\/15\/france-fidji-pierre-louis-barassi-et-julien-marchand-facon-meches-courtes-comment-les-joueurs-du-stade-toulousain-ont-dynamite-les-bleus-13054458.php\" rel=\"nofollow noopener\" target=\"_blank\">France-Fidji\u00a0: Pierre-Louis Barassi et Julien Marchand, fa\u00e7on m\u00e8ches courtes\u00a0! Comment les joueurs du Stade Toulousain ont dynamit\u00e9 les Bleus<\/a>\n    <\/p>\n<p><strong>Et cela vous a fait du bien de marquer rapidement cette saison\u00a0?<\/strong><br \/>Oui, \u00e7a fait du bien. J\u2019avais la chance quand m\u00eame d\u2019avoir le caract\u00e8re et d\u2019\u00eatre assez proche d\u00e9j\u00e0 des joueurs et du staff. Forc\u00e9ment, tu es frustr\u00e9 quand tu ne marques pas. Moi j\u2019avais dit que \u00e7a allait revenir. Mais forc\u00e9ment, c\u2019est notre r\u00f4le d\u2019ailier, c\u2019est surtout \u00e0 \u00e7a qu\u2019on est regard\u00e9. Donc oui, je suis\u00a0tr\u00e8s content d\u2019avoir pu marquer et surtout de\u00a0participer aux victoires de l\u2019\u00e9quipe. Ce que j\u2019aime, c\u2019est jouer, engranger du temps de jeu, essayer d\u2019\u00eatre le plus efficace possible, apporter le plus possible \u00e0 l\u2019\u00e9quipe.<\/p>\n<p><strong>La technique du plongeon en coin, vous la travaillez\u00a0?<\/strong><br \/>Non, non. C\u2019est peut-\u00eatre \u00e7a qui me fait mal au dos \u00e0 force (rires). Il y a un peu d\u2019instinct, on va dire.<\/p>\n<p><strong>Parce que les gens sont \u00e9tonn\u00e9s de pouvoir placer un ballon d\u2019une main avec le corps compl\u00e8tement en d\u00e9s\u00e9quilibre. Il n\u2019y a pas d\u2019exercice particulier pour cette action\u00a0?<\/strong><br \/>Si, on travaille toujours, on s\u2019amuse. Ce sont les petits jeux qu\u2019on met en place qui peuvent aider. C\u2019est le fait de faire les passes et d\u2019attraper les ballons comme au football am\u00e9ricain. On arrive \u00e0 d\u00e9velopper peut-\u00eatre un peu de dext\u00e9rit\u00e9. Ce sont des trucs que tout le monde\u00a0bosse. En tout cas, bien s\u00fbr, parfois les ailiers marquent\u00a0de fa\u00e7on un peu acrobatique.<\/p>\n<p><strong>Et c\u2019est plus grisant de marquer de fa\u00e7on acrobatique\u00a0?<\/strong><br \/>En tout cas, tu as moins le temps de r\u00e9fl\u00e9chir. Quand tu as un essai qui est tout fait, tu es tr\u00e8s content d\u2019\u00eatre l\u00e0, parce qu\u2019il faut y \u00eatre au bon moment. L\u2019ann\u00e9e o\u00f9 Ashton marque beaucoup, il n\u2019a pas que des essais o\u00f9 il traverse le terrain, mais il faut \u00eatre l\u00e0. Mais forc\u00e9ment quand tu sens que tu travailles\u00a0ton d\u00e9fenseur, c\u2019est vrai que c\u2019est toujours agr\u00e9able.<br \/>\u00a0<\/p>\n","protected":false},"excerpt":{"rendered":"l&rsquo;essentiel Absent lors des deux derniers matchs, l\u2019ailier toulousain est de retour. Il esp\u00e8re surfer sur sa bonne&hellip;\n","protected":false},"author":2,"featured_media":544183,"comment_status":"","ping_status":"","sticky":false,"template":"","format":"standard","meta":{"footnotes":""},"categories":[1416],"tags":[1011,27,479,1468,60],"class_list":{"0":"post-544182","1":"post","2":"type-post","3":"status-publish","4":"format-standard","5":"has-post-thumbnail","7":"category-rugby","8":"tag-fr","9":"tag-france","10":"tag-rugby","11":"tag-rugby-football","12":"tag-sports"},"share_on_mastodon":{"url":"https:\/\/pubeurope.com\/@fr\/115575136217687378","error":""},"_links":{"self":[{"href":"https:\/\/www.europesays.com\/fr\/wp-json\/wp\/v2\/posts\/544182","targetHints":{"allow":["GET"]}}],"collection":[{"href":"https:\/\/www.europesays.com\/fr\/wp-json\/wp\/v2\/posts"}],"about":[{"href":"https:\/\/www.europesays.com\/fr\/wp-json\/wp\/v2\/types\/post"}],"author":[{"embeddable":true,"href":"https:\/\/www.europesays.com\/fr\/wp-json\/wp\/v2\/users\/2"}],"replies":[{"embeddable":true,"href":"https:\/\/www.europesays.com\/fr\/wp-json\/wp\/v2\/comments?post=544182"}],"version-history":[{"count":0,"href":"https:\/\/www.europesays.com\/fr\/wp-json\/wp\/v2\/posts\/544182\/revisions"}],"wp:featuredmedia":[{"embeddable":true,"href":"https:\/\/www.europesays.com\/fr\/wp-json\/wp\/v2\/media\/544183"}],"wp:attachment":[{"href":"https:\/\/www.europesays.com\/fr\/wp-json\/wp\/v2\/media?parent=544182"}],"wp:term":[{"taxonomy":"category","embeddable":true,"href":"https:\/\/www.europesays.com\/fr\/wp-json\/wp\/v2\/categories?post=544182"},{"taxonomy":"post_tag","embeddable":true,"href":"https:\/\/www.europesays.com\/fr\/wp-json\/wp\/v2\/tags?post=544182"}],"curies":[{"name":"wp","href":"https:\/\/api.w.org\/{rel}","templated":true}]}}