{"id":544184,"date":"2025-11-19T07:16:20","date_gmt":"2025-11-19T07:16:20","guid":{"rendered":"https:\/\/www.europesays.com\/fr\/544184\/"},"modified":"2025-11-19T07:16:20","modified_gmt":"2025-11-19T07:16:20","slug":"cotes-darmor-ces-anciens-courts-de-tennis-vendus-pour-un-complexe-sportif-autour-du-padel","status":"publish","type":"post","link":"https:\/\/www.europesays.com\/fr\/544184\/","title":{"rendered":"C\u00f4tes-d&rsquo;Armor. Ces anciens courts de tennis vendus pour un complexe sportif autour du padel"},"content":{"rendered":"<p>                    Par<br \/>\n        <strong><br \/>\n            <a href=\"https:\/\/actu.fr\/auteur\/christophe-ganne\" title=\"Consulter tous les articles de Christophe Ganne\" rel=\"nofollow noopener\" target=\"_blank\">Christophe Ganne<\/a><br \/>\n                    <\/strong><\/p>\n<p>        Publi\u00e9 le<\/p>\n<p>            18 nov. 2025 \u00e0 10h21        <\/p>\n<p>Depuis douze ans, <b>l\u2019ancien complexe de tennis de Lannion,<\/b> rue de Broglie, est d\u00e9saffect\u00e9. Au pied de la tour du Cnet, ces hangars servent \u00e0 entreposer du mat\u00e9riel des services techniques de la ville.<\/p>\n<p>Les sports de raquettes<\/p>\n<p class=\" wall-content\">Un couple s\u2019est port\u00e9 acqu\u00e9reur d\u2019une partie du site de 8 700 m2. L\u2019ensemble fait 12\u2009548\u00a0m2. Anna\u00eblle Hamon et Cl\u00e9ment Le Goff projettent d\u2019y installer un complexe sportif autour des sports de raquettes\u2009: padel, pickleball, badminton avec \u00e9galement un espace de vie et une espace de petite restauration.<\/p>\n<p class=\" wall-content\">Ce complexe verra le jour dans les deux hangars principaux et un vestiaire attenant.<\/p>\n<p>Une forte demande<\/p>\n<p class=\" wall-content\">La ville va vendre pour 255\u2009000\u00a0euros cette partie du site.<\/p>\n<blockquote class=\"ac-article-quote wall-content\">\n<p>\u00ab\u2009Apr\u00e8s m\u00fbre r\u00e9flexion nous avons d\u00e9cid\u00e9 de les vendre. Il y a une forte demande pour ce type de sports\u2009\u00bb.<\/p>\n<p>Sonya Nicolas, adjointe aux sports.<\/p><\/blockquote>\n<p>Vid\u00e9os : en ce moment sur Actu<\/p>\n<p class=\" wall-content\">Un temps, Lannion Tr\u00e9gor communaut\u00e9 avait envisag\u00e9 d\u2019en faire quelque chose. L\u2019Agglo a finalement renonc\u00e9.<\/p>\n<p class=\" wall-content\">Les \u00e9lus ont vot\u00e9 pour \u00e0 l\u2019unanimit\u00e9.<\/p>\n<p>Votre r\u00e9gion, votre actu !<\/p>\n<p>Recevez chaque jour les infos qui comptent pour vous.<\/p>\n<p>\t<a href=\"https:\/\/actu.fr\/newsletter\" class=\"ac-btn ac-btn--corner ac-btn--medium ac-btn--blue800\" rel=\"nofollow noopener\" target=\"_blank\">S&rsquo;incrire<\/a><\/p>\n<p class=\" wall-content\">Un autre complexe de ce type va \u00e9galement ouvrir, <b>route de Tr\u00e9beurden,<\/b> dans les anciens ateliers Raub.<\/p>\n<p class=\" wall-content\">Personnalisez votre actualit\u00e9 en ajoutant vos villes et m\u00e9dias en favori avec <a href=\"https:\/\/moncompte.actu.fr\" title=\"D\u00e9couvez Mon Actu\" rel=\"nofollow noopener\" data-trk=\"{&quot;cta&quot;:{&quot;action&quot;:&quot;https:\\\/\\\/moncompte.actu.fr&quot;,&quot;category&quot;:&quot;mon compte&quot;,&quot;from&quot;:&quot;article footer&quot;,&quot;name&quot;:&quot;Mon actu&quot;,&quot;type&quot;:&quot;cta&quot;}}\" target=\"_blank\">Mon Actu<\/a>.<\/p>\n","protected":false},"excerpt":{"rendered":"Par Christophe Ganne Publi\u00e9 le 18 nov. 2025 \u00e0 10h21 Depuis douze ans, l\u2019ancien complexe de tennis de&hellip;\n","protected":false},"author":2,"featured_media":544185,"comment_status":"","ping_status":"","sticky":false,"template":"","format":"standard","meta":{"footnotes":""},"categories":[1415],"tags":[1011,27,104,60,1467],"class_list":{"0":"post-544184","1":"post","2":"type-post","3":"status-publish","4":"format-standard","5":"has-post-thumbnail","7":"category-tennis","8":"tag-fr","9":"tag-france","10":"tag-societe","11":"tag-sports","12":"tag-tennis"},"share_on_mastodon":{"url":"https:\/\/pubeurope.com\/@fr\/115575140062297690","error":""},"_links":{"self":[{"href":"https:\/\/www.europesays.com\/fr\/wp-json\/wp\/v2\/posts\/544184","targetHints":{"allow":["GET"]}}],"collection":[{"href":"https:\/\/www.europesays.com\/fr\/wp-json\/wp\/v2\/posts"}],"about":[{"href":"https:\/\/www.europesays.com\/fr\/wp-json\/wp\/v2\/types\/post"}],"author":[{"embeddable":true,"href":"https:\/\/www.europesays.com\/fr\/wp-json\/wp\/v2\/users\/2"}],"replies":[{"embeddable":true,"href":"https:\/\/www.europesays.com\/fr\/wp-json\/wp\/v2\/comments?post=544184"}],"version-history":[{"count":0,"href":"https:\/\/www.europesays.com\/fr\/wp-json\/wp\/v2\/posts\/544184\/revisions"}],"wp:featuredmedia":[{"embeddable":true,"href":"https:\/\/www.europesays.com\/fr\/wp-json\/wp\/v2\/media\/544185"}],"wp:attachment":[{"href":"https:\/\/www.europesays.com\/fr\/wp-json\/wp\/v2\/media?parent=544184"}],"wp:term":[{"taxonomy":"category","embeddable":true,"href":"https:\/\/www.europesays.com\/fr\/wp-json\/wp\/v2\/categories?post=544184"},{"taxonomy":"post_tag","embeddable":true,"href":"https:\/\/www.europesays.com\/fr\/wp-json\/wp\/v2\/tags?post=544184"}],"curies":[{"name":"wp","href":"https:\/\/api.w.org\/{rel}","templated":true}]}}