{"id":544186,"date":"2025-11-19T07:20:29","date_gmt":"2025-11-19T07:20:29","guid":{"rendered":"https:\/\/www.europesays.com\/fr\/544186\/"},"modified":"2025-11-19T07:20:29","modified_gmt":"2025-11-19T07:20:29","slug":"foutage-de-gueule-aberrant-stop-au-racket-le-pps-devient-payant-et-suscite-la-fronde-des-coureurs","status":"publish","type":"post","link":"https:\/\/www.europesays.com\/fr\/544186\/","title":{"rendered":"\u00ab\u00a0Foutage de gueule\u00a0\u00bb, \u00ab\u00a0aberrant\u00a0\u00bb, \u00ab\u00a0Stop au racket\u00a0\u00bb&#8230; Le PPS devient payant et suscite la fronde des coureurs"},"content":{"rendered":"<p class=\"mb-4 text-lg md:leading-8 break-words\">L&rsquo;acronyme \u00ab\u00a0PPS\u00a0\u00bb ne parle pas au grand public, mais les habitu\u00e9s de la course \u00e0 pied ou les coureurs qui mettent un dossard occasionnellement connaissent tr\u00e8s bien le \u00ab\u00a0Pass pr\u00e9vention sant\u00e9\u00a0\u00bb. Et depuis quelques jours, le PPS est l&rsquo;objet d&rsquo;intenses d\u00e9bats.<\/p>\n<p class=\"mb-4 text-lg md:leading-8 break-words\">Pour remplacer le traditionnel certificat m\u00e9dical d&rsquo;aptitude \u00e0 la course \u00e0 pied, qui prend du temps m\u00e9dical aux m\u00e9decins, la F\u00e9d\u00e9ration Fran\u00e7aise de course \u00e0 pied a mis en place progressivement, \u00e0 partir de septembre 2023 pour ses licenci\u00e9s, le PPS.<\/p>\n<p>5 euros d\u00e8s le 1er janvier 2026<\/p>\n<p class=\"mb-4 text-lg md:leading-8 break-words\">En clair, un outil en quatre \u00e9tapes de sensibilisation aux risques, aux pr\u00e9cautions et aux recommandations li\u00e9s \u00e0 la sant\u00e9 des coureurs, qui se fait en ligne. Au terme de ce parcours, l&rsquo;internaute obtient une attestation \u00e0 remettre \u00e0 l\u2019organisateur de sa prochaine course, assurant qu&rsquo;il a conscience des risques.<\/p>\n<p class=\"mb-4 text-lg md:leading-8 break-words\">Concr\u00e8tement, en vid\u00e9o, des sp\u00e9cialistes mettent en garde sur les risques, cardiaques notamment ,et les attitudes \u00e0 adopter. Jusqu&rsquo;\u00e0 pr\u00e9sent gratuit, le PPS va devenir payant d\u00e8s 2026, au tarif de 5 euros, mais sera valable un an contre trois mois actuellement.<\/p>\n<p>Un \u00ab\u00a0foutage de gueule\u00a0\u00bb pour certains<\/p>\n<p class=\"mb-4 text-lg md:leading-8 break-words\">Si la somme peut sembler d\u00e9risoire au regard du prix de certains dossards, 135 euros pour le marathon de Paris par exemple, le principe insurge de nombreux coureurs et suscite de tr\u00e8s nombreux commentaires dans les groupes de discussions d\u00e9di\u00e9s \u00e0 la course \u00e0 pied.<\/p>\n<p class=\"mb-4 text-lg md:leading-8 break-words\">Le tr\u00e8s influent compte \u00ab\u00a0Utrail\u00a0\u00bb et ses 125 000 abonn\u00e9s d\u00e9nonce un \u00ab\u00a0foutage de gueule\u00a0\u00bb, mais dans les commentaires, les pratiquants sont plut\u00f4t divis\u00e9s.<\/p>\n<p>\u00ab\u00a0Financer une strat\u00e9gie et une mission d\u00e9l\u00e9gu\u00e9es par l&rsquo;Etat\u00a0\u00bb se d\u00e9fend la F\u00e9d\u00e9ration<\/p>\n<p class=\"mb-4 text-lg md:leading-8 break-words\">Comme sur d&rsquo;autres publications, certains d\u00e9noncent la volont\u00e9 de \u00ab\u00a0faire les poches\u00a0\u00bb des coureurs, et ainsi combler le d\u00e9ficit de la F\u00e9d\u00e9ration, \u00ab\u00a0chiffr\u00e9 \u00e0 3,6 millions d&rsquo;euros fin 2024\u00a0\u00bb. \u00ab\u00a0L&rsquo;id\u00e9e n&rsquo;est pas de combler un trou mais de financer une strat\u00e9gie et une mission d\u00e9l\u00e9gu\u00e9es par l&rsquo;\u00c9tat\u00a0\u00bb, r\u00e9pond la pr\u00e9sidente d\u00e9l\u00e9gu\u00e9e de la FFA, Emmanuelle Jaeger, dans une interview \u00e0 <a data-i13n=\"cpos:1;pos:1\" href=\"https:\/\/www.ouest-france.fr\/sport\/running\/entretien-le-montant-est-symbolique-la-federation-dathletisme-se-defend-apres-le-tolle-du-pps-payant-8bdf2fde-c3b2-11f0-a316-aa52a6afd2bb\" rel=\"nofollow noopener\" target=\"_blank\" data-ylk=\"slk:Ouest-France;cpos:1;pos:1;elm:context_link;itc:0;sec:content-canvas\" class=\"link \">Ouest-France<\/a>.<\/p>\n<p class=\"mb-4 text-lg md:leading-8 break-words\">Mais d&rsquo;autre coureurs relativisent le prix, au vu du montant d\u00e9pens\u00e9 dans les inscriptions ou dans le mat\u00e9riel, devenu de plus en plus cher. \u00ab\u00a0Une montre GPS \u00e0 180 euros, des baskets \u00e0 220 euros un short \u00e0 60 euros, un maillot \u00e0 70 euros\u00a0\u00bb, rappelle un internaute, quand un autre interroge :\u00a0\u00bbPar contre 513\u20ac d&rsquo;inscription pour faire un half Ironman \u00e7a ne d\u00e9range personne ?\u00a0\u00bb.<\/p>\n<p>\u00ab\u00a0C&rsquo;est juste pour r\u00e9cup\u00e9rer de l&rsquo;argent encore une fois et en quoi cela va nous mettre plus en s\u00e9curit\u00e9 ?\u00a0\u00bb<\/p>\n<p class=\"mb-4 text-lg md:leading-8 break-words\">Chez certains coureurs, c&rsquo;est le fait qu&rsquo;un syst\u00e8me jusqu&rsquo;\u00e0 pr\u00e9sent gratuit devienne subitement payant qui \u00e9nerve. \u00ab\u00a0Dans l&rsquo;id\u00e9e oui, je suis d&rsquo;accord mais pourquoi maintenant payant ??? Frais de fonctionnement ? \u00c7a fonctionnait tr\u00e8s bien ainsi. C&rsquo;est juste pour r\u00e9cup\u00e9rer de l&rsquo;argent encore une fois. Et en quoi cela va nous mettre plus en s\u00e9curit\u00e9 ?\u00a0\u00bb, demande un internaute.<\/p>\n<p class=\"mb-4 text-lg md:leading-8 break-words\">\u00ab\u00a0Il y aura toujours un parcours qui consiste \u00e0 visionner trois vid\u00e9os \u00e0 la suite, d\u00e9taille Adrien Tarenne, responsable du P\u00f4le d\u00e9veloppement \u00e0 la FFA, aupr\u00e8s du site <a data-i13n=\"cpos:2;pos:1\" href=\"https:\/\/jogging-international.net\/actualites\/running-le-pps-bientot-remplace-par-un-pass-payant-pour-sinscrire-aux-courses\/\" rel=\"nofollow noopener\" target=\"_blank\" data-ylk=\"slk:Jogging International;cpos:2;pos:1;elm:context_link;itc:0;sec:content-canvas\" class=\"link \">Jogging International<\/a>. Nous allons simplement changer les intervenants. Le fond ne change donc pas car il a \u00e9t\u00e9 valid\u00e9 par notre commission m\u00e9dicale et \u00e7a c\u2019est tr\u00e8s important\u00a0\u00bb.<\/p>\n<p>Des organisateurs de course en col\u00e8re<\/p>\n<p class=\"mb-4 text-lg md:leading-8 break-words\">La pr\u00e9sidente d\u00e9l\u00e9gu\u00e9e de la FFA, Emmanuelle Jaeger, dans une interview \u00e0 <a data-i13n=\"cpos:3;pos:1\" href=\"https:\/\/www.ouest-france.fr\/sport\/running\/entretien-le-montant-est-symbolique-la-federation-dathletisme-se-defend-apres-le-tolle-du-pps-payant-8bdf2fde-c3b2-11f0-a316-aa52a6afd2bb\" rel=\"nofollow noopener\" target=\"_blank\" data-ylk=\"slk:Ouest-France;cpos:3;pos:1;elm:context_link;itc:0;sec:content-canvas\" class=\"link \">Ouest-France<\/a> promet que la nouvelle version du PPS s&rsquo;accompagnera de conseils nutrition, sommeil et coaching \u00e0 l&rsquo;adresse des pratiquants en comp\u00e9tition,<\/p>\n<p class=\"mb-4 text-lg md:leading-8 break-words\">Les organisateurs de course se font aussi entendre. \u00ab\u00a0Pour moi, il s&rsquo;agit surtout d&rsquo;une taxe suppl\u00e9mentaire\u00a0\u00bb, s&rsquo;\u00e9meut Claude Salmon, organisateur du Menestrail de Moncontour, dans <a data-i13n=\"cpos:4;pos:1\" href=\"https:\/\/www.ouest-france.fr\/sport\/running\/running-une-taxe-supplementaire-la-decision-de-la-fede-de-faire-payer-le-pps-fait-reagir-d4663efa-c164-11f0-a316-aa52a6afd2bb\" rel=\"nofollow noopener\" target=\"_blank\" data-ylk=\"slk:Ouest-France;cpos:4;pos:1;elm:context_link;itc:0;sec:content-canvas\" class=\"link \">Ouest-France<\/a>. \u00ab\u00a0C&rsquo;est aberrant et r\u00e9voltant\u00a0\u00bb, s&rsquo;agace dans <a data-i13n=\"cpos:5;pos:1\" href=\"https:\/\/www.lesechos.fr\/industrie-services\/services-conseils\/running-le-parcours-prevention-sante-payant-pour-participer-aux-courses-suscite-une-polemique-2198823\" rel=\"nofollow noopener\" target=\"_blank\" data-ylk=\"slk:Les \u00c9chos;cpos:5;pos:1;elm:context_link;itc:0;sec:content-canvas\" class=\"link \">Les \u00c9chos<\/a> Gilbert Ysern, pr\u00e9sident de France Outdoor Sport Events, qui rassemble des organisateurs d&rsquo;\u00e9v\u00e9nements sportifs. Il d\u00e9nonce \u00e0 la fois les m\u00e9thodes de la f\u00e9d\u00e9ration, qui a communiqu\u00e9 sa d\u00e9cision par simple e-mail, et sa position \u00ab\u00a0\u00e0 la limite du monopole\u00a0\u00bb qui emp\u00eache tout contre-pouvoir.<\/p>\n<p>Les coureurs ont un budget moyen de 1 120 euros par an<\/p>\n<p class=\"mb-4 text-lg md:leading-8 break-words\">\u00ab\u00a0Le trail de la Bellonnie est contre cette nouvelle mesure !!! Stop au racket des runners !!!\u00a0\u00bb, \u00e9crivent par exemple les organisateurs de cette course.<\/p>\n<p class=\"mb-4 text-lg md:leading-8 break-words\">On estime que deux millions de PPS sont r\u00e9alis\u00e9s chaque ann\u00e9e pour l&rsquo;inscription \u00e0 une course. Soit une manne potentielle de 10 millions d&rsquo;euros pour la F\u00e9d\u00e9ration Fran\u00e7aise d&rsquo;Athl\u00e9tisme. Sauf si de nombreux coureurs occasionnels renoncent \u00e0 enfiler un dossard.<\/p>\n<p class=\"mb-4 text-lg md:leading-8 break-words\">Chez les coureurs r\u00e9guliers, la somme consacr\u00e9e \u00e0 la course \u00e0 pied s&rsquo;\u00e9l\u00e8ve \u00e0 1 120 euros par an, selon <a data-i13n=\"cpos:6;pos:1\" href=\"https:\/\/run-motion.com\/barometre-du-running-2025-runmotion\/\" rel=\"nofollow noopener\" target=\"_blank\" data-ylk=\"slk:le barom\u00e8tre du running;cpos:6;pos:1;elm:context_link;itc:0;sec:content-canvas\" class=\"link \">le barom\u00e8tre du running<\/a> publi\u00e9 chaque ann\u00e9e par RunMotion Coach.<\/p>\n","protected":false},"excerpt":{"rendered":"L&rsquo;acronyme \u00ab\u00a0PPS\u00a0\u00bb ne parle pas au grand public, mais les habitu\u00e9s de la course \u00e0 pied ou les&hellip;\n","protected":false},"author":2,"featured_media":544187,"comment_status":"","ping_status":"","sticky":false,"template":"","format":"standard","meta":{"footnotes":""},"categories":[1411],"tags":[7712,1154,207,50570,34848,1011,27,66289,6463,60],"class_list":{"0":"post-544186","1":"post","2":"type-post","3":"status-publish","4":"format-standard","5":"has-post-thumbnail","7":"category-cyclisme","8":"tag-course-a-pied","9":"tag-cycling","10":"tag-cyclisme","11":"tag-federation-francaise","12":"tag-foutage-de-gueule","13":"tag-fr","14":"tag-france","15":"tag-la-course-a-pied","16":"tag-marathon-de-paris","17":"tag-sports"},"share_on_mastodon":{"url":"https:\/\/pubeurope.com\/@fr\/115575155879466486","error":""},"_links":{"self":[{"href":"https:\/\/www.europesays.com\/fr\/wp-json\/wp\/v2\/posts\/544186","targetHints":{"allow":["GET"]}}],"collection":[{"href":"https:\/\/www.europesays.com\/fr\/wp-json\/wp\/v2\/posts"}],"about":[{"href":"https:\/\/www.europesays.com\/fr\/wp-json\/wp\/v2\/types\/post"}],"author":[{"embeddable":true,"href":"https:\/\/www.europesays.com\/fr\/wp-json\/wp\/v2\/users\/2"}],"replies":[{"embeddable":true,"href":"https:\/\/www.europesays.com\/fr\/wp-json\/wp\/v2\/comments?post=544186"}],"version-history":[{"count":0,"href":"https:\/\/www.europesays.com\/fr\/wp-json\/wp\/v2\/posts\/544186\/revisions"}],"wp:featuredmedia":[{"embeddable":true,"href":"https:\/\/www.europesays.com\/fr\/wp-json\/wp\/v2\/media\/544187"}],"wp:attachment":[{"href":"https:\/\/www.europesays.com\/fr\/wp-json\/wp\/v2\/media?parent=544186"}],"wp:term":[{"taxonomy":"category","embeddable":true,"href":"https:\/\/www.europesays.com\/fr\/wp-json\/wp\/v2\/categories?post=544186"},{"taxonomy":"post_tag","embeddable":true,"href":"https:\/\/www.europesays.com\/fr\/wp-json\/wp\/v2\/tags?post=544186"}],"curies":[{"name":"wp","href":"https:\/\/api.w.org\/{rel}","templated":true}]}}