{"id":544192,"date":"2025-11-19T07:26:30","date_gmt":"2025-11-19T07:26:30","guid":{"rendered":"https:\/\/www.europesays.com\/fr\/544192\/"},"modified":"2025-11-19T07:26:30","modified_gmt":"2025-11-19T07:26:30","slug":"cafe-the-algues-vin-biere-laveyronnaise-adriana-vidano-expose-ses-photos-developpees-avec-des-procedes-alternatifs","status":"publish","type":"post","link":"https:\/\/www.europesays.com\/fr\/544192\/","title":{"rendered":"Caf\u00e9, th\u00e9, algues, vin, bi\u00e8re\u2026\u00a0: l\u2019Aveyronnaise Adriana Vidano expose ses photos d\u00e9velopp\u00e9es avec des proc\u00e9d\u00e9s alternatifs"},"content":{"rendered":"<p>\n                                                                    l&rsquo;essentiel<br \/>\n                                                                La Decazevilloise Adriana Vidano expose jusqu\u2019au 20\u00a0d\u00e9cembre 2025 \u00e0 la m\u00e9diath\u00e8que de Rignac en Aveyron. \u00ab\u00a0Les Larmes des choses\u00a0\u00bb, des photos d\u00e9velopp\u00e9es avec du caf\u00e9, du th\u00e9 ou des algues. Avec pour support du papier japonais ou des feuilles d\u2019arbres.\n                            <\/p>\n<p>Voil\u00e0 une artiste adepte du d\u00e9veloppement durable, au propre comme au figur\u00e9.<br \/>Depuis vendredi dernier et jusqu\u2019au 20\u00a0d\u00e9cembre 2025, la Decazevilloise Adriana Vidano expose une partie de ses \u0153uvres \u00e0 la m\u00e9diath\u00e8que-office de tourisme de Rignac. Une exposition intitul\u00e9e \u00ab\u00a0\u2005Les Larmes des choses\u00a0\u00bb.<\/p>\n<p>Il y a dix ans, nous avions relat\u00e9 l\u2019aventure n\u00e9palaise de la jeune Decazevilloise, alors \u00e9tudiante en science politique qui a \u00e9crit son m\u00e9moire sur le th\u00e8me de la transition politique au N\u00e9pal. Elle avait \u00e9t\u00e9 aux c\u00f4t\u00e9s de la population n\u00e9palaise frapp\u00e9e par un important s\u00e9isme.<\/p>\n<p>        <img decoding=\"async\" class=\"std-img__img responsive-img\" src=\"https:\/\/www.europesays.com\/fr\/wp-content\/uploads\/2025\/11\/1763537166_51_image.jpg\" alt=\"Adriana Vidano prom\u00e8ne son regard sur les \u00eatres et les choses.\"\/><\/p>\n<p>                Adriana Vidano prom\u00e8ne son regard sur les \u00eatres et les choses.<br \/>\n                                    Adriana Vidano &#8211; Adriana Vidano<\/p>\n<p>\u00ab\u00a0Je me suis un peu sp\u00e9cialis\u00e9e sur les questions de m\u00e9moire d\u00e9j\u00e0 \u00e0 Sciences Po avec ces recherches-l\u00e0, sur comment on \u00e9crit l\u2019Histoire, comment on se souvient collectivement et individuellement des choses, comment on construit nos identit\u00e9s individuelles et collectives\u00a0\u00bb.<\/p>\n<p>        <img decoding=\"async\" class=\"std-img__img responsive-img\" src=\"https:\/\/www.europesays.com\/fr\/wp-content\/uploads\/2025\/11\/1763537171_730_image.jpg\" alt=\"Une photo sur papier japonais.\"\/><\/p>\n<p>                Une photo sur papier japonais.<br \/>\n                                    Adriana Vidano &#8211; Adriana Vidano<\/p>\n<p>Apr\u00e8s le N\u00e9pal, cap durant cinq ans vers la Tunisie o\u00f9 Adriana Vidano a enseign\u00e9 le fran\u00e7ais, a traduit des textes, a travaill\u00e9 pour des ONG, avant de se tourner vers l\u2019\u00e9criture d\u2019un livre, et dans le journalisme\u00a0: \u00ab\u00a0Je voulais \u00e9crire et faire de la photo\u2005\u00a0\u00bb.<\/p>\n<p>\u00ab\u00a0Des proc\u00e9d\u00e9s alternatifs\u00a0\u00bb<\/p>\n<p>                    <img decoding=\"async\" class=\"responsive-img\" src=\"https:\/\/www.europesays.com\/fr\/wp-content\/uploads\/2025\/11\/1763537177_707_hqdefault.jpg\"\/><br \/>\n                <a class=\"stretched-link\" href=\"#paywall\" rel=\"js-anchor\"><\/p>\n<p>        <\/a><\/p>\n<p>Ainsi, Adriana Vidano a travaill\u00e9 pour Nawaat et Nawaat Magazine\u00a0; mais a aussi co\u00e9crit le long-m\u00e9trage \u00ab\u00a0From her to there\u00a0\u00bb (laur\u00e9at du concours d\u2019innovation documentaire PNUD), pig\u00e9 pour diverses publications dont Lib\u00e9ration ou Orient XXI\u00a0; tout en continuant des travaux universitaires.<\/p>\n<p>De retour en France, Adriana Vidano vit actuellement \u00e0 Paris o\u00f9 elle est r\u00e9dactrice, correctrice ind\u00e9pendante, donne des cours et poursuit sa passion de la photo.<\/p>\n<p>        <img decoding=\"async\" class=\"std-img__img responsive-img\" src=\"https:\/\/www.europesays.com\/fr\/wp-content\/uploads\/2025\/11\/1763537179_260_image.jpg\" alt=\"La force du caf\u00e9 conditionne le grain du d\u00e9veloppement.\"\/><\/p>\n<p>                La force du caf\u00e9 conditionne le grain du d\u00e9veloppement.<br \/>\n                                    Adriana Vidano &#8211; Adriana Vidano<\/p>\n<p>\u00ab\u00a0Je travaille en argentique, j\u2019ai creus\u00e9 les proc\u00e9d\u00e9s alternatifs de d\u00e9veloppement\u00a0; non toxiques. Cela permet d\u2019\u00eatre autonome et tout en respectant l\u2019environnement, m\u00eame s\u2019il y a parfois du bicarbonate de soude ou de la vitamine C. J\u2019ai commenc\u00e9 par du caf\u00e9 (le grain de la photo est diff\u00e9rent selon les caf\u00e9s\u00a0; le caf\u00e9 turc donne un fonc\u00e9 plus marqu\u00e9), du th\u00e9, des algues, du vin, de la bi\u00e8re\u2026 Cela pousse \u00e0 apprendre. J\u2019ai beaucoup \u00e9chang\u00e9, notamment durant la pand\u00e9mie Covid, avec un collectif londonien. J\u2019exp\u00e9rimente de nouvelles recettes de d\u00e9veloppement\u00a0\u00bb.<\/p>\n<p>        <img decoding=\"async\" class=\"std-img__img responsive-img\" src=\"https:\/\/www.europesays.com\/fr\/wp-content\/uploads\/2025\/11\/1763537184_815_image.jpg\" alt=\"La force du caf\u00e9 conditionne le grain du d\u00e9veloppement.\"\/><\/p>\n<p>                La force du caf\u00e9 conditionne le grain du d\u00e9veloppement.<br \/>\n                                    Adriana Vidano &#8211; Adriana Vidano<\/p>\n<p>Forcer l\u2019automne sur la feuille<\/p>\n<p>De la m\u00eame mani\u00e8re, Adriana Vidano choisit de nouveaux supports\u00a0: outre le papier Beaux-arts, elle utilise le papier japonais (\u00ab\u00a0c\u2019est tr\u00e8s doux\u00a0\u00bb), mais aussi des feuilles d\u2019arbres et de plantes\u00a0; \u00ab\u00a0Depuis deux ans, je me concentre sur les techniques de tirage. On force un petit peu le changement de pigmentation sur la feuille sans la faire s\u00e9cher. On force l\u2019automne sur la feuille\u00a0\u00bb.<\/p>\n<p>        <img decoding=\"async\" class=\"std-img__img responsive-img\" src=\"https:\/\/images.ladepeche.fr\/api\/v1\/images\/view\/691b3272f0f3d2194e08e926\/full\/image.jpg?v=1\" alt=\"Adriana Vidano pr\u00e9sente des tirages sur feuilles d\u2019arbres.\"\/><\/p>\n<p>                Adriana Vidano pr\u00e9sente des tirages sur feuilles d\u2019arbres.<br \/>\n                                    DDM &#8211; BHSP<\/p>\n<p>\nAdriana Vidano sera \u00e9galement pr\u00e9sente au 24e SMART (Supermarch\u00e9 de l\u2019art) \u00e0 Rignac, qui se d\u00e9roulera les 27, 28 et 29\u00a0novembre 2025 \u00e0 de Rignac.<\/p>\n<p>Contact\u00a0: vidano.adriana@gmail.com<\/p>\n<p>La m\u00e9moire au c\u0153ur de l\u2019exposition \u00ab\u00a0Les larmes des choses\u00a0\u00bb<\/p>\n<p>        <img decoding=\"async\" class=\"std-img__img responsive-img\" src=\"https:\/\/www.europesays.com\/fr\/wp-content\/uploads\/2025\/11\/1763537190_4_image.jpg\" alt=\"Une chaise, t\u00e9moin du passage des \u00eatres\u2026\"\/><\/p>\n<p>                Une chaise, t\u00e9moin du passage des \u00eatres\u2026<br \/>\n                                    Adriana Vidano &#8211; Adriana Vidano<\/p>\n<p>Adriana Vidano a intitul\u00e9 son exposition \u00ab\u00a0\u2005Les Larmes des choses\u2005\u00a0\u00bb.<br \/>Car son travail interroge la mani\u00e8re dont les souvenirs se cr\u00e9ent, se transforment et circulent, au fil d\u2019une vie et \u00e0 travers les g\u00e9n\u00e9rations.<\/p>\n<p>\u00c0 travers une pratique photographique \u00e0 la fois documentaire et intuitive, elle cherche \u00e0 saisir ces traces furtives qui nous relient au temps. Silences habit\u00e9s, pr\u00e9sences sourdes, hors-champ signifiants \u2014 ce qui \u00e9chappe habituellement au regard imm\u00e9diat et \u00e0 la narration ouvre un espace de r\u00e9sonance et d\u2019intimit\u00e9.<\/p>\n<p>La m\u00e9moire se loge dans l\u2019interstice des choses et des gestes. Les proc\u00e9d\u00e9s argentiques et les tirages par contact prolongent cette approche\u00a0: par le retour \u00e0 la mati\u00e8re et une temporalit\u00e9 suspendue, ils restituent le souvenir comme une exp\u00e9rience sensible.<\/p>\n<p>L\u2019image devient le t\u00e9moin vivant d\u2019une r\u00e9alit\u00e9 en mouvement. Sa fabrication se nourrit du hasard, de l\u2019\u00e9ph\u00e9m\u00e8re et de la patience.<\/p>\n<p>\u00ab\u00a0Les larmes des choses\u00a0\u00bb\u00a0r\u00e9unit des images personnelles prises au cours des derni\u00e8res ann\u00e9es en marge d\u2019instants et de contextes vari\u00e9s.<\/p>\n<p>Ensemble, elles composent une fresque int\u00e9rieure et collective de nos m\u00e9moires incarn\u00e9es\u00a0: une contemplation de vies en \u00e9cho, o\u00f9 se rejouent les questions de transmission, de lien, d\u2019oubli et de r\u00e9miniscence.<\/p>\n","protected":false},"excerpt":{"rendered":"l&rsquo;essentiel La Decazevilloise Adriana Vidano expose jusqu\u2019au 20\u00a0d\u00e9cembre 2025 \u00e0 la m\u00e9diath\u00e8que de Rignac en Aveyron. \u00ab\u00a0Les Larmes&hellip;\n","protected":false},"author":2,"featured_media":544193,"comment_status":"","ping_status":"","sticky":false,"template":"","format":"standard","meta":{"footnotes":""},"categories":[1358],"tags":[1348,1384,1385,1386,58,59,1011,27],"class_list":{"0":"post-544192","1":"post","2":"type-post","3":"status-publish","4":"format-standard","5":"has-post-thumbnail","7":"category-arts-et-design","8":"tag-arts","9":"tag-arts-and-design","10":"tag-arts-et-design","11":"tag-design","12":"tag-divertissement","13":"tag-entertainment","14":"tag-fr","15":"tag-france"},"share_on_mastodon":{"url":"https:\/\/pubeurope.com\/@fr\/115575180222821823","error":""},"_links":{"self":[{"href":"https:\/\/www.europesays.com\/fr\/wp-json\/wp\/v2\/posts\/544192","targetHints":{"allow":["GET"]}}],"collection":[{"href":"https:\/\/www.europesays.com\/fr\/wp-json\/wp\/v2\/posts"}],"about":[{"href":"https:\/\/www.europesays.com\/fr\/wp-json\/wp\/v2\/types\/post"}],"author":[{"embeddable":true,"href":"https:\/\/www.europesays.com\/fr\/wp-json\/wp\/v2\/users\/2"}],"replies":[{"embeddable":true,"href":"https:\/\/www.europesays.com\/fr\/wp-json\/wp\/v2\/comments?post=544192"}],"version-history":[{"count":0,"href":"https:\/\/www.europesays.com\/fr\/wp-json\/wp\/v2\/posts\/544192\/revisions"}],"wp:featuredmedia":[{"embeddable":true,"href":"https:\/\/www.europesays.com\/fr\/wp-json\/wp\/v2\/media\/544193"}],"wp:attachment":[{"href":"https:\/\/www.europesays.com\/fr\/wp-json\/wp\/v2\/media?parent=544192"}],"wp:term":[{"taxonomy":"category","embeddable":true,"href":"https:\/\/www.europesays.com\/fr\/wp-json\/wp\/v2\/categories?post=544192"},{"taxonomy":"post_tag","embeddable":true,"href":"https:\/\/www.europesays.com\/fr\/wp-json\/wp\/v2\/tags?post=544192"}],"curies":[{"name":"wp","href":"https:\/\/api.w.org\/{rel}","templated":true}]}}