{"id":544198,"date":"2025-11-19T07:31:12","date_gmt":"2025-11-19T07:31:12","guid":{"rendered":"https:\/\/www.europesays.com\/fr\/544198\/"},"modified":"2025-11-19T07:31:12","modified_gmt":"2025-11-19T07:31:12","slug":"dossier-137-eleanor-the-great-des-preuves-damour-nos-critiques-des-sorties-cinema-de-la-semaine-liberation","status":"publish","type":"post","link":"https:\/\/www.europesays.com\/fr\/544198\/","title":{"rendered":"\u00abDossier 137\u00bb, \u00abEleanor the Great\u00bb, \u00abDes preuves d\u2019amour\u00bb\u2026 Nos critiques des sorties cin\u00e9ma de la semaine \u2013 Lib\u00e9ration"},"content":{"rendered":"<p class=\"sc-cPiKLX AiZTS text-element\">Pour aider nos lecteurs \u00e0 s\u2019y retrouver dans une offre culturelle foisonnante, les journalistes du service Culture de Lib\u00e9 vous d\u00e9blaient le terrain dans l\u2019actualit\u00e9 des sorties de films, d\u2019albums, de spectacles, de s\u00e9ries et d\u2019expositions. <a href=\"https:\/\/www.liberation.fr\/selections-culture\/\" rel=\"noopener\" title=\"https:\/\/www.liberation.fr\/selections-culture\/\" target=\"_blank\">Retrouvez l\u2019ensemble de nos s\u00e9lections<\/a>.<\/p>\n<p class=\"sc-cPiKLX AiZTS text-element\">Tant\u00f4t limit\u00e9, tant\u00f4t renforc\u00e9 par son dispositif robotique et protocolaire, le cin\u00e9aste scrute les m\u00e9canismes d\u2019une institution souvent dysfonctionnelle, en prenant pour point de d\u00e9part une affaire de violences polici\u00e8res dans une manifestation de gilets jaunes. Lire <a href=\"https:\/\/www.liberation.fr\/culture\/cinema\/avec-dossier-137-dominik-moll-prend-ses-flics-et-ses-couacs-20251118_S5M6OOQI5JHIHLETXALVGPRBME\/\" target=\"_blank\" rel=\"noreferrer noopener\" title=\"https:\/\/www.liberation.fr\/culture\/cinema\/avec-dossier-137-dominik-moll-prend-ses-flics-et-ses-couacs-20251118_S5M6OOQI5JHIHLETXALVGPRBME\/\">la critique de Cl\u00e9ment Colliaux<\/a> et <a href=\"https:\/\/www.liberation.fr\/culture\/cinema\/dominik-moll-realisateur-de-dossier-137-et-agnes-thibault-lecuivre-ex-patronne-de-ligpn-on-sent-une-vraie-peur-de-se-mettre-la-police-a-dos-20251118_RQMRFBCF3RGIRPENT56BUXFLDQ\/\" target=\"_blank\" rel=\"noopener\" title=\"https:\/\/www.liberation.fr\/culture\/cinema\/dominik-moll-realisateur-de-dossier-137-et-agnes-thibault-lecuivre-ex-patronne-de-ligpn-on-sent-une-vraie-peur-de-se-mettre-la-police-a-dos-20251118_RQMRFBCF3RGIRPENT56BUXFLDQ\/\">notre interview crois\u00e9e du cin\u00e9aste avec Agn\u00e8s Thibault-Lecuivre, ancienne patronne de l\u2019IGPN<\/a>.  <\/p>\n<\/p>\n<p class=\"sc-cPiKLX AiZTS text-element\">Le cin\u00e9aste s\u2019en prend aux ravages du surtourisme \u00e0 Lisbonne dans une fable juste et \u00e0 la limite du fantastique, dans laquelle les visiteurs sont transform\u00e9s en animaux. <a href=\"https:\/\/www.liberation.fr\/culture\/cinema\/larbre-de-la-connaissance-deugene-green-lisboete-dans-lame-20251118_4CM2NFECLNE67PC7GMRNB4D3BQ\/\" target=\"_blank\" rel=\"noreferrer noopener\" title=\"https:\/\/www.liberation.fr\/culture\/cinema\/larbre-de-la-connaissance-deugene-green-lisboete-dans-lame-20251118_4CM2NFECLNE67PC7GMRNB4D3BQ\/\">Lire la critique de Laura Tuillier<\/a>.<\/p>\n<\/p>\n<p class=\"sc-cPiKLX AiZTS text-element\">Un couple de femmes attend son premier enfant dans le premier long m\u00e9trage r\u00e9ussi d\u2019Alice Douard, qui allie charme et inqui\u00e9tude. <a href=\"https:\/\/www.liberation.fr\/culture\/cinema\/des-preuves-damour-lodyssee-des-meres-dalice-douard-20251118_III44YAK6RCN5IJILXTSTPLW64\/\" target=\"_blank\" rel=\"noreferrer noopener\" title=\"https:\/\/www.liberation.fr\/culture\/cinema\/des-preuves-damour-lodyssee-des-meres-dalice-douard-20251118_III44YAK6RCN5IJILXTSTPLW64\/\">Lire la critique de Sandra Onana<\/a>.<\/p>\n<\/p>\n<p class=\"sc-cPiKLX AiZTS text-element\">Le documentariste Gianfranco Rosi renoue avec ses d\u00e9buts dans un portrait \u00e0 la fois beau et empathique de la ville italienne et de ses sc\u00e8nes de la vie quotidienne. <a href=\"https:\/\/www.liberation.fr\/culture\/cinema\/pompei-sotto-le-nuvole-naples-en-dentelle-20251119_VRJPLPRLQFDCTO7XUZSN33VKEM\/\" target=\"_blank\" rel=\"noreferrer noopener\" title=\"https:\/\/www.liberation.fr\/culture\/cinema\/pompei-sotto-le-nuvole-naples-en-dentelle-20251119_VRJPLPRLQFDCTO7XUZSN33VKEM\/\">Lire la critique de Didier P\u00e9ron<\/a>.<\/p>\n<\/p>\n<p class=\"sc-cPiKLX AiZTS text-element\">Le \u00abfilm de vieux\u00bb de l\u2019Am\u00e9ricaine se r\u00e9v\u00e8le \u00eatre une r\u00e9flexion sur la transmission de la m\u00e9moire de l\u2019Holocauste et une belle histoire d\u2019amiti\u00e9. <a href=\"https:\/\/www.liberation.fr\/culture\/cinema\/eleanor-the-great-de-scarlett-johanson-mythomamie-20251118_H44GHTW245ADBJ4KVPT7W64VI4\/\" target=\"_blank\" rel=\"noopener\" title=\"https:\/\/www.liberation.fr\/culture\/cinema\/eleanor-the-great-de-scarlett-johanson-mythomamie-20251118_H44GHTW245ADBJ4KVPT7W64VI4\/\">Lire la critique de Camille Nevers.<\/a><\/p>\n<\/p>\n<p class=\"sc-cPiKLX AiZTS text-element\">La cin\u00e9aste revient en Tha\u00eflande, lieu traumatique d\u2019une op\u00e9ration de changement de sexe. Un documentaire tout en patience et m\u00e9ditation sur la souffrance. Lire la critique de Camille Nevers.<\/p>\n<\/p>\n<p class=\"sc-cPiKLX AiZTS text-element\">Avec son film biographique, Agnieszka Holland vient rajouter sa pierre au trop-plein de productions sur l\u2019auteur g\u00e9nie de la M\u00e9tamorphose. <a href=\"https:\/\/www.liberation.fr\/culture\/cinema\/franz-k-kafka-sur-le-mirage-20251119_4CT4MFXTIBDGBE35JKMAQI5M54\/\" target=\"_blank\" rel=\"noreferrer noopener\" title=\"https:\/\/www.liberation.fr\/culture\/cinema\/franz-k-kafka-sur-le-mirage-20251119_4CT4MFXTIBDGBE35JKMAQI5M54\/\">Lire la critique de Didier P\u00e9ron<\/a>.<\/p>\n<\/p>\n<p class=\"sc-cPiKLX AiZTS text-element\">Si la nouvelle adaptation du roman de Stephen King, apr\u00e8s le film de 1987, sur une chasse \u00e0 l\u2019homme t\u00e9l\u00e9vis\u00e9e affiche de grandes intentions, le Britannique nous perd dans un d\u00e9fil\u00e9 d\u2019images qui laisse la charge politique du livre dans l\u2019ombre. <a href=\"https:\/\/www.liberation.fr\/culture\/cinema\/avec-glenn-powell-le-running-man-dedgar-wright-est-completement-a-cote-de-la-traque-20251118_XJ37AAXZ6FDK3HKHFV4ZY4GHDY\/\" target=\"_blank\" rel=\"noreferrer noopener\" title=\"https:\/\/www.liberation.fr\/culture\/cinema\/avec-glenn-powell-le-running-man-dedgar-wright-est-completement-a-cote-de-la-traque-20251118_XJ37AAXZ6FDK3HKHFV4ZY4GHDY\/\">Lire la critique d\u2019Olivier Lamm<\/a>.<\/p>\n<\/p>\n<p class=\"sc-cPiKLX AiZTS text-element\">La suite de la saga de Jon Chu s\u2019\u00e9loigne du c\u00f4t\u00e9 lessiveuse musicale pour une fable plus sombre sur la post-v\u00e9rit\u00e9, hant\u00e9e par les heures sombres de l\u2019Am\u00e9rique. <a href=\"https:\/\/www.liberation.fr\/culture\/cinema\/wicked-partie-2-avec-cynthia-erivo-et-ariana-grande-la-classe-aux-sorcieres-20251118_DH46A3JUKNET7FSW3PMCGSQKGI\/\" target=\"_blank\" rel=\"noreferrer noopener\" title=\"https:\/\/www.liberation.fr\/culture\/cinema\/wicked-partie-2-avec-cynthia-erivo-et-ariana-grande-la-classe-aux-sorcieres-20251118_DH46A3JUKNET7FSW3PMCGSQKGI\/\">Lire la critique de L\u00e9o Soesanto<\/a>.<\/p>\n<\/p>\n<p class=\"sc-cPiKLX AiZTS text-element\"><b>Chaque jour, retrouvez les choix du service Culture de <\/b><b>Lib\u00e9 <\/b><b>: expositions le lundi, th\u00e9\u00e2tre, danse et op\u00e9ra le mardi, sorties cin\u00e9 le mercredi, musique et s\u00e9ries le vendredi. Tout ce qui nous a plu (et parfois d\u00e9plu) dans l\u2019actualit\u00e9 de la culture.<\/b><\/p>\n","protected":false},"excerpt":{"rendered":"Pour aider nos lecteurs \u00e0 s\u2019y retrouver dans une offre culturelle foisonnante, les journalistes du service Culture de&hellip;\n","protected":false},"author":2,"featured_media":544199,"comment_status":"","ping_status":"","sticky":false,"template":"","format":"standard","meta":{"footnotes":""},"categories":[1354],"tags":[58,59,1346,1011,27,1360,6517],"class_list":{"0":"post-544198","1":"post","2":"type-post","3":"status-publish","4":"format-standard","5":"has-post-thumbnail","7":"category-films","8":"tag-divertissement","9":"tag-entertainment","10":"tag-films","11":"tag-fr","12":"tag-france","13":"tag-movies","14":"tag-sorties-cinema"},"share_on_mastodon":{"url":"https:\/\/pubeurope.com\/@fr\/115575199273120624","error":""},"_links":{"self":[{"href":"https:\/\/www.europesays.com\/fr\/wp-json\/wp\/v2\/posts\/544198","targetHints":{"allow":["GET"]}}],"collection":[{"href":"https:\/\/www.europesays.com\/fr\/wp-json\/wp\/v2\/posts"}],"about":[{"href":"https:\/\/www.europesays.com\/fr\/wp-json\/wp\/v2\/types\/post"}],"author":[{"embeddable":true,"href":"https:\/\/www.europesays.com\/fr\/wp-json\/wp\/v2\/users\/2"}],"replies":[{"embeddable":true,"href":"https:\/\/www.europesays.com\/fr\/wp-json\/wp\/v2\/comments?post=544198"}],"version-history":[{"count":0,"href":"https:\/\/www.europesays.com\/fr\/wp-json\/wp\/v2\/posts\/544198\/revisions"}],"wp:featuredmedia":[{"embeddable":true,"href":"https:\/\/www.europesays.com\/fr\/wp-json\/wp\/v2\/media\/544199"}],"wp:attachment":[{"href":"https:\/\/www.europesays.com\/fr\/wp-json\/wp\/v2\/media?parent=544198"}],"wp:term":[{"taxonomy":"category","embeddable":true,"href":"https:\/\/www.europesays.com\/fr\/wp-json\/wp\/v2\/categories?post=544198"},{"taxonomy":"post_tag","embeddable":true,"href":"https:\/\/www.europesays.com\/fr\/wp-json\/wp\/v2\/tags?post=544198"}],"curies":[{"name":"wp","href":"https:\/\/api.w.org\/{rel}","templated":true}]}}