{"id":544200,"date":"2025-11-19T07:32:40","date_gmt":"2025-11-19T07:32:40","guid":{"rendered":"https:\/\/www.europesays.com\/fr\/544200\/"},"modified":"2025-11-19T07:32:40","modified_gmt":"2025-11-19T07:32:40","slug":"quest-ce-que-le-virus-de-marburg-dont-une-epidemie-est-declaree","status":"publish","type":"post","link":"https:\/\/www.europesays.com\/fr\/544200\/","title":{"rendered":"qu&rsquo;est-ce que le virus de Marburg, dont une \u00e9pid\u00e9mie est d\u00e9clar\u00e9e ?"},"content":{"rendered":"<p>Une \u00e9pid\u00e9mie de virus de Marburg a bien fait son apparition en \u00c9thiopie, ont confirm\u00e9 les autorit\u00e9s ce week-end. Et seulement trois jours apr\u00e8s cette alerte, le minist\u00e8re de la Sant\u00e9 \u00e9thiopien a annonc\u00e9 la mort de trois personnes. \u00ab\u00a0Trois autres personnes qui pr\u00e9sentaient des sympt\u00f4mes mais dont le cas n&rsquo;avait pas \u00e9t\u00e9 confirm\u00e9 en laboratoire sont \u00e9galement d\u00e9c\u00e9d\u00e9es\u00a0\u00bb, a-t-il ajout\u00e9 sur Facebook, rapportant que \u00ab\u00a017 cas suspects ont \u00e9t\u00e9 test\u00e9s\u00a0\u00bb.\u00a0<\/p>\n<p>Vendredi, le directeur de l&rsquo;OMS,\u00a0Tedros Adhanom Ghebreyesus, avait annonc\u00e9 qu&rsquo;au moins neuf cas de personnes infect\u00e9es par le virus avaient \u00e9t\u00e9 recens\u00e9s dans le sud du pays.\u00a0L&rsquo;\u00c9thiopie a dit renforcer la riposte envers la maladie, notamment par du d\u00e9pistage communautaire et l&rsquo;isolement des cas. L&rsquo;OMS \u00ab\u00a0soutient activement l&rsquo;\u00c9thiopie dans ses efforts pour contenir l&rsquo;\u00e9pid\u00e9mie et soigner les personnes infect\u00e9es, et appuie tous les efforts visant \u00e0 pr\u00e9venir une \u00e9ventuelle propagation transfrontali\u00e8re\u00a0\u00bb, a-t-il \u00e9crit sur X.\u00a0<\/p>\n<p>Ce contenu est bloqu\u00e9 car vous n&rsquo;avez pas accept\u00e9 les cookies et autres traceurs.<\/p>\n<p>En cliquant sur \u00ab J\u2019accepte \u00bb, les cookies et autres traceurs seront d\u00e9pos\u00e9s et vous pourrez visualiser les contenus  (<a href=\"\" class=\"consentModule_policy\" target=\"_blank\" title=\"Consulter la politique de protection des donn\u00e9es du fournisseur\">plus d&rsquo;informations<\/a>).<\/p>\n<p>En cliquant sur \u00ab J\u2019accepte tous les cookies \u00bb, vous autorisez des d\u00e9p\u00f4ts de cookies et autres traceurs pour le stockage de vos donn\u00e9es sur nos sites et applications \u00e0 des fins de personnalisation et de ciblage publicitaire.<\/p>\n<p class=\"consentModule_secondaryText\">Vous gardez la possibilit\u00e9 de retirer votre consentement \u00e0 tout moment en consultant notre <a href=\"https:\/\/www.ledauphine.com\/protection-des-donnees\" target=\"_blank\" title=\"Consulter notre politique de protection des donn\u00e9es\" rel=\"nofollow noopener\">politique de protection des donn\u00e9es<\/a>. <br \/>&#13;<br \/>\n            <a href=\"https:\/\/www.ledauphine.com\/sante\/2025\/11\/17\/javascript:Didomi.notice.show()\" class=\"consentModule_cmp\" rel=\"nofollow noopener\" target=\"_blank\">G\u00e9rer mes choix<\/a>&#13;\n        <\/p>\n<p>&#13;<br \/>\n                        J&rsquo;accepte&#13;<br \/>\n            J&rsquo;accepte tous les cookies&#13;\n        <\/p>\n<p>  <strong>Qu&rsquo;est-ce que le virus de Marburg ?<\/strong><\/p>\n<p>Le virus de Marburg est une affection grave et souvent mortelle. Le virus se transmet \u00e0 l&rsquo;homme par les chauves-souris et l&rsquo;infection appara\u00eet souvent \u00e0 la suite d&rsquo;une exposition prolong\u00e9e dans des mines ou des colonies abritant des colonies de chauves-souris.<\/p>\n<p>La roussette d&rsquo;\u00c9gypte, une esp\u00e8ce de chauve-souris pr\u00e9sente en Afrique, sur les c\u00f4tes de la p\u00e9ninsule arabique mais aussi dans les \u00eeles Canaries, est consid\u00e9r\u00e9e comme l&rsquo;h\u00f4te naturel du virus Marburg, m\u00eame si des cas de transmission ont aussi \u00e9t\u00e9 rep\u00e9r\u00e9s avec d&rsquo;autres animaux, comme des singes verts d&rsquo;Afrique. Le virus se propage ensuite par contact direct entre les personnes, \u00e0 travers le sang, les s\u00e9cr\u00e9tions, les organes ou les liquides biologiques des individus infect\u00e9s, ou avec des surfaces ou mat\u00e9riaux contamin\u00e9s par ces liquides.<\/p>\n<p>\u00a0Le virus de Marburg a \u00e9t\u00e9 d\u00e9tect\u00e9 pour la premi\u00e8re fois en 1967 en Allemagne et en Serbie. Depuis, les cas ont essentiellement \u00e9t\u00e9 signal\u00e9s en Afrique. Le virus de Marburg appartient \u00e0 la m\u00eame famille qu&rsquo;Ebola et se caract\u00e9rise comme ce dernier par un tr\u00e8s fort taux de l\u00e9talit\u00e9, pouvant aller jusqu&rsquo;\u00e0 88%.<\/p>\n<p>  <strong>Quels sont les sympt\u00f4mes ?<\/strong><\/p>\n<p>Selon l&rsquo;Onu, la maladie se manifeste dans un premier temps par une forte fi\u00e8vre, des maux de t\u00eate intenses, des douleurs musculaires et une grande fatigue. Des diarrh\u00e9es, des douleurs abdominales, des naus\u00e9es et des vomissements peuvent ensuite appara\u00eetre. Dans la semaine suivant l&rsquo;apparition des sympt\u00f4mes, des h\u00e9morragies s\u00e9v\u00e8res\u00a0sont possibles : saignements du nez, des gencives, sang frais dans les vomissures et les selles, note l&rsquo;OMS. \u00ab\u00a0Le syst\u00e8me nerveux central peut \u00e9galement \u00eatre touch\u00e9, ce qui peut causer une confusion, une irritabilit\u00e9 et une agressivit\u00e9\u00a0\u00bb, observe \u00e9galement l&rsquo;OMS.<\/p>\n<p>La p\u00e9riode d&rsquo;incubation varie de 2 \u00e0 21 jours. Les personnes infect\u00e9es ne peuvent pas transmettre la maladie tant qu&rsquo;elles n&rsquo;ont pas d\u00e9velopp\u00e9 de sympt\u00f4mes, mais restent contagieuses jusqu&rsquo;\u00e0 ce qu&rsquo;il n&rsquo;y ait plus de traces du virus dans leur sang.<\/p>\n<p>  <strong>Y a-t-il un risque de pand\u00e9mie ?<\/strong><\/p>\n<p>A ce jour, aucun vaccin n&rsquo;existe contre le virus, m\u00eame si plusieurs candidats sont \u00e0 l&rsquo;\u00e9tude. La capacit\u00e9 du virus \u00e0 se transmettre facilement d&rsquo;homme \u00e0 homme laisse aussi craindre une propagation rapide de la maladie, comme ce fut le cas pour le Covid.\u00a0\u00a0<\/p>\n<p>Pour autant, ce n&rsquo;est pas la premi\u00e8re fois qu&rsquo;une \u00e9pid\u00e9mie est d\u00e9clench\u00e9e, sans que cela ne cr\u00e9e pour autant une propagation mondiale. Le Rwanda avait ainsi d\u00e9cr\u00e9t\u00e9 pour la premi\u00e8re fois sur son territoire une \u00e9pid\u00e9mie fin septembre 2024. Malgr\u00e9 un nombre de cas important (66), le centre europ\u00e9en de pr\u00e9vention et de contr\u00f4le des maladies avait alors jug\u00e9 que le risque d&rsquo;importation d&rsquo;un cas en Europe \u00e9tait \u00ab\u00a0tr\u00e8s peu probable\u00a0\u00bb et le risque de transmission communautaire qui s&rsquo;en suivrait \u00ab\u00a0tr\u00e8s faible\u00a0\u00bb. La fin de l&rsquo;\u00e9pid\u00e9mie a \u00e9t\u00e9 d\u00e9clar\u00e9e en d\u00e9cembre 2024. En janvier 2025, c&rsquo;est la Tanzanie qui a d\u00e9clar\u00e9 une \u00e9pid\u00e9mie<a href=\"https:\/\/www.ledauphine.com\/sante\/2025\/01\/15\/une-epidemie-presumee-du-virus-de-marburg-fait-huit-morts\" target=\"_blank\" rel=\"nofollow noopener\"> du virus de Marburg<\/a>, qui a caus\u00e9 la mort de 10 personnes. L\u00e0 encore, aucun cas de transmission en Europe n&rsquo;a \u00e9t\u00e9 signal\u00e9 et la fin de l&rsquo;\u00e9pid\u00e9mie a \u00e9t\u00e9 d\u00e9cr\u00e9t\u00e9e deux mois plus tard, le 13 mars.\u00a0<\/p>\n<p>Dans le cas de l&rsquo;\u00c9thiopie, \u00ab\u00a0le virus pr\u00e9sent (&#8230;) est d&rsquo;une souche similaire \u00e0 celles responsables d&rsquo;\u00e9pid\u00e9mies dans d&rsquo;autres pays d&rsquo;Afrique de l&rsquo;Est\u00a0\u00bb, a pr\u00e9cis\u00e9 le minist\u00e8re de la Sant\u00e9 \u00e9thiopien sur X. La r\u00e9action rapide des autorit\u00e9s et le d\u00e9ploiement d&rsquo;\u00e9quipes sp\u00e9cialis\u00e9es de l&rsquo;OMS laissent donc esp\u00e9rer une r\u00e9solution aussi rapide.<\/p>\n","protected":false},"excerpt":{"rendered":"Une \u00e9pid\u00e9mie de virus de Marburg a bien fait son apparition en \u00c9thiopie, ont confirm\u00e9 les autorit\u00e9s ce&hellip;\n","protected":false},"author":2,"featured_media":544201,"comment_status":"","ping_status":"","sticky":false,"template":"","format":"standard","meta":{"footnotes":""},"categories":[10],"tags":[274,107,1011,27,329,72,71,273],"class_list":{"0":"post-544200","1":"post","2":"type-post","3":"status-publish","4":"format-standard","5":"has-post-thumbnail","7":"category-sante","8":"tag-faits-divers-justice","9":"tag-fil-info","10":"tag-fr","11":"tag-france","12":"tag-france-monde","13":"tag-health","14":"tag-sante","15":"tag-selection-de-la-redaction"},"share_on_mastodon":{"url":"https:\/\/pubeurope.com\/@fr\/115575203077548539","error":""},"_links":{"self":[{"href":"https:\/\/www.europesays.com\/fr\/wp-json\/wp\/v2\/posts\/544200","targetHints":{"allow":["GET"]}}],"collection":[{"href":"https:\/\/www.europesays.com\/fr\/wp-json\/wp\/v2\/posts"}],"about":[{"href":"https:\/\/www.europesays.com\/fr\/wp-json\/wp\/v2\/types\/post"}],"author":[{"embeddable":true,"href":"https:\/\/www.europesays.com\/fr\/wp-json\/wp\/v2\/users\/2"}],"replies":[{"embeddable":true,"href":"https:\/\/www.europesays.com\/fr\/wp-json\/wp\/v2\/comments?post=544200"}],"version-history":[{"count":0,"href":"https:\/\/www.europesays.com\/fr\/wp-json\/wp\/v2\/posts\/544200\/revisions"}],"wp:featuredmedia":[{"embeddable":true,"href":"https:\/\/www.europesays.com\/fr\/wp-json\/wp\/v2\/media\/544201"}],"wp:attachment":[{"href":"https:\/\/www.europesays.com\/fr\/wp-json\/wp\/v2\/media?parent=544200"}],"wp:term":[{"taxonomy":"category","embeddable":true,"href":"https:\/\/www.europesays.com\/fr\/wp-json\/wp\/v2\/categories?post=544200"},{"taxonomy":"post_tag","embeddable":true,"href":"https:\/\/www.europesays.com\/fr\/wp-json\/wp\/v2\/tags?post=544200"}],"curies":[{"name":"wp","href":"https:\/\/api.w.org\/{rel}","templated":true}]}}