{"id":544203,"date":"2025-11-19T07:34:16","date_gmt":"2025-11-19T07:34:16","guid":{"rendered":"https:\/\/www.europesays.com\/fr\/544203\/"},"modified":"2025-11-19T07:34:16","modified_gmt":"2025-11-19T07:34:16","slug":"billet-souchon-le-rn-et-les-cons","status":"publish","type":"post","link":"https:\/\/www.europesays.com\/fr\/544203\/","title":{"rendered":"Billet. Souchon, le RN et les cons"},"content":{"rendered":"<p>En deux phrases au micro de RTL, le po\u00e8te a cass\u00e9 son image. C\u2019est dommage mais bon, \u00e0 son \u00e2ge (81 ans), <a href=\"https:\/\/www.ledauphine.com\/p\/alain-souchon\" target=\"_blank\" rel=\"noopener\">Alain Souchon<\/a> ne craint plus le ch\u00f4mage. Qu\u2019est-ce qu\u2019il nous chante l\u00e0\u200a? Que les Fran\u00e7ais ne sont pas assez cons pour mettre le RN au pouvoir. Ils sont d\u00e9j\u00e0 35\u00a0% \u00e0 y songer -des cons donc\u200a?- et, lui prend le risque, calcul\u00e9, de se priver d\u2019un tiers de son public. Au pire, l\u2019artiste dont le dernier album s\u2019intitule Studio Saint-Germain -tiens tiens- a trouv\u00e9 sa terre d\u2019asile\u200a: la Suisse, destination connot\u00e9e pour un r\u00e9fugi\u00e9 politique. Mais qu\u2019irait-il faire au pays du chocolat, des banques et de la d\u00e9mocratie directe o\u00f9 pas s\u00fbr que le peuple soit moins b\u00eate\u200a? On n\u2019ose penser au suicide assist\u00e9 ni \u00e0 l\u2019exil fiscal, lui qui a le c\u0153ur \u00e0 gauche. Il a tout simplement la double nationalit\u00e9. Ce n\u2019est pas d\u2019hier que l\u2019auteur de Foule sentimentale s\u2019en prend \u00e0 l\u2019extr\u00eame droite. Mais c\u2019\u00e9tait avec plus de finesse dans le texte. <a href=\"https:\/\/www.ledauphine.com\/p\/patrick-sebastien\" target=\"_blank\" rel=\"noopener\">Patrick S\u00e9bastien<\/a>, \u00e0 qui on ne pense pas spontan\u00e9ment comme \u00e0 un philosophe politique, l\u2019accuse de dire des b\u00eatises. L\u2019interpr\u00e8te de La Qu\u00e9quette \u00e0 Raoul, coqueluche des classes moyennes, est formel\u200a: ce type de sorties est contreproductif. C\u2019est ce m\u00e9pris qui a fabriqu\u00e9 le RN.<\/p>\n<p>Il y a 30 ans Tapie traitait ses \u00e9lecteurs de salauds, on a vu le r\u00e9sultat. Et en Am\u00e9rique, les coups de menton de De Niro et du Hollywood qui p\u00e8te dans la soie ont fait prosp\u00e9rer Trump. Faut-il l\u2019habiller pour l\u2019hiver notre chanteur dont le barom\u00e8tre social d\u00e9conne peut-\u00eatre\u200a? On l\u2019affuble de la panoplie du parfait bobo dans son chic 6e\u00a0\u00a0\u00a0arrondissement (20\u200a000\u00a0euros le m2\u00a0) o\u00f9 il a p\u00e9titionn\u00e9 contre une sup\u00e9rette. De son nuage ou sa tour d\u2019ivoire que sait-il des motivations de la France qui vote RN, l\u2019ins\u00e9curit\u00e9 principalement\u200a? Avec plus de temps et d\u2019inspiration, il aurait pu argumenter sur la folie fiscale \u00e0 laquelle <a href=\"https:\/\/www.ledauphine.com\/p\/marine-le-pen\" target=\"_blank\" rel=\"noopener\">Marine Le Pen<\/a> et ses troupes ont particip\u00e9 \u00e0 l\u2019Assembl\u00e9e, aux affaires qui leur collent, aussi, aux fesses et \u00e0 l\u2019h\u00e9ritage non purg\u00e9 du p\u00e8re. Mais franchement, le Souchon qu\u2019on aime a d\u2019autres sc\u00e8nes plus chatoyantes o\u00f9 exprimer son v\u00e9ritable talent.<\/p>\n","protected":false},"excerpt":{"rendered":"En deux phrases au micro de RTL, le po\u00e8te a cass\u00e9 son image. C\u2019est dommage mais bon, \u00e0&hellip;\n","protected":false},"author":2,"featured_media":544204,"comment_status":"","ping_status":"","sticky":false,"template":"","format":"standard","meta":{"footnotes":""},"categories":[8],"tags":[58,59,107,1011,27,329,32092,316,1078,104],"class_list":{"0":"post-544203","1":"post","2":"type-post","3":"status-publish","4":"format-standard","5":"has-post-thumbnail","7":"category-divertissement","8":"tag-divertissement","9":"tag-entertainment","10":"tag-fil-info","11":"tag-fr","12":"tag-france","13":"tag-france-monde","14":"tag-le-billet","15":"tag-politique","16":"tag-rassemblement-national","17":"tag-societe"},"share_on_mastodon":{"url":"https:\/\/pubeurope.com\/@fr\/115575210967479889","error":""},"_links":{"self":[{"href":"https:\/\/www.europesays.com\/fr\/wp-json\/wp\/v2\/posts\/544203","targetHints":{"allow":["GET"]}}],"collection":[{"href":"https:\/\/www.europesays.com\/fr\/wp-json\/wp\/v2\/posts"}],"about":[{"href":"https:\/\/www.europesays.com\/fr\/wp-json\/wp\/v2\/types\/post"}],"author":[{"embeddable":true,"href":"https:\/\/www.europesays.com\/fr\/wp-json\/wp\/v2\/users\/2"}],"replies":[{"embeddable":true,"href":"https:\/\/www.europesays.com\/fr\/wp-json\/wp\/v2\/comments?post=544203"}],"version-history":[{"count":0,"href":"https:\/\/www.europesays.com\/fr\/wp-json\/wp\/v2\/posts\/544203\/revisions"}],"wp:featuredmedia":[{"embeddable":true,"href":"https:\/\/www.europesays.com\/fr\/wp-json\/wp\/v2\/media\/544204"}],"wp:attachment":[{"href":"https:\/\/www.europesays.com\/fr\/wp-json\/wp\/v2\/media?parent=544203"}],"wp:term":[{"taxonomy":"category","embeddable":true,"href":"https:\/\/www.europesays.com\/fr\/wp-json\/wp\/v2\/categories?post=544203"},{"taxonomy":"post_tag","embeddable":true,"href":"https:\/\/www.europesays.com\/fr\/wp-json\/wp\/v2\/tags?post=544203"}],"curies":[{"name":"wp","href":"https:\/\/api.w.org\/{rel}","templated":true}]}}