{"id":544212,"date":"2025-11-19T07:43:14","date_gmt":"2025-11-19T07:43:14","guid":{"rendered":"https:\/\/www.europesays.com\/fr\/544212\/"},"modified":"2025-11-19T07:43:14","modified_gmt":"2025-11-19T07:43:14","slug":"pourquoi-vous-risquez-de-voir-des-avions-sukhoi-de-conception-russe-dans-le-ciel-du-sud-ouest-ces-prochains-jours","status":"publish","type":"post","link":"https:\/\/www.europesays.com\/fr\/544212\/","title":{"rendered":"Pourquoi vous risquez de voir des avions Sukhoi de conception russe dans le ciel du Sud-Ouest ces prochains jours\u00a0?"},"content":{"rendered":"<p>Si les habitants du <a href=\"https:\/\/www.20minutes.fr\/dossier\/sud-ouest\" class=\"c-link c-link--is-underlined\" target=\"_blank\" rel=\"noopener\">Sud-Ouest<\/a> sont habitu\u00e9s \u00e0 lever le nez aux passages de <a href=\"https:\/\/www.20minutes.fr\/dossier\/rafale\" class=\"c-link c-link--is-underlined\" target=\"_blank\" rel=\"noopener\">Rafale<\/a>, notamment du c\u00f4t\u00e9 de <a href=\"https:\/\/www.20minutes.fr\/societe\/4107663-20240830-bordeaux-aeroport-merignac-enfin-plus-pire-europe\" class=\"c-link c-link--is-underlined\" target=\"_blank\" rel=\"noopener\">M\u00e9rignac<\/a> ou de <a href=\"https:\/\/www.google.com\/search?q=Mont-de-Marsan+20+minutes&amp;rlz=1C1GCEA_enFR1181FR1181&amp;oq=Mont-de-Marsan+20+minutes&amp;gs_lcrp=EgZjaHJvbWUqBggAEEUYOzIGCAAQRRg7MgYIARBFGEAyBggCEEUYO9IBCDM4OTNqMGo3qAIAsAIA&amp;sourceid=chrome&amp;ie=UTF-8\" target=\"_blank\" class=\"c-link c-link--is-underlined\" rel=\"noopener\">Mont-de-Marsan<\/a>, ils ont moins souvent l\u2019occasion d\u2019apercevoir dans le ciel des\u2026 Sukhoi. Pourtant, il ne sera pas impossible de voir passer, ces prochains jours, des Su-30MKI de conception russe appartenant \u00e0 l\u2019arm\u00e9e de l\u2019air indienne.<\/p>\n<p><img decoding=\"async\" alt=\"Un Sukho\u00ef (au centre) et deux Rafale devant les aviateurs fran\u00e7ais et indiens, \u00e0 la BA 118 de Mont de Marsan.\" class=\"c-img\" loading=\"lazy\" fetchpriority=\"auto\" width=\"718\"  src=\"https:\/\/img.20mn.fr\/ozBlc1jXRnGkN_ywiXdI2Sk\/718x0\" \/>Un Sukho\u00ef (au centre) et deux Rafale devant les aviateurs fran\u00e7ais et indiens, \u00e0 la BA 118 de Mont de Marsan.\u2002-\u00a0Arm\u00e9e de l&rsquo;air et de l&rsquo;espace<\/p>\n<p><a href=\"https:\/\/www.20minutes.fr\/societe\/4084483-20240406-armee-air-sait-quoi-demain-fait-missions-30e-escadre-chasse-mont-marsan-evoluent\" class=\"c-link c-link--is-underlined\" target=\"_blank\" rel=\"noopener\">La BA 118 de Mont-de-Marsan<\/a> (Landes) accueille en effet jusqu\u2019au 26\u00a0novembre un grand exercice a\u00e9rien, Garuda, en partenariat avec l\u2019Indian Air Force, qui a fait le d\u00e9placement jusqu\u2019en France avec six Sukhoi Su-30MKI. Ils s\u2019entra\u00eeneront avec des Rafale et des Mirage de l\u2019arm\u00e9e de l\u2019Air et de l\u2019Espace durant cet exercice, qui a d\u00e9marr\u00e9 lundi.<\/p>\n<p>Le principal avion de combat de la force indienne<\/p>\n<p>D\u00e9riv\u00e9 du Su-30, le Su-30MKI est un bir\u00e9acteur n\u00e9 \u00e0 la fin des ann\u00e9es\u00a01990, de la collaboration entre l\u2019avionneur russe Sukhoi et Hindustan Aeronautics Limited (Inde) pour concevoir un appareil qui pourrait remplacer les MiG-23 et MiG-27 indiens par un chasseur multir\u00f4le. Avec 270 appareils (sur environ 550 avions de chasse), c\u2019est aujourd\u2019hui la colonne vert\u00e9brale de la force indienne.<\/p>\n<p>Mais comme le rappelle le <a href=\"https:\/\/www.20minutes.fr\/societe\/4184186-20251107-besoin-230-combat-pourquoi-chef-etat-major-armee-air-demande-plus-rafale\" class=\"c-link c-link--is-underlined\" target=\"_blank\" rel=\"noopener\">g\u00e9n\u00e9ral J\u00e9r\u00f4me Bellanger<\/a>, chef d\u2019\u00e9tat-major de l\u2019<a href=\"https:\/\/www.20minutes.fr\/dossier\/armee_de_l_air\" class=\"c-link c-link--is-underlined\" target=\"_blank\" rel=\"noopener\">arm\u00e9e de l\u2019Air<\/a>, l\u2019Inde est \u00e9galement un \u00ab\u00a0partenaire strat\u00e9gique\u00a0\u00bb de la France, puisqu\u2019il a \u00ab\u00a0aussi fait le choix du Rafale\u00a0\u00bb. Apr\u00e8s une commande de 36 appareils en\u00a02018, l\u2019Inde a command\u00e9 en avril dernier 26 autres Rafale en version marine. Il devenait ainsi le premier pays, en dehors de la France, \u00e0 acheter du <a href=\"https:\/\/www.20minutes.fr\/societe\/4185460-20251113-dissuasion-force-aeronavale-nucleaire-francaise-realise-tir-essai-nouveau-missile-asmpa\" class=\"c-link c-link--is-underlined\" target=\"_blank\" rel=\"noopener\">Rafale marine<\/a> (version sp\u00e9cifique capable d\u2019appontage).<\/p>\n<\/p>\n<p>L\u2019<a href=\"https:\/\/www.20minutes.fr\/dossier\/inde\" class=\"c-link c-link--is-underlined\" target=\"_blank\" rel=\"noopener\">Inde <\/a>est par ailleurs le seul pays, en dehors de la France, \u00e0 avoir utilis\u00e9 le Rafale au combat, durant la br\u00e8ve <a href=\"https:\/\/www.20minutes.fr\/monde\/4153615-20250515-pourquoi-conflit-entre-inde-pakistan-dure-depuis-75-ans-malgre-cessez-feu\" class=\"c-link c-link--is-underlined\" target=\"_blank\" rel=\"noopener\">op\u00e9ration Sindoor<\/a> du mois de mai dernier, contre le Pakistan. M\u00eame si un appareil fran\u00e7ais a \u00e9t\u00e9 d\u00e9truit durant ce conflit, l\u2019Inde s\u2019est dite tr\u00e8s satisfaite des performances du chasseur de Dassault et pourrait passer en\u00a02026 une m\u00e9ga-commande qui pourrait porter jusqu\u2019\u00e0 114 Rafale suppl\u00e9mentaires. L\u2019Indian Air Force dispose aussi de quelque <a href=\"https:\/\/www.20minutes.fr\/monde\/ukraine\/4137442-20250206-guerre-ukraine-sait-livraison-mirage-2000-kiev\" class=\"c-link c-link--is-underlined\" target=\"_blank\" rel=\"noopener\">Mirage 2000<\/a>.<\/p>\n<p>Des sc\u00e9narios de d\u00e9fense a\u00e9rienne et d\u2019attaque au sol<\/p>\n<p>Les pilotes indiens ne devraient donc gu\u00e8re \u00eatre surpris durant l\u2019exercice Garuda dans leur opposition a\u00e9rienne au Rafale, qu\u2019ils connaissent tr\u00e8s bien. \u00ab\u00a0Les sc\u00e9narios [de l\u2019exercice] couvrent des missions de d\u00e9fense a\u00e9rienne, d\u2019attaque au sol, de ravitaillement en vol et de coop\u00e9ration tactique, visant \u00e0 renforcer l\u2019interop\u00e9rabilit\u00e9 entre les \u00e9quipages et un partage d\u2019expertise entre aviateurs fran\u00e7ais et indiens\u00a0\u00bb explique l\u2019arm\u00e9e de l\u2019Air.<\/p>\n<p>En plus de Mont-de-Marsan, qui sera la base principale de Garuda, sept autres bases sont impliqu\u00e9es (Nancy, Orange, Luxeuil, Avord, \u00c9vreux, Cazaux, Orl\u00e9ans) lors de cet entra\u00eenement qui va r\u00e9unir 500 aviateurs et 25 a\u00e9ronefs (10 Rafale, 6 Mirage 2000 et ponctuellement un h\u00e9licopt\u00e8re Caracal, un <a href=\"https:\/\/www.20minutes.fr\/societe\/4113845-20241007-danger-rentrer-dedans-bord-a330-mrtt-armee-mission-ravitaillement-vol\" class=\"c-link c-link--is-underlined\" target=\"_blank\" rel=\"noopener\">A330 MRTT Ph\u00e9nix<\/a> et un <a href=\"https:\/\/www.20minutes.fr\/societe\/4082378-20240322-rafale-mamba-a400m-comment-armee-air-montre-muscles-exercice-volfa\" class=\"c-link c-link--is-underlined\" target=\"_blank\" rel=\"noopener\">A400M Atlas<\/a>).<\/p>\n<p><a href=\"https:\/\/www.20minutes.fr\/monde\/armee\/\" class=\"c-link c-btn c-btn--primary\" target=\"_blank\" rel=\"noopener\">Notre dossier sur l&rsquo;arm\u00e9e<\/a><\/p>\n<p>\u00ab\u00a0Garuda s\u2019inscrit dans un processus global de coop\u00e9ration bilat\u00e9rale avec l\u2019Inde et contribue directement au renforcement de la s\u00e9curit\u00e9 dans l\u2019espace indo-pacifique, r\u00e9gion strat\u00e9gique au c\u0153ur des enjeux de stabilit\u00e9 et de libert\u00e9 d\u2019action\u00a0\u00bb, poursuit l\u2019arm\u00e9e de l\u2019Air.<\/p>\n<p>\u00ab\u00a0Organis\u00e9 alternativement en France ou en Inde tous les deux \u00e0 trois ans, Garuda est un exercice bilat\u00e9ral majeur, souligne de son c\u00f4t\u00e9 le g\u00e9n\u00e9ral J\u00e9r\u00f4me Bellanger. Au-del\u00e0 des vols, de nombreuses unit\u00e9s de la BA 118 accueilleront des observateurs indiens pour approfondir nos \u00e9changes et d\u00e9passer le seul cadre op\u00e9rationnel\u00a0\u00bb.<\/p>\n","protected":false},"excerpt":{"rendered":"Si les habitants du Sud-Ouest sont habitu\u00e9s \u00e0 lever le nez aux passages de Rafale, notamment du c\u00f4t\u00e9&hellip;\n","protected":false},"author":2,"featured_media":544213,"comment_status":"","ping_status":"","sticky":false,"template":"","format":"standard","meta":{"footnotes":""},"categories":[2],"tags":[47,11,3177,1813,25702,37,1997,52509,1011,27,2905,5595,8530,9390,12,2219,104,2224],"class_list":{"0":"post-544212","1":"post","2":"type-post","3":"status-publish","4":"format-standard","5":"has-post-thumbnail","7":"category-actualites","8":"tag-actualite","9":"tag-actualites","10":"tag-aquitaine","11":"tag-armee","12":"tag-armee-de-lair","13":"tag-avion","14":"tag-bordeaux","15":"tag-dassault-rafale","16":"tag-fr","17":"tag-france","18":"tag-gironde","19":"tag-inde","20":"tag-landes","21":"tag-mont-de-marsan","22":"tag-news","23":"tag-nouvelle-aquitaine","24":"tag-societe","25":"tag-sud-ouest"},"share_on_mastodon":{"url":"https:\/\/pubeurope.com\/@fr\/115575246297897192","error":""},"_links":{"self":[{"href":"https:\/\/www.europesays.com\/fr\/wp-json\/wp\/v2\/posts\/544212","targetHints":{"allow":["GET"]}}],"collection":[{"href":"https:\/\/www.europesays.com\/fr\/wp-json\/wp\/v2\/posts"}],"about":[{"href":"https:\/\/www.europesays.com\/fr\/wp-json\/wp\/v2\/types\/post"}],"author":[{"embeddable":true,"href":"https:\/\/www.europesays.com\/fr\/wp-json\/wp\/v2\/users\/2"}],"replies":[{"embeddable":true,"href":"https:\/\/www.europesays.com\/fr\/wp-json\/wp\/v2\/comments?post=544212"}],"version-history":[{"count":0,"href":"https:\/\/www.europesays.com\/fr\/wp-json\/wp\/v2\/posts\/544212\/revisions"}],"wp:featuredmedia":[{"embeddable":true,"href":"https:\/\/www.europesays.com\/fr\/wp-json\/wp\/v2\/media\/544213"}],"wp:attachment":[{"href":"https:\/\/www.europesays.com\/fr\/wp-json\/wp\/v2\/media?parent=544212"}],"wp:term":[{"taxonomy":"category","embeddable":true,"href":"https:\/\/www.europesays.com\/fr\/wp-json\/wp\/v2\/categories?post=544212"},{"taxonomy":"post_tag","embeddable":true,"href":"https:\/\/www.europesays.com\/fr\/wp-json\/wp\/v2\/tags?post=544212"}],"curies":[{"name":"wp","href":"https:\/\/api.w.org\/{rel}","templated":true}]}}