{"id":544218,"date":"2025-11-19T07:49:13","date_gmt":"2025-11-19T07:49:13","guid":{"rendered":"https:\/\/www.europesays.com\/fr\/544218\/"},"modified":"2025-11-19T07:49:13","modified_gmt":"2025-11-19T07:49:13","slug":"robin-de-bfm-a-nancy-ils-sont-plus-de-500-a-courir-ensemble-chaque-mardi-actualites","status":"publish","type":"post","link":"https:\/\/www.europesays.com\/fr\/544218\/","title":{"rendered":"ROBIN DE BFM &#8211; \u00c0 Nancy, ils sont plus de 500 \u00e0 courir ensemble chaque mardi : Actualit\u00e9s"},"content":{"rendered":"<p class=\"a__paragraph text-gray3 \" id=\"atm-video-summary-text\">\n                    Depuis six mois, un rendez-vous attire toujours plus de monde chaque mardi \u00e0 Nancy: le Blablarun Club, fond\u00e9 par Valentin Bourrel, \u00e9tudiant en kin\u00e9sith\u00e9rapie et triathl\u00e8te suivi par plus de 20 000 abonn\u00e9s sur Instagram et TikTok. Cette initative gratuite et conviviale r\u00e9unit d\u00e9sormais plus de 500 personnes pour 5 kilom\u00e8tres sans chrono ni pression, au d\u00e9part de la place Stanislas.\n            <\/p>\n","protected":false},"excerpt":{"rendered":"Depuis six mois, un rendez-vous attire toujours plus de monde chaque mardi \u00e0 Nancy: le Blablarun Club, fond\u00e9&hellip;\n","protected":false},"author":2,"featured_media":544219,"comment_status":"","ping_status":"","sticky":false,"template":"","format":"standard","meta":{"footnotes":""},"categories":[9635],"tags":[1111,11,1777,674,1011,27,775,1702,12,25],"class_list":{"0":"post-544218","1":"post","2":"type-post","3":"status-publish","4":"format-standard","5":"has-post-thumbnail","7":"category-nancy","8":"tag-actu","9":"tag-actualites","10":"tag-eu","11":"tag-europe","12":"tag-fr","13":"tag-france","14":"tag-grand-est","15":"tag-nancy","16":"tag-news","17":"tag-republique-francaise"},"share_on_mastodon":{"url":"https:\/\/pubeurope.com\/@fr\/115575269894913113","error":""},"_links":{"self":[{"href":"https:\/\/www.europesays.com\/fr\/wp-json\/wp\/v2\/posts\/544218","targetHints":{"allow":["GET"]}}],"collection":[{"href":"https:\/\/www.europesays.com\/fr\/wp-json\/wp\/v2\/posts"}],"about":[{"href":"https:\/\/www.europesays.com\/fr\/wp-json\/wp\/v2\/types\/post"}],"author":[{"embeddable":true,"href":"https:\/\/www.europesays.com\/fr\/wp-json\/wp\/v2\/users\/2"}],"replies":[{"embeddable":true,"href":"https:\/\/www.europesays.com\/fr\/wp-json\/wp\/v2\/comments?post=544218"}],"version-history":[{"count":0,"href":"https:\/\/www.europesays.com\/fr\/wp-json\/wp\/v2\/posts\/544218\/revisions"}],"wp:featuredmedia":[{"embeddable":true,"href":"https:\/\/www.europesays.com\/fr\/wp-json\/wp\/v2\/media\/544219"}],"wp:attachment":[{"href":"https:\/\/www.europesays.com\/fr\/wp-json\/wp\/v2\/media?parent=544218"}],"wp:term":[{"taxonomy":"category","embeddable":true,"href":"https:\/\/www.europesays.com\/fr\/wp-json\/wp\/v2\/categories?post=544218"},{"taxonomy":"post_tag","embeddable":true,"href":"https:\/\/www.europesays.com\/fr\/wp-json\/wp\/v2\/tags?post=544218"}],"curies":[{"name":"wp","href":"https:\/\/api.w.org\/{rel}","templated":true}]}}