{"id":544228,"date":"2025-11-19T07:55:13","date_gmt":"2025-11-19T07:55:13","guid":{"rendered":"https:\/\/www.europesays.com\/fr\/544228\/"},"modified":"2025-11-19T07:55:13","modified_gmt":"2025-11-19T07:55:13","slug":"deville-les-rouen-le-bureau-de-poste-ferme-pour-une-duree-indeterminee","status":"publish","type":"post","link":"https:\/\/www.europesays.com\/fr\/544228\/","title":{"rendered":"D\u00e9ville-l\u00e8s-Rouen\u00a0: le bureau de poste ferm\u00e9 pour une dur\u00e9e ind\u00e9termin\u00e9e"},"content":{"rendered":"<p>A un peu plus d&rsquo;un mois de No\u00ebl, la poste de D\u00e9ville-l\u00e8s-Rouen est contrainte de fermer ses portes, apr\u00e8s des d\u00e9gradations, survenues le week-end du 15 au 16 novembre. <\/p>\n<p>Le bureau de poste de D\u00e9ville-l\u00e8s-Rouen est <strong>ferm\u00e9 jusqu&rsquo;\u00e0 nouvel ordre<\/strong>, a annonc\u00e9 la mairie dans un post Facebook, le 18 novembre. Cela fait suite \u00e0 des d\u00e9gradations. Dans la nuit du samedi 15 au dimanche 16 novembre,\u00a0une voiture stationn\u00e9e \u00e0 c\u00f4t\u00e9 a \u00e9t\u00e9 incendi\u00e9e. Les flammes se sont propag\u00e9es \u00e0 la fa\u00e7ade, les fen\u00eatres sont fissur\u00e9es,\u00a0 et le rideau m\u00e9tallique a \u00e9t\u00e9 endommag\u00e9, suite \u00e0 l&rsquo;intervention des pompiers.<\/p>\n<p>Les colis ont \u00e9t\u00e9 rapatri\u00e9s \u00e0 la poste de Maromme, indique la mairie, les expertises ont \u00e9t\u00e9 lanc\u00e9es. <strong>Les colis ont \u00e9t\u00e9 rapatri\u00e9s \u00e0 la Poste situ\u00e9e \u00e0 Maromme<\/strong>. Une majorit\u00e9 des d\u00e9marches peuvent \u00eatre r\u00e9alis\u00e9es sur Internet. Les proc\u00e9dures d&rsquo;expertise ont \u00e9t\u00e9 lanc\u00e9es. \u00ab\u00a0Nous imaginons votre d\u00e9ception au vu de cette nouvelle fermeture que nous regrettons \u00e9galement. Nous vous tiendrons inform\u00e9s de l&rsquo;avanc\u00e9e du dossier\u00a0\u00bb, pr\u00e9cise la mairie.<\/p>\n<p>  (function(w, d) {     if (w.FB &#038;&#038; w.FB.XFBML &#038;&#038; w.FB.XFBML.parse) {         if (&lsquo;undefined&rsquo; == typeof w.__fbTimeout) {             w.__fbTimeout = setTimeout(function() {                 w.FB.XFBML.parse();                 w.__fbTimeout = undefined;             }, 1000);         }     } else if (&lsquo;undefined&rsquo; == typeof w.__fbTimeout) {         if (d.querySelectorAll(&lsquo;#fb-root&rsquo;).length === 0) {             var fbRoot = d.createElement(&lsquo;div&rsquo;);             fbRoot.id = &lsquo;fb-root&rsquo;;             d.querySelector(&lsquo;body&rsquo;).append(fbRoot);         }         if (d.querySelectorAll(&lsquo;#facebook-jssdk&rsquo;).length === 0) {             var fbScript = d.createElement(&lsquo;script&rsquo;);             fbScript.id = &lsquo;facebook-jssdk&rsquo;;             fbScript.src=\u00a0\u00bb\/\/connect.facebook.net\/fr_FR\/sdk.js#xfbml=1&#038;version=v2.8&#038;appId=593991304071705&Prime;;             fbScript.async = 1;             d.querySelector(&lsquo;head&rsquo;).append(fbScript);         }     } })(window, window.document); \\u003C\/script>\\\u00a0\u00bb,\\\u00a0\u00bbprovider\\\u00a0\u00bb:\\\u00a0\u00bbfacebook\\\u00a0\u00bb,\\\u00a0\u00bbdidomiPurposes\\\u00a0\u00bb:\\\u00a0\u00bbPour afficher ce contenu Facebook, vous devez accepter les cookies \\u003Cb>R\u00e9seaux Sociaux\\u003C\/b>.\\u003Cbr>\\u003Cbr>Ces cookies permettent de partager ou r\u00e9agir directement sur les r\u00e9seaux sociaux auxquels vous \u00eates connect\u00e9s ou d&rsquo;int\u00e9grer du contenu initialement post\u00e9 sur ces r\u00e9seaux sociaux. Ils permettent aussi aux r\u00e9seaux sociaux d&rsquo;utiliser vos visites sur nos sites et applications \u00e0 des fins de personnalisation et de ciblage publicitaire.\\\u00a0\u00bb,\\\u00a0\u00bbdidomiVendorId\\\u00a0\u00bb:\\\u00a0\u00bbc:facebookc-rgacRMQm\\\u00a0\u00bb}}]}},\\\u00a0\u00bbdisplay\\\u00a0\u00bb:{\\\u00a0\u00bbhighBanner\\\u00a0\u00bb:true}}\u00a0\u00bb}<\/p>\n","protected":false},"excerpt":{"rendered":"A un peu plus d&rsquo;un mois de No\u00ebl, la poste de D\u00e9ville-l\u00e8s-Rouen est contrainte de fermer ses portes,&hellip;\n","protected":false},"author":2,"featured_media":544229,"comment_status":"","ping_status":"","sticky":false,"template":"","format":"standard","meta":{"footnotes":""},"categories":[9587],"tags":[1111,11,1777,674,1011,27,12,5161,25,9590],"class_list":{"0":"post-544228","1":"post","2":"type-post","3":"status-publish","4":"format-standard","5":"has-post-thumbnail","7":"category-rouen","8":"tag-actu","9":"tag-actualites","10":"tag-eu","11":"tag-europe","12":"tag-fr","13":"tag-france","14":"tag-news","15":"tag-normandie","16":"tag-republique-francaise","17":"tag-rouen"},"share_on_mastodon":{"url":"https:\/\/pubeurope.com\/@fr\/115575293542769635","error":""},"_links":{"self":[{"href":"https:\/\/www.europesays.com\/fr\/wp-json\/wp\/v2\/posts\/544228","targetHints":{"allow":["GET"]}}],"collection":[{"href":"https:\/\/www.europesays.com\/fr\/wp-json\/wp\/v2\/posts"}],"about":[{"href":"https:\/\/www.europesays.com\/fr\/wp-json\/wp\/v2\/types\/post"}],"author":[{"embeddable":true,"href":"https:\/\/www.europesays.com\/fr\/wp-json\/wp\/v2\/users\/2"}],"replies":[{"embeddable":true,"href":"https:\/\/www.europesays.com\/fr\/wp-json\/wp\/v2\/comments?post=544228"}],"version-history":[{"count":0,"href":"https:\/\/www.europesays.com\/fr\/wp-json\/wp\/v2\/posts\/544228\/revisions"}],"wp:featuredmedia":[{"embeddable":true,"href":"https:\/\/www.europesays.com\/fr\/wp-json\/wp\/v2\/media\/544229"}],"wp:attachment":[{"href":"https:\/\/www.europesays.com\/fr\/wp-json\/wp\/v2\/media?parent=544228"}],"wp:term":[{"taxonomy":"category","embeddable":true,"href":"https:\/\/www.europesays.com\/fr\/wp-json\/wp\/v2\/categories?post=544228"},{"taxonomy":"post_tag","embeddable":true,"href":"https:\/\/www.europesays.com\/fr\/wp-json\/wp\/v2\/tags?post=544228"}],"curies":[{"name":"wp","href":"https:\/\/api.w.org\/{rel}","templated":true}]}}