{"id":544232,"date":"2025-11-19T07:58:03","date_gmt":"2025-11-19T07:58:03","guid":{"rendered":"https:\/\/www.europesays.com\/fr\/544232\/"},"modified":"2025-11-19T07:58:03","modified_gmt":"2025-11-19T07:58:03","slug":"ce-que-lon-sait-sur-lado-grievement-blesse-par-balles-a-grenoble","status":"publish","type":"post","link":"https:\/\/www.europesays.com\/fr\/544232\/","title":{"rendered":"ce que l&rsquo;on sait sur l&rsquo;ado gri\u00e8vement bless\u00e9 par balles \u00e0 Grenoble"},"content":{"rendered":"<p>L&rsquo;adolescent <a href=\"https:\/\/www.laprovence.com\/article\/faits-divers-justice\/8688541159118\/un-adolescent-de-12-ans-grievement-blesse-par-balles-sur-un-point-de-deal-a-grenoble\" target=\"_blank\" rel=\"noopener\">atteint dimanche par trois balles pr\u00e8s d&rsquo;un point de vente de drogue \u00e0 Grenoble<\/a> est toujours dans le coma avec un pronostic vital engag\u00e9 et ses agresseurs en fuite, a indiqu\u00e9 lundi le parquet. Le gar\u00e7on, dont l&rsquo;identit\u00e9 \u00ab\u00a0n&rsquo;est toujours pas certaine \u00e0 cette heure\u00a0\u00bb, pourrait \u00eatre \u00ab\u00a0un mineur de presque 14 ans n\u00e9 en Alg\u00e9rie en d\u00e9cembre 2011\u00a0\u00bb, connu dans les fichiers de police sous \u00ab\u00a0diverses identit\u00e9s\u00a0\u00bb pour trafic de stup\u00e9fiants en r\u00e9gion parisienne et \u00e0 Grenoble, a indiqu\u00e9 le parquet de Grenoble dans un communiqu\u00e9.<\/p>\n<p>Le parquet avait indiqu\u00e9 dimanche, dans un premier temps, que le mineur \u00e9tait \u00e2g\u00e9 de 12 ans, n\u00e9 en d\u00e9cembre 2012.<\/p>\n<p>L&rsquo;adolescent a \u00e9t\u00e9 atteint de 3 balles, une dans le dos et deux dans les jambes et se trouvait en arr\u00eat cardio-respiratoire lors de l&rsquo;arriv\u00e9e des secours : \u00ab\u00a0Il est toujours dans le coma et son pronostic vital reste engag\u00e9\u00a0\u00bb, pr\u00e9cise le parquet. Le drame s&rsquo;est d\u00e9roul\u00e9 dimanche vers 3H00 du matin pr\u00e8s d&rsquo;un point de vente de drogue du quartier Chorier-Berriat, dans l&rsquo;ouest de la capitale is\u00e9roise. Neuf \u00e9tuis de balles de 9 mm avaient \u00e9t\u00e9 retrouv\u00e9s sur place. \u00ab\u00a0Le ou les auteurs des tirs n&rsquo;ont pas \u00e9t\u00e9 interpell\u00e9s \u00e0 cette heure\u00a0\u00bb, pr\u00e9cise le communiqu\u00e9.<\/p>\n<p>Le mineur faisait l&rsquo;objet d&rsquo;une convocation devant le tribunal pour enfants de Grenoble le 10 d\u00e9cembre 2025, apr\u00e8s avoir \u00e9t\u00e9 contr\u00f4l\u00e9 en possession de cannabis et de coca\u00efne sur un point de deal connu, situ\u00e9 pr\u00e8s du lieu o\u00f9 il a \u00e9t\u00e9 bless\u00e9 dimanche, selon la m\u00eame source.<\/p>\n<p>Il avait \u00e0 plusieurs reprises fugu\u00e9 du foyer o\u00f9 il \u00e9tait h\u00e9berg\u00e9, a-t-on ajout\u00e9. Un homme se pr\u00e9sentant comme son grand fr\u00e8re, \u00e9galement connu de la police sous plusieurs alias, s&rsquo;est pr\u00e9sent\u00e9 \u00e0 l&rsquo;h\u00f4pital o\u00f9 il a \u00e9t\u00e9 transport\u00e9, indique \u00e9galement le parquet.<\/p>\n","protected":false},"excerpt":{"rendered":"L&rsquo;adolescent atteint dimanche par trois balles pr\u00e8s d&rsquo;un point de vente de drogue \u00e0 Grenoble est toujours dans&hellip;\n","protected":false},"author":2,"featured_media":544233,"comment_status":"","ping_status":"","sticky":false,"template":"","format":"standard","meta":{"footnotes":""},"categories":[9566],"tags":[17,1111,11,2430,7951,19697,42553,1777,674,274,1011,27,2731,7651,12,746,25,3107,1100],"class_list":{"0":"post-544232","1":"post","2":"type-post","3":"status-publish","4":"format-standard","5":"has-post-thumbnail","7":"category-grenoble","8":"tag-17","9":"tag-actu","10":"tag-actualites","11":"tag-auvergne-rhone-alpes","12":"tag-balles","13":"tag-connu","14":"tag-diverses","15":"tag-eu","16":"tag-europe","17":"tag-faits-divers-justice","18":"tag-fr","19":"tag-france","20":"tag-grenoble","21":"tag-identites","22":"tag-news","23":"tag-que","24":"tag-republique-francaise","25":"tag-sous","26":"tag-trois"},"share_on_mastodon":{"url":"","error":""},"_links":{"self":[{"href":"https:\/\/www.europesays.com\/fr\/wp-json\/wp\/v2\/posts\/544232","targetHints":{"allow":["GET"]}}],"collection":[{"href":"https:\/\/www.europesays.com\/fr\/wp-json\/wp\/v2\/posts"}],"about":[{"href":"https:\/\/www.europesays.com\/fr\/wp-json\/wp\/v2\/types\/post"}],"author":[{"embeddable":true,"href":"https:\/\/www.europesays.com\/fr\/wp-json\/wp\/v2\/users\/2"}],"replies":[{"embeddable":true,"href":"https:\/\/www.europesays.com\/fr\/wp-json\/wp\/v2\/comments?post=544232"}],"version-history":[{"count":0,"href":"https:\/\/www.europesays.com\/fr\/wp-json\/wp\/v2\/posts\/544232\/revisions"}],"wp:featuredmedia":[{"embeddable":true,"href":"https:\/\/www.europesays.com\/fr\/wp-json\/wp\/v2\/media\/544233"}],"wp:attachment":[{"href":"https:\/\/www.europesays.com\/fr\/wp-json\/wp\/v2\/media?parent=544232"}],"wp:term":[{"taxonomy":"category","embeddable":true,"href":"https:\/\/www.europesays.com\/fr\/wp-json\/wp\/v2\/categories?post=544232"},{"taxonomy":"post_tag","embeddable":true,"href":"https:\/\/www.europesays.com\/fr\/wp-json\/wp\/v2\/tags?post=544232"}],"curies":[{"name":"wp","href":"https:\/\/api.w.org\/{rel}","templated":true}]}}