{"id":544234,"date":"2025-11-19T07:59:43","date_gmt":"2025-11-19T07:59:43","guid":{"rendered":"https:\/\/www.europesays.com\/fr\/544234\/"},"modified":"2025-11-19T07:59:43","modified_gmt":"2025-11-19T07:59:43","slug":"rennes-un-detenu-sevade-lors-dune-sortie-collective-dans-un-planetarium","status":"publish","type":"post","link":"https:\/\/www.europesays.com\/fr\/544234\/","title":{"rendered":"Rennes : un d\u00e9tenu s&rsquo;\u00e9vade lors d&rsquo;une sortie collective dans un plan\u00e9tarium"},"content":{"rendered":"<p>                                            Faits divers\n                                                                            <\/p>\n<p>\n                                            Alors qu&rsquo;il b\u00e9n\u00e9ficiait d&rsquo;une permission pour une sortie encadr\u00e9e au plan\u00e9tarium de Rennes, un d\u00e9tenu de 37 ans a \u00e9chapp\u00e9 \u00e0 la vigilance des accompagnateurs, vendredi 14 novembre. Il est activement recherch\u00e9.                                        <\/p>\n<p>                                                Publi\u00e9 le 18 novembre 2025 \u00e0 10h55                                                                                            <\/p>\n<p>                                            <img loading=\"lazy\" width=\"1024\" height=\"683\" src=\"https:\/\/www.europesays.com\/fr\/wp-content\/uploads\/2025\/11\/SIPA_00601052_000021-1.jpg\" class=\"attachment-post-thumbnail size-post-thumbnail wp-post-image\" alt=\"Un d\u00e9tenu est parvenu \u00e0 s'\u00e9vader pendant une sortie au plan\u00e9tarium de Rennes. \u00a9 Photo d'illustration WITT\/SIPA\" decoding=\"async\"  \/><\/p>\n<p>                                            Un d\u00e9tenu est parvenu \u00e0 s&rsquo;\u00e9vader pendant une sortie au plan\u00e9tarium de Rennes. \u00a9 Photo d&rsquo;illustration WITT\/SIPA<\/p>\n<p>En pleine sortie culturelle, alors qu\u2019il visitait un plan\u00e9tarium, un d\u00e9tenu \u00e2g\u00e9 de 37 ans a r\u00e9ussi \u00e0 s\u2019\u00e9chapper, vendredi 14 novembre. <a href=\"https:\/\/www.bfmtv.com\/police-justice\/un-detenu-s-evade-lors-d-une-sortie-encadree-au-planetarium-de-rennes_AN-202511170769.html\" target=\"_blank\" rel=\"nofollow noopener\">Comme l\u2019indique BFMTV<\/a>, il b\u00e9n\u00e9ficiait d\u2019une permission pour une sortie encadr\u00e9e, <a href=\"https:\/\/www.valeursactuelles.com\/regions\/bretagne\/ille-et-vilaine\/rennes\/societe\/rennes-la-participation-dun-detenu-a-une-semaine-de-surf-therapeutique-suscite-la-colere-dun-syndicat\" target=\"_blank\" rel=\"noopener\">\u00e0 Rennes<\/a>. Trois accompagnateurs et cinq autres d\u00e9tenus \u00e9taient avec lui.<\/p>\n<p><a href=\"https:\/\/www.valeursactuelles.com\/regions\/pays-de-la-loire\/loire-atlantique\/nantes\/faits-divers\/nantes-trois-adolescents-tentent-de-livrer-des-kebabs-aux-detenus-dune-prison\" class=\"h-flex h-align-items-center h-border-tb h-ptb-15\" target=\"_blank\" rel=\"noopener\">A\u00a0LIRE\u00a0Nantes : trois adolescents tentent de livrer des kebabs aux d\u00e9tenus d\u2019une prison<\/a>L\u2019individu est activement recherch\u00e9<\/p>\n<p>N\u00e9 en 1988, l\u2019homme \u00e9tait incarc\u00e9r\u00e9 depuis un an au centre p\u00e9nitentiaire de Rennes-Vezin pour des affaires de vols. <a href=\"https:\/\/www.valeursactuelles.com\/faits-divers\/nancy-un-detenu-sevade-de-lhopital-prison-en-se-couvrant-de-gel-pour-passer-entre-les-barreaux\" target=\"_blank\" rel=\"noopener\">Depuis son \u00e9vasion<\/a>, alors qu\u2019il profitait de cette sortie \u00e0 l\u2019occasion de la F\u00eate de la Science, il est activement recherch\u00e9 par les services de police et de gendarmerie. BFMTV pr\u00e9cise de source judiciaire que l\u2019individu est d\u00e9sormais inscrit au Fichier des personnes recherch\u00e9es.<\/p>\n<p>Ce type de permission de sortie collective est r\u00e9guli\u00e8rement accord\u00e9 par des magistrats. L\u2019autorisation peut alors d\u00e9pendre du projet de r\u00e9insertion, de la bonne tenue du d\u00e9tenu au sein de la prison, de sa dangerosit\u00e9 ou encore du type de condamnation.<\/p>\n<p><a href=\"https:\/\/www.valeursactuelles.com\/faits-divers\/nancy-un-detenu-sevade-de-lhopital-prison-en-se-couvrant-de-gel-pour-passer-entre-les-barreaux\" class=\"h-flex h-align-items-center h-border-tb h-ptb-15\" target=\"_blank\" rel=\"noopener\">A\u00a0LIRE\u00a0Nancy : un d\u00e9tenu s\u2019\u00e9vade de l\u2019h\u00f4pital-prison en se couvrant de gel pour passer entre les barreaux<\/a>                                                                    <\/p>\n","protected":false},"excerpt":{"rendered":"Faits divers Alors qu&rsquo;il b\u00e9n\u00e9ficiait d&rsquo;une permission pour une sortie encadr\u00e9e au plan\u00e9tarium de Rennes, un d\u00e9tenu de&hellip;\n","protected":false},"author":2,"featured_media":544235,"comment_status":"","ping_status":"","sticky":false,"template":"","format":"standard","meta":{"footnotes":""},"categories":[2821],"tags":[1111,11,829,1777,674,3727,1011,27,12,806,807,584,25],"class_list":{"0":"post-544234","1":"post","2":"type-post","3":"status-publish","4":"format-standard","5":"has-post-thumbnail","7":"category-rennes","8":"tag-actu","9":"tag-actualites","10":"tag-bretagne","11":"tag-eu","12":"tag-europe","13":"tag-evasion","14":"tag-fr","15":"tag-france","16":"tag-news","17":"tag-prison","18":"tag-prisonniers","19":"tag-rennes","20":"tag-republique-francaise"},"share_on_mastodon":{"url":"https:\/\/pubeurope.com\/@fr\/115575310518484261","error":""},"_links":{"self":[{"href":"https:\/\/www.europesays.com\/fr\/wp-json\/wp\/v2\/posts\/544234","targetHints":{"allow":["GET"]}}],"collection":[{"href":"https:\/\/www.europesays.com\/fr\/wp-json\/wp\/v2\/posts"}],"about":[{"href":"https:\/\/www.europesays.com\/fr\/wp-json\/wp\/v2\/types\/post"}],"author":[{"embeddable":true,"href":"https:\/\/www.europesays.com\/fr\/wp-json\/wp\/v2\/users\/2"}],"replies":[{"embeddable":true,"href":"https:\/\/www.europesays.com\/fr\/wp-json\/wp\/v2\/comments?post=544234"}],"version-history":[{"count":0,"href":"https:\/\/www.europesays.com\/fr\/wp-json\/wp\/v2\/posts\/544234\/revisions"}],"wp:featuredmedia":[{"embeddable":true,"href":"https:\/\/www.europesays.com\/fr\/wp-json\/wp\/v2\/media\/544235"}],"wp:attachment":[{"href":"https:\/\/www.europesays.com\/fr\/wp-json\/wp\/v2\/media?parent=544234"}],"wp:term":[{"taxonomy":"category","embeddable":true,"href":"https:\/\/www.europesays.com\/fr\/wp-json\/wp\/v2\/categories?post=544234"},{"taxonomy":"post_tag","embeddable":true,"href":"https:\/\/www.europesays.com\/fr\/wp-json\/wp\/v2\/tags?post=544234"}],"curies":[{"name":"wp","href":"https:\/\/api.w.org\/{rel}","templated":true}]}}