{"id":54424,"date":"2025-04-26T12:55:20","date_gmt":"2025-04-26T12:55:20","guid":{"rendered":"https:\/\/www.europesays.com\/fr\/54424\/"},"modified":"2025-04-26T12:55:20","modified_gmt":"2025-04-26T12:55:20","slug":"laxou-une-balle-dans-la-fenetre-de-chambre-une-famille-porte-plainte","status":"publish","type":"post","link":"https:\/\/www.europesays.com\/fr\/54424\/","title":{"rendered":"Laxou. Une balle dans la fen\u00eatre de chambre\u00a0: une famille porte plainte"},"content":{"rendered":"<p>Nous avons mandat\u00e9 un huissier pour constater les d\u00e9g\u00e2ts et mes clients d\u00e9posent plainte (Ndlr\u00a0: contre X) pour mise en danger de la vie d\u2019autrui.\u00a0\u00bb Avocat au barreau de Nancy, Me Raoul Gottlich, se veut prudent. \u00ab\u00a0L\u2019enqu\u00eate suit son cours pour tenter d\u2019identifier la provenance du tir et pour\u00a0l\u2019heure, on ne peut pr\u00e9juger de rien.\u00a0\u00bb<\/p>\n<p>Dans l\u2019apr\u00e8s-midi du jeudi 17\u00a0avril, une balle perdue est venue se loger dans une fen\u00eatre de la chambre \u00e0 coucher d\u2019un couple de Laxou domicili\u00e9 rue de la Toulose, sur les hauteurs de la ville, dans le secteur de la Sapini\u00e8re. Une rue en apparence calme, avec ses pavillons plut\u00f4t cossus, situ\u00e9e \u00e0 quelques centaines de m\u00e8tres de la soci\u00e9t\u00e9 de tir de Laxou (STL), du complexe sportif Gaston-Lozzia et de la for\u00eat.<\/p>\n<p>Calibre 9\u00a0mm<\/p>\n<p>La balle, dont on ignore toujours la provenance, a travers\u00e9 le volet avant de se ficher dans le&#8230;<\/p>\n","protected":false},"excerpt":{"rendered":"Nous avons mandat\u00e9 un huissier pour constater les d\u00e9g\u00e2ts et mes clients d\u00e9posent plainte (Ndlr\u00a0: contre X) pour&hellip;\n","protected":false},"author":2,"featured_media":54425,"comment_status":"","ping_status":"","sticky":false,"template":"","format":"standard","meta":{"footnotes":""},"categories":[9635],"tags":[1111,11,271,272,1707,1704,1706,1705,1777,674,274,1011,27,775,10426,10262,3457,1702,12,3456,25,517,1700,9805],"class_list":{"0":"post-54424","1":"post","2":"type-post","3":"status-publish","4":"format-standard","5":"has-post-thumbnail","7":"category-nancy","8":"tag-actu","9":"tag-actualites","10":"tag-crime","11":"tag-delit-et-contravention","12":"tag-edition-luneville","13":"tag-edition-nancy-et-agglomeration","14":"tag-edition-pont-a-mousson","15":"tag-edition-toul","16":"tag-eu","17":"tag-europe","18":"tag-faits-divers-justice","19":"tag-fr","20":"tag-france","21":"tag-grand-est","22":"tag-laxou","23":"tag-metropole-du-grand-nancy-54b5","24":"tag-meurthe-et-moselle","25":"tag-nancy","26":"tag-news","27":"tag-region-lorraine","28":"tag-republique-francaise","29":"tag-sport","30":"tag-sport-lorrain","31":"tag-tir"},"share_on_mastodon":{"url":"https:\/\/pubeurope.com\/@fr\/114404374948028836","error":""},"_links":{"self":[{"href":"https:\/\/www.europesays.com\/fr\/wp-json\/wp\/v2\/posts\/54424","targetHints":{"allow":["GET"]}}],"collection":[{"href":"https:\/\/www.europesays.com\/fr\/wp-json\/wp\/v2\/posts"}],"about":[{"href":"https:\/\/www.europesays.com\/fr\/wp-json\/wp\/v2\/types\/post"}],"author":[{"embeddable":true,"href":"https:\/\/www.europesays.com\/fr\/wp-json\/wp\/v2\/users\/2"}],"replies":[{"embeddable":true,"href":"https:\/\/www.europesays.com\/fr\/wp-json\/wp\/v2\/comments?post=54424"}],"version-history":[{"count":0,"href":"https:\/\/www.europesays.com\/fr\/wp-json\/wp\/v2\/posts\/54424\/revisions"}],"wp:featuredmedia":[{"embeddable":true,"href":"https:\/\/www.europesays.com\/fr\/wp-json\/wp\/v2\/media\/54425"}],"wp:attachment":[{"href":"https:\/\/www.europesays.com\/fr\/wp-json\/wp\/v2\/media?parent=54424"}],"wp:term":[{"taxonomy":"category","embeddable":true,"href":"https:\/\/www.europesays.com\/fr\/wp-json\/wp\/v2\/categories?post=54424"},{"taxonomy":"post_tag","embeddable":true,"href":"https:\/\/www.europesays.com\/fr\/wp-json\/wp\/v2\/tags?post=54424"}],"curies":[{"name":"wp","href":"https:\/\/api.w.org\/{rel}","templated":true}]}}