{"id":544240,"date":"2025-11-19T08:03:13","date_gmt":"2025-11-19T08:03:13","guid":{"rendered":"https:\/\/www.europesays.com\/fr\/544240\/"},"modified":"2025-11-19T08:03:13","modified_gmt":"2025-11-19T08:03:13","slug":"au-neuhof-le-nouveau-college-lyautey-ouvrira-pour-la-rentree-2026","status":"publish","type":"post","link":"https:\/\/www.europesays.com\/fr\/544240\/","title":{"rendered":"au Neuhof, le nouveau coll\u00e8ge Lyautey ouvrira pour la rentr\u00e9e 2026"},"content":{"rendered":"<p>De la gu\u00e9rison \u00e0 l\u2019\u00e9ducation, il n\u2019y a qu\u2019un pas. \u00c0 la place de l\u2019ancien h\u00f4pital militaire Lyautey, en friche depuis 2008, s\u2019\u00e9rigent aujourd\u2019hui les murs d\u2019un tout nouveau coll\u00e8ge entre la rue des Canonniers et la rue de Sarlat. Ce mardi 18\u00a0novembre, le recteur, le Dasen (directeur acad\u00e9mique des services de l\u2019\u00c9ducation nationale), ainsi que le pr\u00e9sident et plusieurs \u00e9lus de la CEA y ont r\u00e9alis\u00e9 une visite de chantier. Les travaux ont d\u00e9but\u00e9 en juillet\u00a02024 et s\u2019ach\u00e8veront en \u00e9t\u00e9 2026 pour pouvoir accueillir de premi\u00e8res classes d\u00e8s septembre.<\/p>\n<p>5\u00a0200 tonnes de r\u00e9emploi<\/p>\n<p>Malgr\u00e9 les apparences, l\u2019ancien h\u00f4pital n\u2019a pas totalement disparu. Il vit \u00e0 l\u2019int\u00e9rieur du nouveau b\u00e2timent, puisque ses briques ou encore le bois de la charpente&#8230;<\/p>\n","protected":false},"excerpt":{"rendered":"De la gu\u00e9rison \u00e0 l\u2019\u00e9ducation, il n\u2019y a qu\u2019un pas. \u00c0 la place de l\u2019ancien h\u00f4pital militaire Lyautey,&hellip;\n","protected":false},"author":2,"featured_media":544241,"comment_status":"","ping_status":"","sticky":false,"template":"","format":"standard","meta":{"footnotes":""},"categories":[2820],"tags":[1111,11,4749,3599,33,2880,1057,1777,674,107,1011,27,775,12,25,640,2879],"class_list":{"0":"post-544240","1":"post","2":"type-post","3":"status-publish","4":"format-standard","5":"has-post-thumbnail","7":"category-strasbourg","8":"tag-actu","9":"tag-actualites","10":"tag-btp-et-chantiers","11":"tag-college-lycee","12":"tag-economie","13":"tag-edition-strasbourg","14":"tag-education","15":"tag-eu","16":"tag-europe","17":"tag-fil-info","18":"tag-fr","19":"tag-france","20":"tag-grand-est","21":"tag-news","22":"tag-republique-francaise","23":"tag-strasbourg","24":"tag-strasbourg-ville"},"share_on_mastodon":{"url":"https:\/\/pubeurope.com\/@fr\/115575324979275038","error":""},"_links":{"self":[{"href":"https:\/\/www.europesays.com\/fr\/wp-json\/wp\/v2\/posts\/544240","targetHints":{"allow":["GET"]}}],"collection":[{"href":"https:\/\/www.europesays.com\/fr\/wp-json\/wp\/v2\/posts"}],"about":[{"href":"https:\/\/www.europesays.com\/fr\/wp-json\/wp\/v2\/types\/post"}],"author":[{"embeddable":true,"href":"https:\/\/www.europesays.com\/fr\/wp-json\/wp\/v2\/users\/2"}],"replies":[{"embeddable":true,"href":"https:\/\/www.europesays.com\/fr\/wp-json\/wp\/v2\/comments?post=544240"}],"version-history":[{"count":0,"href":"https:\/\/www.europesays.com\/fr\/wp-json\/wp\/v2\/posts\/544240\/revisions"}],"wp:featuredmedia":[{"embeddable":true,"href":"https:\/\/www.europesays.com\/fr\/wp-json\/wp\/v2\/media\/544241"}],"wp:attachment":[{"href":"https:\/\/www.europesays.com\/fr\/wp-json\/wp\/v2\/media?parent=544240"}],"wp:term":[{"taxonomy":"category","embeddable":true,"href":"https:\/\/www.europesays.com\/fr\/wp-json\/wp\/v2\/categories?post=544240"},{"taxonomy":"post_tag","embeddable":true,"href":"https:\/\/www.europesays.com\/fr\/wp-json\/wp\/v2\/tags?post=544240"}],"curies":[{"name":"wp","href":"https:\/\/api.w.org\/{rel}","templated":true}]}}