{"id":544244,"date":"2025-11-19T08:05:15","date_gmt":"2025-11-19T08:05:15","guid":{"rendered":"https:\/\/www.europesays.com\/fr\/544244\/"},"modified":"2025-11-19T08:05:15","modified_gmt":"2025-11-19T08:05:15","slug":"qui-etait-alain-cornu-defenseur-emblematique-disparu-a-88-ans","status":"publish","type":"post","link":"https:\/\/www.europesays.com\/fr\/544244\/","title":{"rendered":"qui \u00e9tait Alain Cornu, d\u00e9fenseur embl\u00e9matique disparu \u00e0 88 ans"},"content":{"rendered":"<p class=\"fs-5 \">Il \u00e9tait le <strong>symbole de l\u2019histoire du Gym<\/strong>. Les archives que collectionne Serge Gloumeaud le prouvent, la plume de Philippe Camps approuve.<\/p>\n<p class=\"fs-5 \"><a href=\"https:\/\/www.nicematin.com\/sports\/football\/le-football-local-en-deuil-une-ancienne-figure-de-l-ogc-nice-nous-a-quittes-a-l-age-de-88-ans-10657072\" target=\"_blank\" rel=\"noopener\">La disparition d\u2019Alain Cornu, survenue dimanche dernier \u00e0 l\u2019\u00e2ge de 88 ans<\/a>, laisse un vide et fait le plein de souvenirs \u00e0 la fois.<\/p>\n<p class=\"fs-5 \">Elle ravive la m\u00e9moire d\u2019un Gym qui<strong> soul\u00e8ve des troph\u00e9es et dispute des matchs de l\u00e9gende<\/strong>.<\/p>\n<p class=\"fs-5 \">\u00ab\u00a0Il \u00e9tait l\u2019ultime survivant du dernier titre de champion de France de l\u2019OGC Nice, en 1959. Le d\u00e9c\u00e8s d\u2019Alain Cornu, c\u2019est le dernier poilu qui s\u2019en va\u00a0\u00bb, image Serge Gloumeaud, pr\u00e9sident de l\u2019<strong>association La Grande Histoire du Gym<\/strong> qui offrira de nouveau une plong\u00e9e dans ses archives vendredi, sur le parvis de l\u2019<strong>Allianz Riviera<\/strong>.<\/p>\n<p class=\"fs-5 \">\u00ab\u00a0Cornu \u00e9tait n\u00e9 au Cannet-Rocheville et avait grandi avec le club jusqu\u2019au titre national. C\u2019\u00e9tait l\u2019un des rares locaux de cette grande \u00e9quipe, \u00e7a renforce encore un peu plus son image touchante dans le c\u0153ur des amoureux du Gym. Il repr\u00e9sentait l\u2019histoire vivante de l\u2019OGC Nice, la m\u00e9moire d\u2019une \u00e9quipe solide. Avec Pancho Gonzalez \u00e0 ses c\u00f4t\u00e9s, Cornu formait une charni\u00e8re centrale de rocs. \u00a0\u00bb<\/p>\n<p>        <img decoding=\"async\" src=\"https:\/\/www.europesays.com\/fr\/wp-content\/uploads\/2025\/11\/ARTVIEW-10657230-ORIG-d64fffb_upload-1-jmzsxpbyn6jz-image-img-20251118-161949-small.jpg\" class=\"figure-img img-fluid rounded\" alt=\"Entour\u00e9 d\u2019un cercle, Alain Cornu \u00e9tait le dernier champion de 1959\u00a0encore en vie. Debout, de gauche \u00e0 droite\u00a0: Ferry, Lamia, Cornu, Gonzalez, Chorda, Milazzo. Accroupis, de gauche \u00e0 droite\u00a0: Foix, Muro, Nurenberg, Alba, Faivre. \"\/><\/p>\n<p>            Entour\u00e9 d\u2019un cercle, Alain Cornu \u00e9tait le dernier champion de 1959\u00a0encore en vie. Debout, de gauche \u00e0 droite\u00a0: Ferry, Lamia, Cornu, Gonzalez, Chorda, Milazzo. Accroupis, de gauche \u00e0 droite\u00a0: Foix, Muro, Nurenberg, Alba, Faivre.  <br \/>Photos association la grande histoire du Gym<\/p>\n<p>                                                                                A jamais l\u2019un des premiers \u00e0 avoir fait tomber le Real Madrid<\/p>\n<p class=\"fs-5 \">Qui a fait <strong>douter le<\/strong> <strong>Real Madrid<\/strong> de Ferenc Puskas et Alfredo Di St\u00e9fano en <strong>quart de finale de Coupe d\u2019Europe<\/strong>.<\/p>\n<p class=\"fs-5 \">Alain Cornu et ses co\u00e9quipiers ont fait entrer le Gym dans l\u2019histoire le <strong>4 f\u00e9vrier 1960<\/strong>, devenant la <strong>premi\u00e8re \u00e9quipe fran\u00e7aise \u00e0 faire tomber le grand Real (3-2 au stade du Ray). <\/strong><\/p>\n<p class=\"fs-5 \">La lourde d\u00e9faite au retour (4-0) renforce la port\u00e9e de l\u2019exploit et le souvenir d\u2019un club rouge et noir capable de renverser des montagnes dans son antre de Gorbella.<\/p>\n<p class=\"fs-5 \">Une fois les crampons raccroch\u00e9s, Alain Cornu s\u2019est \u00e9quip\u00e9 d\u2019une raquette mais n\u2019a pas pu quitter le quartier, se rappelle Philippe Camps.<\/p>\n<p class=\"fs-5 \">Jean-Philippe Cornu se souvient, lui, des <strong>marques d\u2019affection que t\u00e9moignaient les riverains<\/strong> du Ray \u00e0 son papa, un champion touche-\u00e0-tout qui n\u2019en rajoutait jamais.<\/p>\n<p class=\"fs-5 \">\u00ab\u00a0Papa \u00e9tait modeste, pudique \u00e0 l\u2019\u00e9gard de son histoire avec<strong> <\/strong>l\u2019OGC Nice, l\u2019\u00e9pisode majeur de sa vie. Je prenais alors beaucoup de plaisir \u00e0 me promener avec lui, le voir se faire alpaguer dans la rue et recevoir toutes ces marques de respect et sympathie. A l\u2019\u00e9cole c\u2019\u00e9tait pareil, il \u00e9tait la coqueluche de mes copains. Pour moi, qui n\u2019ai jamais \u00e9t\u00e9 un grand passionn\u00e9 de football, c\u2019\u00e9tait marrant de voir leurs yeux briller devant mon papa. \u00a0\u00bb<\/p>\n<p>                                                                                Un h\u00e9ros modeste dans le propos, jamais dans l\u2019effort<\/p>\n<p class=\"fs-5 \"><strong>F\u00e9ru de v\u00e9lo et du Tour de France<\/strong>, ce grand passionn\u00e9 de l\u2019exploit sportif conservait des cassettes vid\u00e9o des JO de 1968 et 1986 et r\u00e9alisait \u00e0 son tour des prouesses lorsqu\u2019il se mettait en selle.<\/p>\n<p class=\"fs-5 \">\u00ab\u00a0Il retournait souvent en Corse voir ses parents et faisait l\u2019aller-retour de Bastia \u00e0 Calvi en v\u00e9lo, rembobine son fils Jean-Philippe, devenu papa \u00e0 son tour. \u00c7a peut sembler inimaginable aujourd\u2019hui, et \u00e7a montre la d\u00e9termination qu\u2019il mettait dans tout ce qu\u2019il faisait. \u00a0\u00bb<\/p>\n<p class=\"fs-5 \">Exigeant dans l\u2019effort au-del\u00e0 de son talent inn\u00e9, Alain Cornu pouvait l\u2019\u00eatre aussi avec les autres. Son<strong> caract\u00e8re bien tremp\u00e9<\/strong> s\u2019est adouci avec le temps et l\u2019amour des siens, qui l\u2019ont entour\u00e9 dans une fin de vie marqu\u00e9e par la maladie.<\/p>\n<p class=\"fs-5 \">Sa famille se r\u00e9unira en toute intimit\u00e9 ces prochains jours pour des obs\u00e8ques qui ram\u00e8neront Alain Cornu aupr\u00e8s de ses parents, dans le caveau familial de Calvi.<\/p>\n<p class=\"fs-5 \"><strong>Ce vendredi<\/strong>, l\u2019Allianz Riviera et le peuple ni\u00e7ois lui rendront l\u2019<strong>hommage populaire<\/strong> que le champion m\u00e9rite.<\/p>\n","protected":false},"excerpt":{"rendered":"Il \u00e9tait le symbole de l\u2019histoire du Gym. Les archives que collectionne Serge Gloumeaud le prouvent, la plume&hellip;\n","protected":false},"author":2,"featured_media":544245,"comment_status":"","ping_status":"","sticky":false,"template":"","format":"standard","meta":{"footnotes":""},"categories":[2819],"tags":[1111,11,1777,674,1011,27,12,2401,54521,882,25],"class_list":{"0":"post-544244","1":"post","2":"type-post","3":"status-publish","4":"format-standard","5":"has-post-thumbnail","7":"category-nice","8":"tag-actu","9":"tag-actualites","10":"tag-eu","11":"tag-europe","12":"tag-fr","13":"tag-france","14":"tag-news","15":"tag-nice","16":"tag-ogcnice","17":"tag-provence-alpes-cote-dazur","18":"tag-republique-francaise"},"share_on_mastodon":{"url":"https:\/\/pubeurope.com\/@fr\/115575332946551576","error":""},"_links":{"self":[{"href":"https:\/\/www.europesays.com\/fr\/wp-json\/wp\/v2\/posts\/544244","targetHints":{"allow":["GET"]}}],"collection":[{"href":"https:\/\/www.europesays.com\/fr\/wp-json\/wp\/v2\/posts"}],"about":[{"href":"https:\/\/www.europesays.com\/fr\/wp-json\/wp\/v2\/types\/post"}],"author":[{"embeddable":true,"href":"https:\/\/www.europesays.com\/fr\/wp-json\/wp\/v2\/users\/2"}],"replies":[{"embeddable":true,"href":"https:\/\/www.europesays.com\/fr\/wp-json\/wp\/v2\/comments?post=544244"}],"version-history":[{"count":0,"href":"https:\/\/www.europesays.com\/fr\/wp-json\/wp\/v2\/posts\/544244\/revisions"}],"wp:featuredmedia":[{"embeddable":true,"href":"https:\/\/www.europesays.com\/fr\/wp-json\/wp\/v2\/media\/544245"}],"wp:attachment":[{"href":"https:\/\/www.europesays.com\/fr\/wp-json\/wp\/v2\/media?parent=544244"}],"wp:term":[{"taxonomy":"category","embeddable":true,"href":"https:\/\/www.europesays.com\/fr\/wp-json\/wp\/v2\/categories?post=544244"},{"taxonomy":"post_tag","embeddable":true,"href":"https:\/\/www.europesays.com\/fr\/wp-json\/wp\/v2\/tags?post=544244"}],"curies":[{"name":"wp","href":"https:\/\/api.w.org\/{rel}","templated":true}]}}