{"id":544248,"date":"2025-11-19T08:07:13","date_gmt":"2025-11-19T08:07:13","guid":{"rendered":"https:\/\/www.europesays.com\/fr\/544248\/"},"modified":"2025-11-19T08:07:13","modified_gmt":"2025-11-19T08:07:13","slug":"apres-trois-ans-de-bataille-les-riverains-sur-le-point-de-remporter-leur-combat","status":"publish","type":"post","link":"https:\/\/www.europesays.com\/fr\/544248\/","title":{"rendered":"apr\u00e8s trois ans de bataille, les riverains sur le point de remporter leur combat"},"content":{"rendered":"<p>\n    Un site de traitement de biod\u00e9chets g\u00e9n\u00e8re des nuisances olfactives insupportables pour les voisins. La pr\u00e9fecture vient de publier un arr\u00eat\u00e9 de mise en demeure \u00e0 l\u2019encontre de la plateforme, laissant pr\u00e9sager sa probable fermeture.<\/p>\n<p class=\"fig-paragraph\">Depuis le 1er janvier 2023, ils ont comptabilis\u00e9 262 jours de\u00a0<a href=\"http:\/\/www.lefigaro.fr\/nantes\/on-nous-a-trompes-pres-de-nantes-les-odeurs-d-une-plateforme-ecologique-exasperent-les-habitants-20221219\" target=\"_blank\" data-fig-type=\"Article\" rel=\"noopener\" data-gtm-custom-categorie=\"navigation\" data-gtm-custom-action=\"crossclick\" data-gtm-custom-label=\"Contextuel\" data-gtm-event=\"customEventSPE\" data-fig-domain=\"LEFIGARO\">nuisances olfactives<\/a>. Dans l\u2019agglom\u00e9ration de Nantes,\u00a0<a href=\"http:\/\/www.lefigaro.fr\/nantes\/pres-de-nantes-ces-irreductibles-habitants-qui-luttent-sans-relache-contre-une-encombrante-plateforme-de-compostage-20240218\" target=\"_blank\" data-fig-type=\"NewsFlash\" rel=\"noopener\" data-gtm-custom-categorie=\"navigation\" data-gtm-custom-action=\"crossclick\" data-gtm-custom-label=\"Contextuel\" data-gtm-event=\"customEventSPE\" data-fig-domain=\"LEFIGARO\">des habitants<\/a>\u00a0regroup\u00e9s en collectif\u00a0<a href=\"http:\/\/www.lefigaro.fr\/nantes\/odeurs-de-compost-pres-de-nantes-les-exploitants-ont-jusqu-au-31-mars-pour-les-faire-disparaitre-20230203\" target=\"_blank\" data-fig-type=\"Article\" rel=\"noopener\" data-gtm-custom-categorie=\"navigation\" data-gtm-custom-action=\"crossclick\" data-gtm-custom-label=\"Contextuel\" data-gtm-event=\"customEventSPE\" data-fig-domain=\"LEFIGARO\">n\u2019ont jamais rien l\u00e2ch\u00e9<\/a>. En 2022,\u00a0<a href=\"http:\/\/www.lefigaro.fr\/nantes\/pres-de-nantes-un-an-apres-la-delicate-cohabitation-des-habitants-avec-une-plateforme-de-traitement-des-dechets-20230712\" target=\"_blank\" data-fig-type=\"Article\" rel=\"noopener\" data-gtm-custom-categorie=\"navigation\" data-gtm-custom-action=\"crossclick\" data-gtm-custom-label=\"Contextuel\" data-gtm-event=\"customEventSPE\" data-fig-domain=\"LEFIGARO\">une plateforme de compostage<\/a>\u00a0de biod\u00e9chets a vu le jour \u00e0 50 m\u00e8tres des plus proches d\u2019entre eux. Sur le papier, l\u2019objectif de Terra Ter est louable. L\u2019id\u00e9e est de valoriser les d\u00e9chets alimentaires en compost pour les agriculteurs alentour.<\/p>\n<p class=\"fig-paragraph\">Malheureusement, des effluves naus\u00e9abonds, comparables \u00e0 une odeur d\u2019\u0153uf pourri, n\u2019ont de cesse de s\u2019en d\u00e9gager depuis plus de trois ans. Et ce, alors m\u00eame que les initiateurs du projet avaient assur\u00e9 qu\u2019il n\u2019y aurait pas de nuisance olfactive. Bien qu\u2019en baisse ces derniers temps, celles-ci affectent le quotidien des voisins. Au point de ne pas pouvoir d\u00e9jeuner dehors\u00a0; de r\u00e9cup\u00e9rer sur le fil \u00e0 linge des habits sentant le purin\u00a0; voire pour l\u2019un d\u2019entre eux de devoir quitter sa maison l\u2019\u00e9t\u00e9 pour respirer un air plus frais.<\/p>\n<p>                                    <a class=\"fig-a11y-skip a11y-hidden\" href=\"#fig-a11y-skip-main-inarticle\"><br \/>\n        Passer la publicit\u00e9<br \/>\n    <\/a><\/p>\n<p>Mise en demeure difficile \u00e0 contourner<\/p>\n<p class=\"fig-paragraph\">Dans ce contexte, le collectif \u00c7a Respire \u00e0 la Chapelle a vite pris de l\u2019ampleur. Devenue une association, sa mission a toujours \u00e9t\u00e9 la m\u00eame\u00a0: faire d\u00e9placer le site loin des habitations. \u00c0 force de rendez-vous et de v\u00e9rifications, les membres tr\u00e8s actifs ont soulev\u00e9 des incoh\u00e9rences. Ils ont obtenu des \u00e9volutions dont une, la semaine derni\u00e8re, qui pourrait s\u2019av\u00e9rer majeure. Le 13 novembre, la pr\u00e9fecture a pris un\u00a0<a href=\"https:\/\/www.loire-atlantique.gouv.fr\/contenu\/telechargement\/69881\/504525\/file\/2025-11-13%20APMD%20TERRA%20TER.pdf\" target=\"_blank\" rel=\"noopener\" data-gtm-custom-categorie=\"navigation\" data-gtm-custom-action=\"crossclick\" data-gtm-custom-label=\"Contextuel\" data-gtm-event=\"customEventSPE\">arr\u00eat\u00e9 de mise en demeure<\/a>\u00a0\u00e0 l\u2019encontre de la Terra Ter. La mesure d\u00e9coule d\u2019une inspection survenue le 2 octobre. Ce rebondissement laisse pr\u00e9sager un d\u00e9part de la plateforme g\u00e9r\u00e9e par deux coop\u00e9ratives.<\/p>\n<p class=\"fig-paragraph\">Aujourd\u2019hui, Terra Compost s\u2019occupe de collecter des d\u00e9chets alimentaires dans les entreprises et collectivit\u00e9s. Une fois recueillis, ceux-ci sont d\u00e9pos\u00e9s sur la plateforme de La Chapelle-sur-Erdre. L\u00e0, ils sont m\u00e9lang\u00e9s \u00e0 des d\u00e9chets verts broy\u00e9s dont la gestion est assur\u00e9e par la SCIC Nord Nantes. Cette mixture est ensuite d\u00e9pos\u00e9e dans un champ pour maturer avant d\u2019\u00eatre redistribu\u00e9e \u00e0 des agriculteurs locaux. Or, dans l\u2019arr\u00eat\u00e9 pr\u00e9fectoral, il est notamment notifi\u00e9 \u00abl\u2019arr\u00eat d\u00e9finitif des op\u00e9rations de compostage sur des parcelles agricoles\u00bb sous neuf mois. Cela est motiv\u00e9 par les plaintes des riverains mais \u00e9galement un \u00abrisque sanitaire non ma\u00eetris\u00e9 de propagation de maladies animales contagieuses dans l\u2019environnement\u00bb. Un risque de \u00abpollution des eaux par des nitrates d\u2019origine agricole\u00bb y est aussi mentionn\u00e9.<\/p>\n<p class=\"fig-paragraph\">\u00abCe n\u2019est pas la toute fin du feuilleton, mais il y a peu de chances qu\u2019ils puissent d\u00e9roger \u00e0 \u00e7a\u00bb, constate Jean Iemmolo, pr\u00e9sident du collectif \u00c7a respire \u00e0 la Chapelle. \u00abIls ont deux mois pour faire un recours, mais vu les conditions impos\u00e9es par la pr\u00e9fecture, \u00e7a semble irr\u00e9aliste\u00bb, analyse-t-il. \u00abOn risque d\u2019enclencher tous les recours possibles\u00bb, temp\u00e8re \u00c9tienne Pineau, le directeur de Terra Compost, sollicit\u00e9 par Le Figaro. \u00abCe qui n\u2019emp\u00eache pas de chercher un autre site\u00bb, pr\u00e9cise-t-il d\u2019embl\u00e9e. D\u00e9j\u00e0,, il y a quelques mois, une parcelle \u00e0 proximit\u00e9 avait \u00e9t\u00e9 identifi\u00e9e. La transaction avait \u00e9chou\u00e9 car le site \u00e9tait en passe de devenir une zone Natura 2000. Le temps d\u2019\u00e9tudes aurait engendr\u00e9 des d\u00e9lais bien trop longs.<\/p>\n<p>Des recours en justice<\/p>\n<p class=\"fig-paragraph\">\u00abOn a toujours dit que le site \u00e9tait mal positionn\u00e9, mais par contre on trouve que \u00e7a a du sens de composter en bout de champs\u00bb, indique-t-il, pour justifier le recours. \u00c0 terme, la philosophie serait de laisser maturer le compost directement chez les agriculteurs b\u00e9n\u00e9ficiaires apr\u00e8s l\u2019avoir pr\u00e9par\u00e9 et hygi\u00e9nis\u00e9 sur une plateforme. En effet, Terra Ter a vocation \u00e0 essaimer aux quatre coins de la m\u00e9tropole&#8230; mais plus loin des habitations. \u00abOn a survendu une plateforme sans odeurs et sans bruit aux riverains. Mais dans les faits, une plateforme comme \u00e7a g\u00e9n\u00e8re forc\u00e9ment des odeurs\u00bb, souligne \u00c9tienne Pineau, arriv\u00e9 en cours de route sur le projet, en 2023.<\/p>\n<p class=\"fig-paragraph\">En juin dernier, un arr\u00eat\u00e9 de mise en demeure a \u00e9galement \u00e9t\u00e9 pris pour le broyage des d\u00e9chets verts, trop bruyant. Les camions continuent d\u2019acheminer les v\u00e9g\u00e9taux sur place mais les d\u00e9tritus sont broy\u00e9s dans un champ plus \u00e9loign\u00e9. \u00abOn a fait un gros pas en avant\u00bb, se r\u00e9jouit Jean Iemmolo, au nom de l\u2019association des habitants. \u00abOn a enfin une reconnaissance des autorit\u00e9s de la g\u00eane qui a \u00e9t\u00e9 cr\u00e9\u00e9e. Je pense qu\u2019on n\u2019est pas loin du but\u00bb, songe le retrait\u00e9. Il d\u00e9plore tout de m\u00eame le temps que cela a n\u00e9cessit\u00e9. \u00abOn avait convenu d\u2019aider l\u2019exploitant \u00e0 progresser, de lui dire o\u00f9 \u00e7a sentait, pour lui permettre de s\u2019am\u00e9liorer. Trois ans plus tard, on avait toujours des odeurs. Nous ne sommes pas pay\u00e9s pour dire quoi faire \u00e0 l\u2019entreprise\u00bb, tance le b\u00e9n\u00e9vole. D\u2019autant que le collectif qui englobe plus de 200 personnes a aussi mis la main au portefeuille. Deux\u00a0<a href=\"http:\/\/www.lefigaro.fr\/nantes\/odeurs-de-compost-pres-de-nantes-les-riverains-veulent-se-cotiser-pour-porter-plainte-contre-la-plateforme-20230330\" target=\"_blank\" data-fig-type=\"Article\" rel=\"noopener\" data-gtm-custom-categorie=\"navigation\" data-gtm-custom-action=\"crossclick\" data-gtm-custom-label=\"Contextuel\" data-gtm-event=\"customEventSPE\" data-fig-domain=\"LEFIGARO\">recours en justice<\/a>\u00a0sont en cours. Ils pourraient \u00eatre abandonn\u00e9s si la plateforme quitte vraiment le lieu.<\/p>\n","protected":false},"excerpt":{"rendered":"Un site de traitement de biod\u00e9chets g\u00e9n\u00e8re des nuisances olfactives insupportables pour les voisins. La pr\u00e9fecture vient de&hellip;\n","protected":false},"author":2,"featured_media":544249,"comment_status":"","ping_status":"","sticky":false,"template":"","format":"standard","meta":{"footnotes":""},"categories":[2818],"tags":[1111,11,13037,436,1777,674,1011,27,766,12,2636,25],"class_list":{"0":"post-544248","1":"post","2":"type-post","3":"status-publish","4":"format-standard","5":"has-post-thumbnail","7":"category-nantes","8":"tag-actu","9":"tag-actualites","10":"tag-compost","11":"tag-environnement","12":"tag-eu","13":"tag-europe","14":"tag-fr","15":"tag-france","16":"tag-nantes","17":"tag-news","18":"tag-pays-de-la-loire","19":"tag-republique-francaise"},"share_on_mastodon":{"url":"https:\/\/pubeurope.com\/@fr\/115575340728252890","error":""},"_links":{"self":[{"href":"https:\/\/www.europesays.com\/fr\/wp-json\/wp\/v2\/posts\/544248","targetHints":{"allow":["GET"]}}],"collection":[{"href":"https:\/\/www.europesays.com\/fr\/wp-json\/wp\/v2\/posts"}],"about":[{"href":"https:\/\/www.europesays.com\/fr\/wp-json\/wp\/v2\/types\/post"}],"author":[{"embeddable":true,"href":"https:\/\/www.europesays.com\/fr\/wp-json\/wp\/v2\/users\/2"}],"replies":[{"embeddable":true,"href":"https:\/\/www.europesays.com\/fr\/wp-json\/wp\/v2\/comments?post=544248"}],"version-history":[{"count":0,"href":"https:\/\/www.europesays.com\/fr\/wp-json\/wp\/v2\/posts\/544248\/revisions"}],"wp:featuredmedia":[{"embeddable":true,"href":"https:\/\/www.europesays.com\/fr\/wp-json\/wp\/v2\/media\/544249"}],"wp:attachment":[{"href":"https:\/\/www.europesays.com\/fr\/wp-json\/wp\/v2\/media?parent=544248"}],"wp:term":[{"taxonomy":"category","embeddable":true,"href":"https:\/\/www.europesays.com\/fr\/wp-json\/wp\/v2\/categories?post=544248"},{"taxonomy":"post_tag","embeddable":true,"href":"https:\/\/www.europesays.com\/fr\/wp-json\/wp\/v2\/tags?post=544248"}],"curies":[{"name":"wp","href":"https:\/\/api.w.org\/{rel}","templated":true}]}}