{"id":544260,"date":"2025-11-19T08:14:12","date_gmt":"2025-11-19T08:14:12","guid":{"rendered":"https:\/\/www.europesays.com\/fr\/544260\/"},"modified":"2025-11-19T08:14:12","modified_gmt":"2025-11-19T08:14:12","slug":"cest-un-peu-comme-le-parfait-au-revoir-derniere-tournee-de-bagarre-qui-se-produit-ce-vendredi-a-marseille","status":"publish","type":"post","link":"https:\/\/www.europesays.com\/fr\/544260\/","title":{"rendered":"\u00ab\u00a0C&rsquo;est un peu comme le parfait au revoir\u00a0\u00bb, derni\u00e8re tourn\u00e9e de Bagarre qui se produit ce vendredi \u00e0 Marseille"},"content":{"rendered":"<p>Bagarre est quasiment n\u00e9 sur les dancefloors aux alentours de\u00a02014, en p\u00e9riph\u00e9rie de Paris, par cinq jeunes gens avides de libert\u00e9 et d\u2019\u00e9clectisme. C\u2019est comme \u00e7a qu\u2019ils ont cr\u00e9\u00e9 leur musique de club en autogestion. Trois EPs et trois albums plus tard, le collectif raccroche les gants. Interview d\u2019Arthur, dit \u00ab\u00a0La b\u00eate\u00a0\u00bb.<\/p>\n<p><strong>Est-ce que vous envisagez vos derniers concerts comme des f\u00eates\u00a0? Sans pincement au c\u0153ur\u00a0?<\/strong>&#13;\n<\/p>\n<p>On a annonc\u00e9 la fin du groupe en janvier\u00a02025. Forc\u00e9ment plus on se rapproche de la fin, plus l\u2019\u00e9motion, la n\u00f4tre et celle du public, se fait sentir. Ce n\u2019est pas triste mais c\u2019est \u00e9mouvant. Et puis il y a l\u2019\u00e9nergie de Bagarre, une forme de bizarrerie naturelle qui se met en place, avec tout ce que le groupe pr\u00f4ne de l\u2019ordre de l\u2019espoir et de la joie. C\u2019est un peu comme le parfait au revoir.<\/p>\n<p><strong>Quelles sont les raisons de cette rupture\u00a0?<\/strong>&#13;\n<\/p>\n<p>Elles sont de l\u2019ordre de la composition. <a href=\"https:\/\/www.laprovence.com\/article\/culture-loisirs\/92858543102316\/jul-bientot-en-concert-a-marseille-le-rappeur-annonce-deux-dates-au-velodrome-et-deux-au-stade-de-france\" target=\"_blank\" rel=\"noopener\">La musique<\/a> c\u2019est une histoire d\u2019amour. Et, comme l\u2019amour, l\u2019inspiration \u00e7a vient et \u00e7a part de la m\u00eame mani\u00e8re. C\u2019est ce qui s\u2019est pass\u00e9 pour nous. On a pass\u00e9 dix ans de carri\u00e8re avec une fluidit\u00e9, une simplicit\u00e9 et une sinc\u00e9rit\u00e9 assez \u00e9videntes. Et puis, on a senti que \u00e7a prenait moins. Certainement parce&#8230;<\/p>\n","protected":false},"excerpt":{"rendered":"Bagarre est quasiment n\u00e9 sur les dancefloors aux alentours de\u00a02014, en p\u00e9riph\u00e9rie de Paris, par cinq jeunes gens&hellip;\n","protected":false},"author":2,"featured_media":544261,"comment_status":"","ping_status":"","sticky":false,"template":"","format":"standard","meta":{"footnotes":""},"categories":[2814],"tags":[17,1111,11,2511,1993,251,9424,1777,674,1011,27,884,12,48423,27233,882,25,26913,4441],"class_list":{"0":"post-544260","1":"post","2":"type-post","3":"status-publish","4":"format-standard","5":"has-post-thumbnail","7":"category-marseille","8":"tag-17","9":"tag-actu","10":"tag-actualites","11":"tag-cest","12":"tag-comme","13":"tag-culture","14":"tag-derniere","15":"tag-eu","16":"tag-europe","17":"tag-fr","18":"tag-france","19":"tag-marseille","20":"tag-news","21":"tag-parfait","22":"tag-peu","23":"tag-provence-alpes-cote-dazur","24":"tag-republique-francaise","25":"tag-revoir","26":"tag-tournee"},"share_on_mastodon":{"url":"https:\/\/pubeurope.com\/@fr\/115575368313548072","error":""},"_links":{"self":[{"href":"https:\/\/www.europesays.com\/fr\/wp-json\/wp\/v2\/posts\/544260","targetHints":{"allow":["GET"]}}],"collection":[{"href":"https:\/\/www.europesays.com\/fr\/wp-json\/wp\/v2\/posts"}],"about":[{"href":"https:\/\/www.europesays.com\/fr\/wp-json\/wp\/v2\/types\/post"}],"author":[{"embeddable":true,"href":"https:\/\/www.europesays.com\/fr\/wp-json\/wp\/v2\/users\/2"}],"replies":[{"embeddable":true,"href":"https:\/\/www.europesays.com\/fr\/wp-json\/wp\/v2\/comments?post=544260"}],"version-history":[{"count":0,"href":"https:\/\/www.europesays.com\/fr\/wp-json\/wp\/v2\/posts\/544260\/revisions"}],"wp:featuredmedia":[{"embeddable":true,"href":"https:\/\/www.europesays.com\/fr\/wp-json\/wp\/v2\/media\/544261"}],"wp:attachment":[{"href":"https:\/\/www.europesays.com\/fr\/wp-json\/wp\/v2\/media?parent=544260"}],"wp:term":[{"taxonomy":"category","embeddable":true,"href":"https:\/\/www.europesays.com\/fr\/wp-json\/wp\/v2\/categories?post=544260"},{"taxonomy":"post_tag","embeddable":true,"href":"https:\/\/www.europesays.com\/fr\/wp-json\/wp\/v2\/tags?post=544260"}],"curies":[{"name":"wp","href":"https:\/\/api.w.org\/{rel}","templated":true}]}}