{"id":544262,"date":"2025-11-19T08:15:15","date_gmt":"2025-11-19T08:15:15","guid":{"rendered":"https:\/\/www.europesays.com\/fr\/544262\/"},"modified":"2025-11-19T08:15:15","modified_gmt":"2025-11-19T08:15:15","slug":"non-je-ne-me-tairai-pas-face-au-narcotrafic-clame-amine-kessaci","status":"publish","type":"post","link":"https:\/\/www.europesays.com\/fr\/544262\/","title":{"rendered":"\u00ab\u00a0Non je ne me tairai pas face au narcotrafic\u00a0\u00bb, clame Amine Kessaci"},"content":{"rendered":"<p> \u00abNon, je ne me tairai pas\u00a0\u00bb. Dans une tribune publi\u00e9e dans le journal Le Monde, <a href=\"https:\/\/www.20minutes.fr\/faits_divers\/faits-divers-marseille\/4185561-20251114-marseille-deuxieme-frere-ecologiste-amine-kessaci-tue-balles\" class=\"c-link c-link--is-underlined\" target=\"_blank\" rel=\"noopener\">Amine Kessaci<\/a>, le fr\u00e8re de Mehdi <a href=\"https:\/\/www.20minutes.fr\/faits_divers\/faits-divers-marseille\/4185587-20251114-marseille-sait-assassinat-frere-amine-kessaci-militant-politique-engage-contre-narcotrafic\" class=\"c-link c-link--is-underlined\" target=\"_blank\" rel=\"noopener\">abattu le 13\u00a0novembre<\/a>, \u00e0 <a href=\"https:\/\/www.20minutes.fr\/marseille\/\" class=\"c-link c-link--is-underlined\" target=\"_blank\" rel=\"noopener\">Marseille<\/a>, par deux personnes \u00e0 moto, a affirm\u00e9 vouloir dire \u00ab\u00a0la violence du <a href=\"https:\/\/www.20minutes.fr\/politique\/4186309-20251118-narcotrafic-macron-demande-amplifier-lutte-rapporte-ministre-interieur-laurent-nunez\" class=\"c-link c-link--is-underlined\" target=\"_blank\" rel=\"noopener\">narcotrafic<\/a>\u00a0\u00bb. \u00ab\u00a0Je dirai et r\u00e9p\u00e9terai que mon fr\u00e8re Mehdi est mort pour rien\u00a0\u00bb, a-t-il \u00e9crit.<\/p>\n<p>Engag\u00e9 dans la lutte contre le narcobanditisme le militant \u00e9cologiste de 22 ans, vient d\u2019une famille de six enfants d\u00e9j\u00e0 endeuill\u00e9e, en\u00a02020, par l\u2019assassinat d\u2019un autre de ses fr\u00e8res, <a href=\"https:\/\/www.20minutes.fr\/societe\/3110683-20210828-marseille-va-encore-prendre-nouveau-plan-anti-stup-cite-marronniers-attend-plus-rien-etat\" class=\"c-link c-link--is-underlined\" target=\"_blank\" rel=\"noopener\">Brahim, 22 ans<\/a>, dont le corps avait \u00e9t\u00e9 retrouv\u00e9 carbonis\u00e9 dans un v\u00e9hicule.<\/p>\n<p>\u00ab\u00a0On me parle de crime d\u2019avertissement. Mais un crime n\u2019est jamais un avertissement\u00a0\u00bb, s\u2019est indign\u00e9 Amine Kessaci. \u00ab\u00a0Voici ce que font les trafiquants\u00a0: ils tentent d\u2019annihiler toute r\u00e9sistance, de briser toute volont\u00e9, de tuer dans l\u2019\u0153uf tout embryon de r\u00e9volte pour \u00e9tendre leur pouvoir sur nos vies\u00a0\u00bb, a-t-il ajout\u00e9.<\/p>\n<p>\u00ab\u00a0Une lutte \u00e0 mort est engag\u00e9e\u00a0\u00bb<\/p>\n<p>Le militant a \u00e9galement soulign\u00e9 que la protection polici\u00e8re qui lui avait \u00e9t\u00e9 accord\u00e9e ne l\u2019avait pas \u00e9t\u00e9 \u00e0 ses proches. \u00ab\u00a0Pourtant, qui ignorait que ma famille avait d\u00e9j\u00e0 pay\u00e9 un tribut de sang\u00a0? Comment ne pas savoir que ma famille pouvait \u00eatre touch\u00e9e\u00a0?\u00a0\u00bb, s\u2019est-il interrog\u00e9. \u00ab\u00a0Face \u00e0 un tel ennemi, l\u2019Etat doit prendre la mesure de ce qu\u2019il se passe et comprendre qu\u2019une lutte \u00e0 mort est engag\u00e9e\u00a0\u00bb, a-t-il encore pr\u00e9venu.<\/p>\n<\/p>\n<p>Amine Kessaci a \u00e9galement esquiss\u00e9 des pistes pour essayer d\u2019endiguer les ravages du narcotrafic, comme \u00ab\u00a0faire revenir les services publics dans les quartiers\u00a0\u00bb, \u00ab\u00a0lutter contre l\u2019\u00e9chec scolaire qui fournit aux trafiquants une main-d\u2019\u0153uvre soumise\u00a0\u00bb, ou encore \u00ab\u00a0doter les enqu\u00eateurs et les forces de police des moyens dont ils ont besoin\u00a0\u00bb et \u00ab\u00a0soutenir r\u00e9ellement les familles de victimes du narcotrafic\u00a0\u00bb. Avant d\u2019ajouter\u00a0: \u00ab\u00a0Nous comptons nos morts, mais que fait l\u2019Etat\u00a0?\u00a0\u00bb<\/p>\n","protected":false},"excerpt":{"rendered":"\u00abNon, je ne me tairai pas\u00a0\u00bb. Dans une tribune publi\u00e9e dans le journal Le Monde, Amine Kessaci, le&hellip;\n","protected":false},"author":2,"featured_media":544263,"comment_status":"","ping_status":"","sticky":false,"template":"","format":"standard","meta":{"footnotes":""},"categories":[2814],"tags":[1111,47,11,6744,885,1777,674,118,1011,27,884,813,12,883,882,25,5030],"class_list":{"0":"post-544262","1":"post","2":"type-post","3":"status-publish","4":"format-standard","5":"has-post-thumbnail","7":"category-marseille","8":"tag-actu","9":"tag-actualite","10":"tag-actualites","11":"tag-assassinat","12":"tag-bouches-du-rhone","13":"tag-eu","14":"tag-europe","15":"tag-faits-divers","16":"tag-fr","17":"tag-france","18":"tag-marseille","19":"tag-narcotrafiquants","20":"tag-news","21":"tag-paca","22":"tag-provence-alpes-cote-dazur","23":"tag-republique-francaise","24":"tag-tribune"},"share_on_mastodon":{"url":"https:\/\/pubeurope.com\/@fr\/115575372111329813","error":""},"_links":{"self":[{"href":"https:\/\/www.europesays.com\/fr\/wp-json\/wp\/v2\/posts\/544262","targetHints":{"allow":["GET"]}}],"collection":[{"href":"https:\/\/www.europesays.com\/fr\/wp-json\/wp\/v2\/posts"}],"about":[{"href":"https:\/\/www.europesays.com\/fr\/wp-json\/wp\/v2\/types\/post"}],"author":[{"embeddable":true,"href":"https:\/\/www.europesays.com\/fr\/wp-json\/wp\/v2\/users\/2"}],"replies":[{"embeddable":true,"href":"https:\/\/www.europesays.com\/fr\/wp-json\/wp\/v2\/comments?post=544262"}],"version-history":[{"count":0,"href":"https:\/\/www.europesays.com\/fr\/wp-json\/wp\/v2\/posts\/544262\/revisions"}],"wp:featuredmedia":[{"embeddable":true,"href":"https:\/\/www.europesays.com\/fr\/wp-json\/wp\/v2\/media\/544263"}],"wp:attachment":[{"href":"https:\/\/www.europesays.com\/fr\/wp-json\/wp\/v2\/media?parent=544262"}],"wp:term":[{"taxonomy":"category","embeddable":true,"href":"https:\/\/www.europesays.com\/fr\/wp-json\/wp\/v2\/categories?post=544262"},{"taxonomy":"post_tag","embeddable":true,"href":"https:\/\/www.europesays.com\/fr\/wp-json\/wp\/v2\/tags?post=544262"}],"curies":[{"name":"wp","href":"https:\/\/api.w.org\/{rel}","templated":true}]}}