{"id":544267,"date":"2025-11-19T08:21:14","date_gmt":"2025-11-19T08:21:14","guid":{"rendered":"https:\/\/www.europesays.com\/fr\/544267\/"},"modified":"2025-11-19T08:21:14","modified_gmt":"2025-11-19T08:21:14","slug":"bouchons-exceptionnels-sur-les-routes-de-paris-et-dile-de-france-la-circulation-tres-difficile-2","status":"publish","type":"post","link":"https:\/\/www.europesays.com\/fr\/544267\/","title":{"rendered":"Bouchons \u00ab\u00a0exceptionnels\u00a0\u00bb sur les routes de Paris et d&rsquo;\u00cele-de-France : la circulation tr\u00e8s difficile"},"content":{"rendered":"<p>                    Par<br \/>\n        <strong><br \/>\n            <a href=\"https:\/\/actu.fr\/auteur\/redaction-paris\" title=\"Consulter tous les articles de R\u00e9daction Paris\" rel=\"nofollow noopener\" target=\"_blank\">R\u00e9daction Paris<\/a><br \/>\n                    <\/strong><\/p>\n<p>        Publi\u00e9 le<\/p>\n<p>            19 nov. 2025 \u00e0 9h02        <\/p>\n<p>C\u2019\u00e9tait le cas lundi et mardi. C\u2019est encore le cas ce mercredi 19 novembre 2025. La <a href=\"https:\/\/actu.fr\/tag\/circulation\" rel=\"nofollow noopener\" target=\"_blank\">circulation<\/a> sur les routes de Paris et d\u2019\u00cele-de-France est difficile. La raison ? Les <strong>bouchons<\/strong> qui ralentissent le parcours des automobilistes.\u00a0<\/p>\n<p>387 kilom\u00e8tres<\/p>\n<p class=\" wall-content\">D\u2019apr\u00e8s le barom\u00e8tre de cumul des bouchons de <a href=\"https:\/\/www.sytadin.fr\/sys\/barometre_bouchon.jsp.html#\" rel=\"nofollow noopener\" target=\"_blank\">Sytadin.fr<\/a>, les embouteillages atteignent <strong>387 kilom\u00e8tres<\/strong> \u00e0 8h50.\u00a0Lorsque le trafic est fluide, ils sont en moyenne autour de 250 kilom\u00e8tres.\u00a0En plus de l\u2019affluence, quelques incidents ralentissent le parcours :\u00a0<\/p>\n<p class=\" wall-content\">\u2013 Sur l\u2019<strong>A4<\/strong> province-Paris : accident impliquant trois v\u00e9hicules l\u00e9gers. Sur trois voies, celle de gauche est ferm\u00e9e<\/p>\n<p class=\" wall-content\">-Sur l\u2019<strong>A4<\/strong> province-Paris de Noisy-le-Grand vers Villiers-sur-Marne : accident entre deux v\u00e9hicules l\u00e9gers et une moto. Sur trois voies, la bande d\u2019arr\u00eat d\u2019urgence est ferm\u00e9e<\/p>\n<p class=\" wall-content\">\u2013 Sur l\u2019<strong>A4<\/strong> Paris-province de Saint-Maurice (A4xA86) vers Nogent (A4xA86). Sur cinq voies, bande d\u2019arr\u00eat d\u2019urgence ferm\u00e9e<\/p>\n<p class=\" wall-content\">Personnalisez votre actualit\u00e9 en ajoutant vos villes et m\u00e9dias en favori avec <a href=\"https:\/\/moncompte.actu.fr\" title=\"D\u00e9couvez Mon Actu\" rel=\"nofollow noopener\" data-trk=\"{&quot;cta&quot;:{&quot;action&quot;:&quot;https:\\\/\\\/moncompte.actu.fr&quot;,&quot;category&quot;:&quot;mon compte&quot;,&quot;from&quot;:&quot;article footer&quot;,&quot;name&quot;:&quot;Mon actu&quot;,&quot;type&quot;:&quot;cta&quot;}}\" target=\"_blank\">Mon Actu<\/a>.<\/p>\n","protected":false},"excerpt":{"rendered":"Par R\u00e9daction Paris Publi\u00e9 le 19 nov. 2025 \u00e0 9h02 C\u2019\u00e9tait le cas lundi et mardi. C\u2019est encore&hellip;\n","protected":false},"author":2,"featured_media":228657,"comment_status":"","ping_status":"","sticky":false,"template":"","format":"standard","meta":{"footnotes":""},"categories":[1592],"tags":[119,1111,11,3542,1777,674,1011,27,662,12,626,25,104],"class_list":{"0":"post-544267","1":"post","2":"type-post","3":"status-publish","4":"format-standard","5":"has-post-thumbnail","7":"category-ile-de-france","8":"tag-accident","9":"tag-actu","10":"tag-actualites","11":"tag-circulation","12":"tag-eu","13":"tag-europe","14":"tag-fr","15":"tag-france","16":"tag-ile-de-france","17":"tag-news","18":"tag-paris","19":"tag-republique-francaise","20":"tag-societe"},"share_on_mastodon":{"url":"https:\/\/pubeurope.com\/@fr\/115575395823519832","error":""},"_links":{"self":[{"href":"https:\/\/www.europesays.com\/fr\/wp-json\/wp\/v2\/posts\/544267","targetHints":{"allow":["GET"]}}],"collection":[{"href":"https:\/\/www.europesays.com\/fr\/wp-json\/wp\/v2\/posts"}],"about":[{"href":"https:\/\/www.europesays.com\/fr\/wp-json\/wp\/v2\/types\/post"}],"author":[{"embeddable":true,"href":"https:\/\/www.europesays.com\/fr\/wp-json\/wp\/v2\/users\/2"}],"replies":[{"embeddable":true,"href":"https:\/\/www.europesays.com\/fr\/wp-json\/wp\/v2\/comments?post=544267"}],"version-history":[{"count":0,"href":"https:\/\/www.europesays.com\/fr\/wp-json\/wp\/v2\/posts\/544267\/revisions"}],"wp:featuredmedia":[{"embeddable":true,"href":"https:\/\/www.europesays.com\/fr\/wp-json\/wp\/v2\/media\/228657"}],"wp:attachment":[{"href":"https:\/\/www.europesays.com\/fr\/wp-json\/wp\/v2\/media?parent=544267"}],"wp:term":[{"taxonomy":"category","embeddable":true,"href":"https:\/\/www.europesays.com\/fr\/wp-json\/wp\/v2\/categories?post=544267"},{"taxonomy":"post_tag","embeddable":true,"href":"https:\/\/www.europesays.com\/fr\/wp-json\/wp\/v2\/tags?post=544267"}],"curies":[{"name":"wp","href":"https:\/\/api.w.org\/{rel}","templated":true}]}}