{"id":544272,"date":"2025-11-19T08:24:12","date_gmt":"2025-11-19T08:24:12","guid":{"rendered":"https:\/\/www.europesays.com\/fr\/544272\/"},"modified":"2025-11-19T08:24:12","modified_gmt":"2025-11-19T08:24:12","slug":"scandale-shein-la-mairie-de-paris-prive-le-bhv-de-ses-animations-de-noel","status":"publish","type":"post","link":"https:\/\/www.europesays.com\/fr\/544272\/","title":{"rendered":"Scandale Shein : la mairie de Paris prive le BHV de ses animations de No\u00ebl"},"content":{"rendered":"<p class=\"p1\">Coup dur pour Fr\u00e9d\u00e9ric Merlin. Alors que plusieurs animations \u00e9taient dans les tuyaux en vue des f\u00eates de No\u00ebl, <a href=\"https:\/\/www.valeursactuelles.com\/societe\/paris-qui-est-frederic-merlin-le-jeune-patron-du-bhv-critique-pour-son-partenariat-avec-shein\" target=\"_blank\" rel=\"noopener\">le patron du BHV<\/a> n\u2019a pas re\u00e7u l\u2019autorisation de la Ville de Paris pour pouvoir les installer rue de Rivoli, \u00e0 Paris. Celles-ci doivent d\u00e9buter ce mardi 18 novembre, dans la soir\u00e9e, avec le d\u00e9voilement de vitrines de No\u00ebl, selon les informations du <a href=\"https:\/\/www.leparisien.fr\/paris-75\/on-ne-va-pas-faire-de-cadeau-la-ville-de-paris-prive-le-bhv-de-ses-animations-de-noel-rue-de-rivoli-18-11-2025-RS2BY4G6EZEN3NQHFVK3MC5AAQ.php\" target=\"_blank\" rel=\"nofollow noopener\">Parisien<\/a>.<\/p>\n<p><a href=\"https:\/\/www.valeursactuelles.com\/societe\/50-000-client-depuis-mercredi-le-bhv-ravi-des-debuts-de-shein\" class=\"h-flex h-align-items-center h-border-tb h-ptb-15\" target=\"_blank\" rel=\"noopener\">A\u00a0LIRE\u00a050 000 clients depuis mercredi : le BHV ravi des d\u00e9buts de Shein<\/a><\/p>\n<p class=\"p1\">Initialement, un grand d\u00e9fil\u00e9 devait notamment \u00eatre organis\u00e9 devant le magasin, gr\u00e2ce \u00e0 un partenariat nou\u00e9 avec Disneyland Paris. Mais le parc d\u2019attractions s\u2019est finalement retir\u00e9 \u00e0 la fin du mois d\u2018octobre, et ce, alors que la mairie de Paris avait valid\u00e9 le projet, tout comme la pr\u00e9fecture de police qui \u00e9tait favorable \u00e0 une modification momentan\u00e9e de la circulation rue de Rivoli. Cela n\u2019a pas emp\u00each\u00e9 le BHV de vouloir tout de m\u00eame maintenir des animations en ext\u00e9rieur, sauf qu\u2019aucune nouvelle demande d\u2019installation hors les murs n\u2019a \u00e9t\u00e9 envoy\u00e9e \u00e0 la municipalit\u00e9, selon la Ville de Paris.<\/p>\n<p>\u00ab\u00a0On ne va pas lui faire de cadeau\u00a0\u00bb<\/p>\n<p class=\"p1\">Depuis l\u2019installation de <a href=\"https:\/\/www.valeursactuelles.com\/societe\/scandale-shein-doit-on-interdire-la-marque-chinoise-en-france\" target=\"_blank\" rel=\"noopener\">Shein<\/a> au BHV, la mairie de Paris ne veut pas effectuer le moindre geste au grand magasin. C\u2019est ainsi que lorsque Fr\u00e9d\u00e9ric Merlin a adress\u00e9 une demande formelle, la Ville n\u2019a pas acc\u00e9d\u00e9 \u00e0 sa demande. Cette \u00ab\u00a0guerre\u00a0\u00bb se joue \u00e9galement sur le terrain de l\u2019occupation de la voie publique. \u00ab Nous demandons \u00e0 M. Merlin de se conformer au r\u00e8glement. On ne va pas lui faire de cadeau. Il nous a d\u00e9clar\u00e9 la guerre, et quand quelqu\u2019un vous d\u00e9clare la guerre, vous vous d\u00e9fendez \u00bb, reconna\u00eet Nicolas Bonnet Oulaldj, adjoint (PCF) en charge du commerce \u00e0 la mairie de Paris.<\/p>\n<p class=\"p1\">La municipalit\u00e9 \u00e9nonce que son refus d\u2019autoriser le BHV \u00e0 d\u00e9ployer des animations dans la rue est aussi d\u00fb aux \u00e9v\u00e9nements pr\u00e9vus prochainement sur la voie publique comme le march\u00e9 de No\u00ebl. Contact\u00e9e par nos confr\u00e8res du Parisien, la direction du magasin n\u2019a pas souhait\u00e9 donner suite. N\u00e9anmoins, Fr\u00e9d\u00e9ric Merlin a donn\u00e9 rendez-vous au public pour le lancement des animations de No\u00ebl et la d\u00e9couverte des vitrines, ce mardi soir \u00e0 18 heures.<\/p>\n","protected":false},"excerpt":{"rendered":"Coup dur pour Fr\u00e9d\u00e9ric Merlin. Alors que plusieurs animations \u00e9taient dans les tuyaux en vue des f\u00eates de&hellip;\n","protected":false},"author":2,"featured_media":544273,"comment_status":"","ping_status":"","sticky":false,"template":"","format":"standard","meta":{"footnotes":""},"categories":[1888],"tags":[11,1777,674,1011,27,11906,12258,12,15830,626,25,1104],"class_list":{"0":"post-544272","1":"post","2":"type-post","3":"status-publish","4":"format-standard","5":"has-post-thumbnail","7":"category-paris","8":"tag-actualites","9":"tag-eu","10":"tag-europe","11":"tag-fr","12":"tag-france","13":"tag-magasins","14":"tag-maire-de-paris","15":"tag-news","16":"tag-noel","17":"tag-paris","18":"tag-republique-francaise","19":"tag-shein"},"share_on_mastodon":{"url":"https:\/\/pubeurope.com\/@fr\/115575407571919564","error":""},"_links":{"self":[{"href":"https:\/\/www.europesays.com\/fr\/wp-json\/wp\/v2\/posts\/544272","targetHints":{"allow":["GET"]}}],"collection":[{"href":"https:\/\/www.europesays.com\/fr\/wp-json\/wp\/v2\/posts"}],"about":[{"href":"https:\/\/www.europesays.com\/fr\/wp-json\/wp\/v2\/types\/post"}],"author":[{"embeddable":true,"href":"https:\/\/www.europesays.com\/fr\/wp-json\/wp\/v2\/users\/2"}],"replies":[{"embeddable":true,"href":"https:\/\/www.europesays.com\/fr\/wp-json\/wp\/v2\/comments?post=544272"}],"version-history":[{"count":0,"href":"https:\/\/www.europesays.com\/fr\/wp-json\/wp\/v2\/posts\/544272\/revisions"}],"wp:featuredmedia":[{"embeddable":true,"href":"https:\/\/www.europesays.com\/fr\/wp-json\/wp\/v2\/media\/544273"}],"wp:attachment":[{"href":"https:\/\/www.europesays.com\/fr\/wp-json\/wp\/v2\/media?parent=544272"}],"wp:term":[{"taxonomy":"category","embeddable":true,"href":"https:\/\/www.europesays.com\/fr\/wp-json\/wp\/v2\/categories?post=544272"},{"taxonomy":"post_tag","embeddable":true,"href":"https:\/\/www.europesays.com\/fr\/wp-json\/wp\/v2\/tags?post=544272"}],"curies":[{"name":"wp","href":"https:\/\/api.w.org\/{rel}","templated":true}]}}