{"id":544276,"date":"2025-11-19T08:26:17","date_gmt":"2025-11-19T08:26:17","guid":{"rendered":"https:\/\/www.europesays.com\/fr\/544276\/"},"modified":"2025-11-19T08:26:17","modified_gmt":"2025-11-19T08:26:17","slug":"en-direct-ukraine-9-morts-dans-une-frappe-russe-dans-louest-du-pays-annonce-zelensky","status":"publish","type":"post","link":"https:\/\/www.europesays.com\/fr\/544276\/","title":{"rendered":"EN DIRECT &#8211; Ukraine : 9 morts dans une frappe russe dans l&rsquo;ouest du pays, annonce Zelensky"},"content":{"rendered":"<p>Une attaque russe de drones a vis\u00e9 la r\u00e9gion ukrainienne de Kharkiv pour la troisi\u00e8me nuit cons\u00e9cutive, faisant 36 bless\u00e9s dans sa capitale, a rapport\u00e9 la police r\u00e9gionale mercredi matin, tandis que la totalit\u00e9 de l&rsquo;Ukraine se trouvait en \u00e9tat d&rsquo;alerte a\u00e9rienne.<\/p>\n<p>La police r\u00e9gionale a fait \u00e9tat d&rsquo;une \u00ab\u00a0attaque massive\u00a0\u00bb de drones contre les districts de Slobidsky et Osnovyansky de Kharkiv. Celle-ci a notamment endommag\u00e9 \u00ab\u00a0plus de dix immeubles d&rsquo;habitation\u00a0\u00bb, d&rsquo;apr\u00e8s un message publi\u00e9 sur Telegram. Les forces de l&rsquo;ordre ont recens\u00e9 \u00ab\u00a036 bless\u00e9s, dont des enfants\u00a0\u00bb.<\/p>\n<p>D&rsquo;apr\u00e8s le gouverneur Oleg Synegoubov, les forces russes ont dirig\u00e9 19 drones contre cette ville proche de la fronti\u00e8re russe, la deuxi\u00e8me la plus peupl\u00e9e du pays avant l&rsquo;invasion lanc\u00e9e par Moscou en f\u00e9vrier 2022, et \u00ab\u00a0un immeuble de neuf \u00e9tages a \u00e9t\u00e9 touch\u00e9 puis a pris feu\u00a0\u00bb.<\/p>\n<p>Lors des deux nuits pr\u00e9c\u00e9dentes, des frappes russes de missile avaient fait au total au moins quatre morts dans la r\u00e9gion de Kharkiv, dont une adolescente de 17 ans.<\/p>\n","protected":false},"excerpt":{"rendered":"Une attaque russe de drones a vis\u00e9 la r\u00e9gion ukrainienne de Kharkiv pour la troisi\u00e8me nuit cons\u00e9cutive, faisant&hellip;\n","protected":false},"author":2,"featured_media":116434,"comment_status":"","ping_status":"","sticky":false,"template":"","format":"standard","meta":{"footnotes":""},"categories":[1591],"tags":[65847,1111,11,1921,75,1887,1922,12,3497,1885,1886,132,220,59253,133,1920,134],"class_list":{"0":"post-544276","1":"post","2":"type-post","3":"status-publish","4":"format-standard","5":"has-post-thumbnail","7":"category-russie","8":"tag-accord-historique-entre-la-france-et-lukraine-sur-lachat-davions-rafale","9":"tag-actu","10":"tag-actualites","11":"tag-article-video","12":"tag-donald-trump","13":"tag-federation-de-russie","14":"tag-info","15":"tag-news","16":"tag-recep-tayyip-erdogan","17":"tag-russia","18":"tag-russian-federation","19":"tag-russie","20":"tag-ukraine","21":"tag-ukraine-russie-lespoir-de-negociations-au-point-mort","22":"tag-video","23":"tag-video-international","24":"tag-volodymyr-zelensky"},"share_on_mastodon":{"url":"https:\/\/pubeurope.com\/@fr\/115575415355731421","error":""},"_links":{"self":[{"href":"https:\/\/www.europesays.com\/fr\/wp-json\/wp\/v2\/posts\/544276","targetHints":{"allow":["GET"]}}],"collection":[{"href":"https:\/\/www.europesays.com\/fr\/wp-json\/wp\/v2\/posts"}],"about":[{"href":"https:\/\/www.europesays.com\/fr\/wp-json\/wp\/v2\/types\/post"}],"author":[{"embeddable":true,"href":"https:\/\/www.europesays.com\/fr\/wp-json\/wp\/v2\/users\/2"}],"replies":[{"embeddable":true,"href":"https:\/\/www.europesays.com\/fr\/wp-json\/wp\/v2\/comments?post=544276"}],"version-history":[{"count":0,"href":"https:\/\/www.europesays.com\/fr\/wp-json\/wp\/v2\/posts\/544276\/revisions"}],"wp:featuredmedia":[{"embeddable":true,"href":"https:\/\/www.europesays.com\/fr\/wp-json\/wp\/v2\/media\/116434"}],"wp:attachment":[{"href":"https:\/\/www.europesays.com\/fr\/wp-json\/wp\/v2\/media?parent=544276"}],"wp:term":[{"taxonomy":"category","embeddable":true,"href":"https:\/\/www.europesays.com\/fr\/wp-json\/wp\/v2\/categories?post=544276"},{"taxonomy":"post_tag","embeddable":true,"href":"https:\/\/www.europesays.com\/fr\/wp-json\/wp\/v2\/tags?post=544276"}],"curies":[{"name":"wp","href":"https:\/\/api.w.org\/{rel}","templated":true}]}}