{"id":544279,"date":"2025-11-19T08:28:11","date_gmt":"2025-11-19T08:28:11","guid":{"rendered":"https:\/\/www.europesays.com\/fr\/544279\/"},"modified":"2025-11-19T08:28:11","modified_gmt":"2025-11-19T08:28:11","slug":"avortement-aux-etats-unis-la-caroline-du-sud-renonce-a-envoyer-en-prison-les-femmes-ayant-recours-a-livg","status":"publish","type":"post","link":"https:\/\/www.europesays.com\/fr\/544279\/","title":{"rendered":"Avortement aux \u00c9tats-Unis\u00a0: la Caroline du Sud renonce \u00e0 envoyer en prison les femmes ayant recours \u00e0 l\u2019IVG"},"content":{"rendered":"<p class=\"paragraph text_align_left lp-f-body-02\">Le lobbying a pay\u00e9. La Caroline du Sud d\u00e9battait mardi apr\u00e8s-midi de la possibilit\u00e9 de condamner \u00e0 la prison toute personne impliqu\u00e9e dans une <a href=\"https:\/\/www.leparisien.fr\/societe\/cinq-minutes-pour-comprendre-pourquoi-le-nombre-davortements-est-en-hausse-en-france-25-09-2025-446XODY6TJCIBHFMFBNIVKMKLE.php\" target=\"_self\" rel=\"noopener\">interruption de grossesse<\/a> (IVG) pour des d\u00e9cennies, y compris les femmes sur qui elle est pratiqu\u00e9e, mais le texte a \u00e9chou\u00e9 \u00e0 passer ce cap l\u00e9gislatif.<\/p>\n<p class=\"paragraph text_align_left lp-f-body-02\">La sous-commission des affaires m\u00e9dicales du S\u00e9nat de Caroline du Sud examinait pour la deuxi\u00e8me fois le projet de <a href=\"https:\/\/www.scstatehouse.gov\/sess126_2025-2026\/bills\/323.htm\" rel=\"noopener\" target=\"_blank\">loi S.323<\/a>, intitul\u00e9 \u00ab Acte pour la protection de l\u2019enfant \u00e0 na\u00eetre \u00bb. Le but \u00e9tait d\u2019approuver le texte pour qu\u2019il poursuive son cheminement l\u00e9gislatif. Il pr\u00e9voyait une interdiction quasi-totale de l\u2019avortement m\u00eame en cas de viol, d\u2019inceste ou d\u2019anomalie f\u0153tale, et, faisait de l\u2019IVG un crime comparable \u00e0 un \u00ab homicide d\u2019une personne n\u00e9e vivante \u00bb, qui aurait fait encourir jusqu\u2019\u00e0 trente ans de prison aux femmes, m\u00e9decins, infirmiers, qui les pratiquent.<\/p>\n<p class=\"paragraph text_align_left lp-f-body-02\">La Caroline du Sud ne compte pas parmi <a href=\"https:\/\/www.leparisien.fr\/international\/etats-unis\/elections-aux-etats-unis-neuf-etats-organisent-un-referendum-sur-lavortement-le-5-novembre-05-11-2024-IHBJZ6HPCBECXN3HG4TDPFHN4I.php\" target=\"_self\" rel=\"noopener\">les dix \u00c9tats qui ont interrog\u00e9 leurs \u00e9lecteurs<\/a>, en marge de l\u2019\u00e9lection pr\u00e9sidentielle il y a un an, sur le droit \u00e0 l\u2019avortement, et constat\u00e9 leur volont\u00e9 de <a href=\"https:\/\/www.leparisien.fr\/international\/etats-unis\/arizona-missouri-colorado-le-droit-a-lavortement-renforce-dans-plusieurs-etats-americains-06-11-2024-23KR544WFZFXTC5VCHZN3AGXAQ.php\" target=\"_self\" rel=\"noopener\">prot\u00e9ger ce droit<\/a> mis \u00e0 mal par la Cour supr\u00eame des \u00c9tats-Unis <a href=\"https:\/\/www.leparisien.fr\/societe\/la-cour-supreme-americaine-revoque-le-droit-a-lavortement-les-etats-sont-desormais-libres-de-linterdire-24-06-2022-PGS2Z4V7CZDPPBWGDXNLMVXIBA.php\" rel=\"noopener\" target=\"_blank\">en juin 2022<\/a>.<\/p>\n<p class=\"paragraph text_align_left lp-f-body-02\">Conservateur au point d\u2019\u00eatre devenu <a href=\"https:\/\/www.leparisien.fr\/international\/etats-unis\/etats-unis-un-meurtrier-condamne-a-mort-va-etre-tue-par-un-peloton-dexecution-14-11-2025-EXGTD57IVJG3PGZYUARMYDFV7M.php\" target=\"_self\" rel=\"noopener\">r\u00e9trograde<\/a>, le bastion sudiste a d\u00e9j\u00e0 consid\u00e9rablement r\u00e9duit les possibilit\u00e9s de renoncer \u00e0 une grossesse, en mai 2023, interdisant l\u2019IVG apr\u00e8s six semaines seulement. Ce d\u00e9lai peut \u00eatre port\u00e9 \u00e0 douze semaines en cas de viol ou d\u2019inceste, \u00e0 condition de le prouver, ainsi qu\u2019en cas d\u2019anomalies f\u0153tales ou pour sauver la vie de la femme enceinte.<\/p>\n<p>Le viol, l\u2019inceste, l\u2019anomalie f\u0153tale ne faisaient plus exception<\/p>\n<p class=\"paragraph text_align_left lp-f-body-02\">Le nouveau texte emp\u00eachait toute exception et ne permettait d\u2019invoquer que la \u00ab menace d\u2019une mort imminente ou de blessures graves \u00bb de la m\u00e8re, non comme un motif raisonnable de pratiquer une IVG mais comme un \u00ab moyen de d\u00e9fense \u00bb lors d\u2019un proc\u00e8s.<\/p>\n<p class=\"paragraph text_align_left lp-f-body-02\">Mardi, l\u2019audience avait \u00e9t\u00e9 interdite au public. Elle pouvait \u00eatre <a href=\"https:\/\/www.scstatehouse.gov\/video\/archives.php?key=15582\" target=\"_self\" rel=\"noopener\">suivie en direct<\/a> sur le site Internet du S\u00e9nat. Des manifestants s\u2019\u00e9taient r\u00e9unis \u00e0 l\u2019ext\u00e9rieur du Capitole de Columbia, la capitale de Caroline du Sud. \u00ab Si certains pensent qu\u2019il existe des exceptions (dans ce projet de loi), je tiens \u00e0 r\u00e9affirmer qu\u2019il n\u2019y en a aucune \u00bb, a d\u00e9clar\u00e9 Amalia Luxardo, PDG de l\u2019organisation de d\u00e9fense des droits des femmes Women\u2019s Rights and Empowerment Network (WREN). \u00ab Il s\u2019agit v\u00e9ritablement, litt\u00e9ralement, de la loi la plus extr\u00eame que nous ayons jamais vue dans le domaine de la sant\u00e9 reproductive dans ce pays. \u00bb Plusieurs associations incitaient les \u00e9lecteurs de Caroline du Sud \u00e0 contacter le S\u00e9nat pour dissuader le vote.<\/p>\n<p class=\"paragraph text_align_left lp-f-body-02\">M\u00eame un lobby anti-avortement avait jug\u00e9 que l\u2019\u00ab Acte pour la protection de l\u2019enfant \u00e0 na\u00eetre \u00bb allait trop loin : l\u2019association South Carolina Citizens for Life, si elle soutient l\u2019interdiction actuelle de l\u2019avortement apr\u00e8s six semaines de grossesse, s\u2019oppose \u00e0 la criminalisation des personnes ayant recours \u00e0 l\u2019avortement.<\/p>\n<p class=\"paragraph text_align_left lp-f-body-02\">Apr\u00e8s trois heures de discussions, la majorit\u00e9 des s\u00e9nateurs r\u00e9publicains de la sous-commission ont refus\u00e9 de voter le texte. L\u2019un des trois auteurs du projet, le s\u00e9nateur d\u2019\u00c9tat Billy Garrett (r\u00e9publicain), conscient de l\u2019opposition, avait bien propos\u00e9 des amendements limitant \u00e0 deux ans puis supprimant la menace de prison. En vain \u00ab Apr\u00e8s m\u00fbre r\u00e9flexion, j\u2019ai d\u00e9cid\u00e9 que, du moins pour mes \u00e9lecteurs, nous nous trouvons dans une situation o\u00f9 il n\u2019est tout simplement pas possible, et selon nous, inappropri\u00e9, de cr\u00e9er des lois p\u00e9nales pour punir nos femmes enceintes \u00bb, a-t-il reconnu.<\/p>\n<p class=\"paragraph text_align_left lp-f-body-02\">Mais tout n\u2019est pas gagn\u00e9 pour la libert\u00e9 &#8211; d\u00e9j\u00e0 restreinte &#8211; des femmes dans l\u2019\u00c9tat : la seule existence de ce d\u00e9bat pourrait d\u00e9j\u00e0 dissuader des prestataires de sant\u00e9 d\u2019ouvrir des cabinets m\u00e9dicaux et de maintenir des cliniques en Caroline du Sud.<\/p>\n","protected":false},"excerpt":{"rendered":"Le lobbying a pay\u00e9. La Caroline du Sud d\u00e9battait mardi apr\u00e8s-midi de la possibilit\u00e9 de condamner \u00e0 la&hellip;\n","protected":false},"author":2,"featured_media":544280,"comment_status":"","ping_status":"","sticky":false,"template":"","format":"standard","meta":{"footnotes":""},"categories":[1589],"tags":[11,73,1866,14,12,104,1864,1865,1863,308],"class_list":{"0":"post-544279","1":"post","2":"type-post","3":"status-publish","4":"format-standard","5":"has-post-thumbnail","7":"category-etats-unis","8":"tag-actualites","9":"tag-etats-unis","10":"tag-etats-unis-damerique","11":"tag-international","12":"tag-news","13":"tag-societe","14":"tag-united-states","15":"tag-united-states-of-america","16":"tag-us","17":"tag-usa"},"share_on_mastodon":{"url":"https:\/\/pubeurope.com\/@fr\/115575423265927921","error":""},"_links":{"self":[{"href":"https:\/\/www.europesays.com\/fr\/wp-json\/wp\/v2\/posts\/544279","targetHints":{"allow":["GET"]}}],"collection":[{"href":"https:\/\/www.europesays.com\/fr\/wp-json\/wp\/v2\/posts"}],"about":[{"href":"https:\/\/www.europesays.com\/fr\/wp-json\/wp\/v2\/types\/post"}],"author":[{"embeddable":true,"href":"https:\/\/www.europesays.com\/fr\/wp-json\/wp\/v2\/users\/2"}],"replies":[{"embeddable":true,"href":"https:\/\/www.europesays.com\/fr\/wp-json\/wp\/v2\/comments?post=544279"}],"version-history":[{"count":0,"href":"https:\/\/www.europesays.com\/fr\/wp-json\/wp\/v2\/posts\/544279\/revisions"}],"wp:featuredmedia":[{"embeddable":true,"href":"https:\/\/www.europesays.com\/fr\/wp-json\/wp\/v2\/media\/544280"}],"wp:attachment":[{"href":"https:\/\/www.europesays.com\/fr\/wp-json\/wp\/v2\/media?parent=544279"}],"wp:term":[{"taxonomy":"category","embeddable":true,"href":"https:\/\/www.europesays.com\/fr\/wp-json\/wp\/v2\/categories?post=544279"},{"taxonomy":"post_tag","embeddable":true,"href":"https:\/\/www.europesays.com\/fr\/wp-json\/wp\/v2\/tags?post=544279"}],"curies":[{"name":"wp","href":"https:\/\/api.w.org\/{rel}","templated":true}]}}