{"id":544281,"date":"2025-11-19T08:29:18","date_gmt":"2025-11-19T08:29:18","guid":{"rendered":"https:\/\/www.europesays.com\/fr\/544281\/"},"modified":"2025-11-19T08:29:18","modified_gmt":"2025-11-19T08:29:18","slug":"royaume-uni-linflation-ralentit-un-peu-repit-pour-le-gouvernement-avant-le-budget-19-11-2025-a-0858","status":"publish","type":"post","link":"https:\/\/www.europesays.com\/fr\/544281\/","title":{"rendered":"Royaume-Uni: l&rsquo;inflation ralentit un peu, r\u00e9pit pour le gouvernement avant le budget &#8211; 19\/11\/2025 \u00e0 08:58"},"content":{"rendered":"<p>        <img decoding=\"async\" src=\"https:\/\/www.europesays.com\/fr\/wp-content\/uploads\/2025\/11\/e38e06617a68d9051a2875c2deba213d-760x499.jpg\" alt=\"Rachel Reeves, ministre charg\u00e9e des Finances, prononce un discours dans la salle de presse du 9 Downing Street  \u00e0 Londres, le 4 novembre 2025. ( POOL \/ JUSTIN TALLIS )\" loading=\"eager\" fetchpriority=\"high\" width=\"760\" height=\"499\" style=\"max-width: 100%!important; height: auto;\"\/><\/p>\n<p class=\"c-image-news__legend\">Rachel Reeves, ministre charg\u00e9e des Finances, prononce un discours dans la salle de presse du 9 Downing Street  \u00e0 Londres, le 4 novembre 2025. ( POOL \/ JUSTIN TALLIS )<\/p>\n<p>\n L&rsquo;inflation britannique a ralenti en octobre, \u00e0 3,6% sur un an, offrant un l\u00e9ger r\u00e9pit pour le gouvernement travailliste en mal de donn\u00e9es \u00e9conomiques positives une semaine avant la pr\u00e9sentation d&rsquo;un budget tr\u00e8s attendu.\n<\/p>\n<p>\n L&rsquo;indicateur CPI, qui avait stagn\u00e9 \u00e0 3,8% trois mois d&rsquo;affil\u00e9e, redescend \u00e0 son niveau de juin, selon les chiffres publi\u00e9s mercredi par l&rsquo;Office national des statistiques (ONS).\n<\/p>\n<p>\n La ministre des Finances Rachel Reeves a promis d&rsquo;\u00e9quilibrer les comptes publics sans \u00e9touffer une \u00e9conomie \u00e0 la peine au Royaume-Uni et pr\u00e9sentera son dernier projet de budget le 26 novembre, qui devrait aligner hausses d&rsquo;imp\u00f4ts et coupes dans les d\u00e9penses.\n<\/p>\n<p>\n Il s&rsquo;agit d&rsquo;une \u00e9ch\u00e9ance d\u00e9cisive pour le gouvernement du Premier ministre Keir Starmer, au plus bas dans les sondages et contest\u00e9 jusque dans son camp, au moment o\u00f9 le parti d&rsquo;extr\u00eame droite Reform UK est en t\u00eate des intentions de vote.\n<\/p>\n<p>\n L&rsquo;inflation a reflu\u00e9 \u00ab\u00a0principalement sous l&rsquo;effet de la baisse des prix du gaz et de l&rsquo;\u00e9lectricit\u00e9, qui ont augment\u00e9 moins qu&rsquo;\u00e0 la m\u00eame p\u00e9riode l&rsquo;an dernier\u00a0\u00bb, a expliqu\u00e9 Grant Fitzner de l&rsquo;ONS, qui pointe cependant \u00ab\u00a0l&rsquo;augmentation des prix alimentaires\u00a0\u00bb.\n<\/p>\n<p>\n Une inflation \u00e9lev\u00e9e freine la consommation et l&rsquo;investissement. Elle a aussi contraint la Banque d\u2019Angleterre (BoE), au d\u00e9but du mois, \u00e0 maintenir ses taux d\u2019int\u00e9r\u00eat \u00e0 4%, ce qui p\u00e8se sur le co\u00fbt de la dette du Royaume-Uni.\n<\/p>\n<p>\n Mais la BoE avait alors dit que, selon ses projections, l&rsquo;inflation avait atteint un pic en septembre, et qu&rsquo;elle s&rsquo;attendaient d\u00e9sormais \u00e0 voir les hausses de prix ralentir.\n<\/p>\n<p>\n Si l&rsquo;institution d\u00e9cidait de baisser son taux directeur en d\u00e9cembre, cela rel\u00e2cherait un peu la pression sur l&rsquo;\u00e9conomie au Royaume-Uni, o\u00f9 la croissance a marqu\u00e9 le pas au troisi\u00e8me trimestre, le PIB ne progressant que de 0,1% selon des chiffres publi\u00e9s la semaine derni\u00e8re.\n<\/p>\n<p>\n \u00ab\u00a0Cette baisse de l&rsquo;inflation est une bonne nouvelle pour les m\u00e9nages et les entreprises de tout le pays\u00a0\u00bb, a r\u00e9agi mercredi la ministre des Finances dans un communiqu\u00e9, se disant \u00ab\u00a0d\u00e9termin\u00e9e \u00e0 faire davantage pour faire baisser les prix\u00a0\u00bb.\n<\/p>\n<p>\n \u00ab\u00a0Lors du budget de la semaine prochaine, je ferai les choix justes pour r\u00e9pondre aux priorit\u00e9s du public: r\u00e9duire les listes d&rsquo;attente dans le syst\u00e8me de sant\u00e9, diminuer la dette nationale et faire baisser le co\u00fbt de la vie\u00a0\u00bb, a assur\u00e9 Mme Reeves.<\/p>\n","protected":false},"excerpt":{"rendered":"Rachel Reeves, ministre charg\u00e9e des Finances, prononce un discours dans la salle de presse du 9 Downing Street&hellip;\n","protected":false},"author":2,"featured_media":544282,"comment_status":"","ping_status":"","sticky":false,"template":"","format":"standard","meta":{"footnotes":""},"categories":[1588],"tags":[400,11,398,408,405,1777,674,403,402,399,404,12,473,1853,401,406,1851,1850,1852,407],"class_list":{"0":"post-544281","1":"post","2":"type-post","3":"status-publish","4":"format-standard","5":"has-post-thumbnail","7":"category-royaume-uni","8":"tag-action-cac-40","9":"tag-actualites","10":"tag-bourse-de-paris","11":"tag-boursorama","12":"tag-cotations","13":"tag-eu","14":"tag-europe","15":"tag-indices-devises","16":"tag-investir","17":"tag-investissement","18":"tag-marche-boursier","19":"tag-news","20":"tag-royaume-uni","21":"tag-royaume-uni-de-grande-bretagne-et-dirlande-du-nord","22":"tag-sicav","23":"tag-trackers","24":"tag-uk","25":"tag-united-kingdom","26":"tag-united-kingdom-of-great-britain-and-northern-ireland","27":"tag-warrants"},"share_on_mastodon":{"url":"https:\/\/pubeurope.com\/@fr\/115575428214949562","error":""},"_links":{"self":[{"href":"https:\/\/www.europesays.com\/fr\/wp-json\/wp\/v2\/posts\/544281","targetHints":{"allow":["GET"]}}],"collection":[{"href":"https:\/\/www.europesays.com\/fr\/wp-json\/wp\/v2\/posts"}],"about":[{"href":"https:\/\/www.europesays.com\/fr\/wp-json\/wp\/v2\/types\/post"}],"author":[{"embeddable":true,"href":"https:\/\/www.europesays.com\/fr\/wp-json\/wp\/v2\/users\/2"}],"replies":[{"embeddable":true,"href":"https:\/\/www.europesays.com\/fr\/wp-json\/wp\/v2\/comments?post=544281"}],"version-history":[{"count":0,"href":"https:\/\/www.europesays.com\/fr\/wp-json\/wp\/v2\/posts\/544281\/revisions"}],"wp:featuredmedia":[{"embeddable":true,"href":"https:\/\/www.europesays.com\/fr\/wp-json\/wp\/v2\/media\/544282"}],"wp:attachment":[{"href":"https:\/\/www.europesays.com\/fr\/wp-json\/wp\/v2\/media?parent=544281"}],"wp:term":[{"taxonomy":"category","embeddable":true,"href":"https:\/\/www.europesays.com\/fr\/wp-json\/wp\/v2\/categories?post=544281"},{"taxonomy":"post_tag","embeddable":true,"href":"https:\/\/www.europesays.com\/fr\/wp-json\/wp\/v2\/tags?post=544281"}],"curies":[{"name":"wp","href":"https:\/\/api.w.org\/{rel}","templated":true}]}}