{"id":544283,"date":"2025-11-19T08:30:18","date_gmt":"2025-11-19T08:30:18","guid":{"rendered":"https:\/\/www.europesays.com\/fr\/544283\/"},"modified":"2025-11-19T08:30:18","modified_gmt":"2025-11-19T08:30:18","slug":"france-allemagne-une-alliance-historique-avec-mistral-ai-et-sap-pour-une-ia-souveraine-au-service-des-administrations-publiques","status":"publish","type":"post","link":"https:\/\/www.europesays.com\/fr\/544283\/","title":{"rendered":"France\u2013Allemagne : une alliance historique avec Mistral AI et SAP pour une IA souveraine au service des administrations publiques"},"content":{"rendered":"<p>Dans un contexte o\u00f9 la ma\u00eetrise technologique conditionne d\u00e9sormais la souverainet\u00e9 des \u00c9tats, la France et l\u2019Allemagne franchissent une \u00e9tape majeure. \u00c0 Berlin, les deux gouvernements ont annonc\u00e9 leur intention de lancer un partenariat public-priv\u00e9 strat\u00e9gique avec Mistral AI et l\u2019\u00e9diteur allemand SAP SE. L\u2019objectif : b\u00e2tir une infrastructure d\u2019intelligence artificielle et d\u2019ERP souveraine capable de transformer le fonctionnement des administrations publiques europ\u00e9ennes.<\/p>\n<p>Cette initiative marque une rupture nette avec les d\u00e9pendances num\u00e9riques accumul\u00e9es au cours de la derni\u00e8re d\u00e9cennie. Elle s\u2019inscrit dans la volont\u00e9 d\u2019affirmer une autonomie strat\u00e9gique europ\u00e9enne face aux g\u00e9ants non-europ\u00e9ens, en construisant des outils technologiques contr\u00f4l\u00e9s, gouvernables et auditables sur le territoire europ\u00e9en.<\/p>\n<p>Une plateforme IA-ERP souveraine pour moderniser l\u2019\u00c9tat<\/p>\n<p>Le partenariat repose sur quatre piliers structurants, qui d\u00e9finiront la nouvelle g\u00e9n\u00e9ration de services publics assist\u00e9s par l\u2019IA.<\/p>\n<p>1. Un ERP souverain, intelligent et 100 % europ\u00e9en<\/p>\n<p>France, Allemagne, SAP et Mistral AI co-construiront une plateforme ERP int\u00e9grant nativement des capacit\u00e9s d\u2019IA, enti\u00e8rement adapt\u00e9e aux besoins des administrations publiques. L\u2019ambition est claire : disposer d\u2019un socle technologique commun, s\u00e9curis\u00e9, interop\u00e9rable et ind\u00e9pendant de tout acteur extra-europ\u00e9en.<\/p>\n<p>2. Une gestion financi\u00e8re augment\u00e9e par l\u2019IA<\/p>\n<p>Les administrations pourront automatiser des t\u00e2ches cl\u00e9s : classification et traitement des factures, contr\u00f4les d\u2019audit, v\u00e9rification de coh\u00e9rence et analyse pr\u00e9dictive. L\u2019objectif est double : am\u00e9liorer la fiabilit\u00e9 budg\u00e9taire et lib\u00e9rer du temps pour les agents publics.<\/p>\n<p>3. Des agents num\u00e9riques pour les agents publics et les citoyens<\/p>\n<p>Le projet pr\u00e9voit le d\u00e9ploiement de trois types d\u2019agents :<\/p>\n<ul class=\"wp-block-list\">\n<li><strong>Agents de d\u00e9cision et de conformit\u00e9<\/strong> pour accompagner les fonctionnaires dans l\u2019analyse r\u00e9glementaire.<\/li>\n<li><strong>Agents g\u00e9n\u00e9ratifs<\/strong> pour la r\u00e9daction de notes, la pr\u00e9paration de sc\u00e9narios ou la justification budg\u00e9taire.<\/li>\n<li><strong>Agents citoyens<\/strong> capables de guider les usagers dans leurs d\u00e9marches administratives, \u00e9ligibilit\u00e9s et formulaires.<\/li>\n<\/ul>\n<p>Ces outils doivent am\u00e9liorer l\u2019accessibilit\u00e9 des services publics et renforcer leur r\u00e9activit\u00e9.<\/p>\n<p>4. Des laboratoires franco-allemands pour l\u2019innovation et la formation<\/p>\n<p>Les partenaires ouvriront des laboratoires d\u2019innovation IA-ERP destin\u00e9s \u00e0 former une nouvelle g\u00e9n\u00e9ration de professionnels publics aux usages avanc\u00e9s de l\u2019IA. Transparence, explicabilit\u00e9 et auditabilit\u00e9 seront au c\u0153ur des travaux, pour r\u00e9pondre aux exigences d\u00e9mocratiques europ\u00e9ennes.<\/p>\n<p>Une gouvernance in\u00e9dite : le Board EDIC franco-allemand<\/p>\n<p>Pour piloter ce chantier strat\u00e9gique, Paris et Berlin cr\u00e9eront un <strong>Board EDIC (European Digital Infrastructure Consortium)<\/strong> d\u00e9di\u00e9. Cette instance commune, pr\u00e9sid\u00e9e par les ministres comp\u00e9tents des deux pays, supervisera :<\/p>\n<ul class=\"wp-block-list\">\n<li>la gouvernance globale du partenariat ;<\/li>\n<li>la coordination op\u00e9rationnelle avec Mistral AI et SAP ;<\/li>\n<li>l\u2019alignement avec les strat\u00e9gies nationales et europ\u00e9ennes ;<\/li>\n<li>l\u2019ouverture progressive \u00e0 d\u2019autres acteurs europ\u00e9ens capables d\u2019apporter des solutions souveraines, interop\u00e9rables et fiables.<\/li>\n<\/ul>\n<p>Cette architecture de gouvernance vise \u00e0 cr\u00e9er un v\u00e9ritable \u00e9cosyst\u00e8me europ\u00e9en, coh\u00e9rent et durable, au-del\u00e0 d\u2019un simple projet bilat\u00e9ral.<\/p>\n<p>Une feuille de route ambitieuse jusqu\u2019en 2030<\/p>\n<p>La signature d\u2019un accord-cadre formel interviendra <strong>d\u2019ici mi-2026<\/strong>. Celui-ci d\u00e9finira les r\u00e8gles de gouvernance, le p\u00e9rim\u00e8tre fonctionnel, les responsabilit\u00e9s et les m\u00e9canismes de financement.<\/p>\n<p>Entre <strong>2026 et 2030<\/strong>, plusieurs cas d\u2019usage prioritaires seront d\u00e9ploy\u00e9s dans les administrations, avec une logique progressive : premiers prototypes, industrialisation, puis g\u00e9n\u00e9ralisation.<\/p>\n<p>L\u2019objectif est de transformer les syst\u00e8mes d\u2019information de l\u2019\u00c9tat en profondeur, en capitalisant sur les avanc\u00e9es rapides de l\u2019IA europ\u00e9enne.<\/p>\n<p>L\u2019affirmation d\u2019une Europe qui innove et qui prot\u00e8ge<\/p>\n<p>Pour les ministres fran\u00e7ais, cette initiative marque un tournant. Elle r\u00e9pond \u00e0 un d\u00e9fi largement document\u00e9 : <strong>plus de 80 % des outils num\u00e9riques publics proviennent encore de fournisseurs non europ\u00e9ens<\/strong>. Dans une p\u00e9riode d\u2019instabilit\u00e9 g\u00e9opolitique et de comp\u00e9tition technologique mondiale, la d\u00e9pendance devient un risque majeur.<\/p>\n<p>Cette alliance franco-allemande envoie un signal clair : l\u2019Europe choisit de se doter d\u2019une IA souveraine, de renforcer ses capacit\u00e9s industrielles, et de consolider son autonomie num\u00e9rique.<\/p>\n<p>Du c\u00f4t\u00e9 allemand, le message converge : moderniser l\u2019administration, acc\u00e9l\u00e9rer les services aux citoyens et faire \u00e9merger des champions industriels europ\u00e9ens capables de rivaliser \u00e0 l\u2019\u00e9chelle mondiale.<\/p>\n<p>Mistral AI y voit la d\u00e9monstration que l\u2019Europe peut reprendre la main sur son destin technologique, tandis que SAP souligne que l\u2019innovation ne doit pas se faire au d\u00e9triment de la souverainet\u00e9.<\/p>\n<p>Vers une Europe de la souverainet\u00e9 num\u00e9rique assum\u00e9e<\/p>\n<p>Ce partenariat marque l\u2019un des plus importants mouvements strat\u00e9giques europ\u00e9ens depuis le lancement de Gaia-X. En misant conjointement sur Mistral AI et SAP, Paris et Berlin posent les fondations d\u2019un mod\u00e8le alternatif capable de conjuguer performance, r\u00e9silience, transparence et souverainet\u00e9.<\/p>\n<p>Au-del\u00e0 des technologies, c\u2019est une vision qui se dessine : celle d\u2019une Europe qui ne se contente plus d\u2019\u00eatre un march\u00e9, mais qui construitses propres infrastructures critiques et d\u00e9finit ses propres standards.<\/p>\n<p>Une Europe enfin ma\u00eetresse de son avenir num\u00e9rique.<\/p>\n","protected":false},"excerpt":{"rendered":"Dans un contexte o\u00f9 la ma\u00eetrise technologique conditionne d\u00e9sormais la souverainet\u00e9 des \u00c9tats, la France et l\u2019Allemagne franchissent&hellip;\n","protected":false},"author":2,"featured_media":544284,"comment_status":"","ping_status":"","sticky":false,"template":"","format":"standard","meta":{"footnotes":""},"categories":[1587],"tags":[11,672,1804,1805,1803,1777,674,1801,12,1802],"class_list":{"0":"post-544283","1":"post","2":"type-post","3":"status-publish","4":"format-standard","5":"has-post-thumbnail","7":"category-allemagne","8":"tag-actualites","9":"tag-allemagne","10":"tag-bundesrepublik-deutschland","11":"tag-de","12":"tag-deutschland","13":"tag-eu","14":"tag-europe","15":"tag-germany","16":"tag-news","17":"tag-republique-federale-dallemagne"},"share_on_mastodon":{"url":"https:\/\/pubeurope.com\/@fr\/115575431210665434","error":""},"_links":{"self":[{"href":"https:\/\/www.europesays.com\/fr\/wp-json\/wp\/v2\/posts\/544283","targetHints":{"allow":["GET"]}}],"collection":[{"href":"https:\/\/www.europesays.com\/fr\/wp-json\/wp\/v2\/posts"}],"about":[{"href":"https:\/\/www.europesays.com\/fr\/wp-json\/wp\/v2\/types\/post"}],"author":[{"embeddable":true,"href":"https:\/\/www.europesays.com\/fr\/wp-json\/wp\/v2\/users\/2"}],"replies":[{"embeddable":true,"href":"https:\/\/www.europesays.com\/fr\/wp-json\/wp\/v2\/comments?post=544283"}],"version-history":[{"count":0,"href":"https:\/\/www.europesays.com\/fr\/wp-json\/wp\/v2\/posts\/544283\/revisions"}],"wp:featuredmedia":[{"embeddable":true,"href":"https:\/\/www.europesays.com\/fr\/wp-json\/wp\/v2\/media\/544284"}],"wp:attachment":[{"href":"https:\/\/www.europesays.com\/fr\/wp-json\/wp\/v2\/media?parent=544283"}],"wp:term":[{"taxonomy":"category","embeddable":true,"href":"https:\/\/www.europesays.com\/fr\/wp-json\/wp\/v2\/categories?post=544283"},{"taxonomy":"post_tag","embeddable":true,"href":"https:\/\/www.europesays.com\/fr\/wp-json\/wp\/v2\/tags?post=544283"}],"curies":[{"name":"wp","href":"https:\/\/api.w.org\/{rel}","templated":true}]}}