{"id":544289,"date":"2025-11-19T08:33:10","date_gmt":"2025-11-19T08:33:10","guid":{"rendered":"https:\/\/www.europesays.com\/fr\/544289\/"},"modified":"2025-11-19T08:33:10","modified_gmt":"2025-11-19T08:33:10","slug":"le-festival-dangouleme-naura-pas-lieu-en-2026-liberation","status":"publish","type":"post","link":"https:\/\/www.europesays.com\/fr\/544289\/","title":{"rendered":"Le festival d\u2019Angoul\u00eame n\u2019aura pas lieu en\u00a02026 \u2013 Lib\u00e9ration"},"content":{"rendered":"<p class=\"sc-cPiKLX AiZTS text-element\">Le festival d\u2019Angoul\u00eame n\u2019aura pas lieu en 2026. Cette fois, c\u2019est pli\u00e9. Violemment secou\u00e9 depuis une semaine, le ch\u00e2teau de cartes a fini par s\u2019effondrer dans la journ\u00e9e mardi 18 novembre. Prenant acte du refus des autrices et des auteurs de c\u00e9der une once de terrain sur <a href=\"https:\/\/www.liberation.fr\/culture\/bd\/bd-les-gros-editeurs-lachent-le-festival-dangouleme-a-deux-doigts-dun-effondrement-generalise-20251111_W5FYPXYVOFGCLAI5P3J4CUZV4I\/\" target=\"_blank\" rel=\"noreferrer noopener\" title=\"https:\/\/www.liberation.fr\/culture\/bd\/bd-les-gros-editeurs-lachent-le-festival-dangouleme-a-deux-doigts-dun-effondrement-generalise-20251111_W5FYPXYVOFGCLAI5P3J4CUZV4I\/\">la question du boycott de l\u2019\u00e9dition pr\u00e9vue fin janvier<\/a>, les maisons d\u2019\u00e9dition n\u2019ont eu d\u2019autre choix que de s\u2019aligner sur la position des artistes. Personne ne se rendra donc \u00e0 Angoul\u00eame en janvier.<\/p>\n<p class=\"sc-cPiKLX AiZTS text-element\">La journ\u00e9e de ce mardi 18 novembre a d\u00e9but\u00e9 par un communiqu\u00e9 extr\u00eamement d\u00e9termin\u00e9 de l\u2019inter-orga r\u00e9unissant quantit\u00e9 de syndicats et collectifs d\u2019artistes : \u00abLes financeurs publics doivent prendre acte que le paysage politique des auteur\u00b7ices a chang\u00e9, nous ne sommes plus en 2016 [date de <a href=\"https:\/\/www.liberation.fr\/culture\/2016\/01\/05\/angouleme-la-selection-100-masculine-fait-polemique_1424451\/\" target=\"_blank\" rel=\"noreferrer noopener\" title=\"https:\/\/www.liberation.fr\/culture\/2016\/01\/05\/angouleme-la-selection-100-masculine-fait-polemique_1424451\/\">la derni\u00e8re grande crise au festival d\u2019Angoul\u00eame<\/a>, ndlr]. Les coupes<\/p>\n","protected":false},"excerpt":{"rendered":"Le festival d\u2019Angoul\u00eame n\u2019aura pas lieu en 2026. Cette fois, c\u2019est pli\u00e9. Violemment secou\u00e9 depuis une semaine, le&hellip;\n","protected":false},"author":2,"featured_media":544290,"comment_status":"","ping_status":"","sticky":false,"template":"","format":"standard","meta":{"footnotes":""},"categories":[2],"tags":[11,13152,1082,1011,27,12,25],"class_list":{"0":"post-544289","1":"post","2":"type-post","3":"status-publish","4":"format-standard","5":"has-post-thumbnail","7":"category-actualites","8":"tag-actualites","9":"tag-angouleme","10":"tag-festival-dangouleme","11":"tag-fr","12":"tag-france","13":"tag-news","14":"tag-republique-francaise"},"share_on_mastodon":{"url":"https:\/\/pubeurope.com\/@fr\/115575443084577552","error":""},"_links":{"self":[{"href":"https:\/\/www.europesays.com\/fr\/wp-json\/wp\/v2\/posts\/544289","targetHints":{"allow":["GET"]}}],"collection":[{"href":"https:\/\/www.europesays.com\/fr\/wp-json\/wp\/v2\/posts"}],"about":[{"href":"https:\/\/www.europesays.com\/fr\/wp-json\/wp\/v2\/types\/post"}],"author":[{"embeddable":true,"href":"https:\/\/www.europesays.com\/fr\/wp-json\/wp\/v2\/users\/2"}],"replies":[{"embeddable":true,"href":"https:\/\/www.europesays.com\/fr\/wp-json\/wp\/v2\/comments?post=544289"}],"version-history":[{"count":0,"href":"https:\/\/www.europesays.com\/fr\/wp-json\/wp\/v2\/posts\/544289\/revisions"}],"wp:featuredmedia":[{"embeddable":true,"href":"https:\/\/www.europesays.com\/fr\/wp-json\/wp\/v2\/media\/544290"}],"wp:attachment":[{"href":"https:\/\/www.europesays.com\/fr\/wp-json\/wp\/v2\/media?parent=544289"}],"wp:term":[{"taxonomy":"category","embeddable":true,"href":"https:\/\/www.europesays.com\/fr\/wp-json\/wp\/v2\/categories?post=544289"},{"taxonomy":"post_tag","embeddable":true,"href":"https:\/\/www.europesays.com\/fr\/wp-json\/wp\/v2\/tags?post=544289"}],"curies":[{"name":"wp","href":"https:\/\/api.w.org\/{rel}","templated":true}]}}