{"id":544291,"date":"2025-11-19T08:34:14","date_gmt":"2025-11-19T08:34:14","guid":{"rendered":"https:\/\/www.europesays.com\/fr\/544291\/"},"modified":"2025-11-19T08:34:14","modified_gmt":"2025-11-19T08:34:14","slug":"les-jeunes-musulmans-sur-la-pente-reac-comme-les-autres-liberation","status":"publish","type":"post","link":"https:\/\/www.europesays.com\/fr\/544291\/","title":{"rendered":"Les jeunes musulmans sur la pente r\u00e9ac\u2026 comme les autres \u2013 Lib\u00e9ration"},"content":{"rendered":"<p class=\"sc-cPiKLX AiZTS text-element\">Les musulmans de France sont de plus en plus religieux, rigoristes et d\u00e9fiants envers la science. L\u2019inqui\u00e9tante tendance, observ\u00e9e depuis plusieurs ann\u00e9es, au repli identitaire chez nombre de jeunes musulmans est confirm\u00e9e <a href=\"https:\/\/www.ifop.com\/article\/etat-des-lieux-du-rapport-a-lislam-et-a-lislamisme-des-musulmans-de-france\/\" target=\"_blank\" rel=\"noreferrer nofollow noopener\" title=\"https:\/\/www.ifop.com\/article\/etat-des-lieux-du-rapport-a-lislam-et-a-lislamisme-des-musulmans-de-france\/\">par une enqu\u00eate Ifop<\/a>. A noter que 7 % des Fran\u00e7ais seulement sont musulmans (le \u00abgrand remplacement\u00bb attendra) alors que, ambianc\u00e9s par la propagande politique de l\u2019extr\u00eame droite et de la droite, galvanis\u00e9es par leurs puissants relais m\u00e9diatiques, les Fran\u00e7ais dans leur ensemble (Ipsos, 2016) estiment que la population nationale est compos\u00e9e de 31 % de musulmans.<\/p>\n<p class=\"sc-cPiKLX AiZTS text-element\">Revenons aux 7 % : 65 % d\u2019entre eux \u2013 ce taux est en hausse constante \u2013 affirment que sur un sujet donn\u00e9, lorsqu\u2019il y a conflit entre la science et la religion, c\u2019est la religion qu\u2019il faut \u00e9couter. L\u2019un des aspects les plus porteurs de pol\u00e9miques, c\u2019est le port du voile. Cette pratique r\u00e9gresse chez les plus \u00e2g\u00e9es <a href=\"https:\/\/www.liberation.fr\/societe\/religions\/pourquoi-les-jeunes-sont-ils-pl&lt;\/p&gt;&lt;\/div&gt;&lt;\/article&gt;&lt;\/div&gt;&lt;div data-fusion-lazy-id=\" f0f8vgvlad832fw=\"\" rel=\"nofollow noopener\" target=\"_blank\"><\/p>\n","protected":false},"excerpt":{"rendered":"Les musulmans de France sont de plus en plus religieux, rigoristes et d\u00e9fiants envers la science. L\u2019inqui\u00e9tante tendance,&hellip;\n","protected":false},"author":2,"featured_media":544292,"comment_status":"","ping_status":"","sticky":false,"template":"","format":"standard","meta":{"footnotes":""},"categories":[2],"tags":[11,1011,27,5318,12,25],"class_list":{"0":"post-544291","1":"post","2":"type-post","3":"status-publish","4":"format-standard","5":"has-post-thumbnail","7":"category-actualites","8":"tag-actualites","9":"tag-fr","10":"tag-france","11":"tag-islam","12":"tag-news","13":"tag-republique-francaise"},"share_on_mastodon":{"url":"https:\/\/pubeurope.com\/@fr\/115575447006445189","error":""},"_links":{"self":[{"href":"https:\/\/www.europesays.com\/fr\/wp-json\/wp\/v2\/posts\/544291","targetHints":{"allow":["GET"]}}],"collection":[{"href":"https:\/\/www.europesays.com\/fr\/wp-json\/wp\/v2\/posts"}],"about":[{"href":"https:\/\/www.europesays.com\/fr\/wp-json\/wp\/v2\/types\/post"}],"author":[{"embeddable":true,"href":"https:\/\/www.europesays.com\/fr\/wp-json\/wp\/v2\/users\/2"}],"replies":[{"embeddable":true,"href":"https:\/\/www.europesays.com\/fr\/wp-json\/wp\/v2\/comments?post=544291"}],"version-history":[{"count":0,"href":"https:\/\/www.europesays.com\/fr\/wp-json\/wp\/v2\/posts\/544291\/revisions"}],"wp:featuredmedia":[{"embeddable":true,"href":"https:\/\/www.europesays.com\/fr\/wp-json\/wp\/v2\/media\/544292"}],"wp:attachment":[{"href":"https:\/\/www.europesays.com\/fr\/wp-json\/wp\/v2\/media?parent=544291"}],"wp:term":[{"taxonomy":"category","embeddable":true,"href":"https:\/\/www.europesays.com\/fr\/wp-json\/wp\/v2\/categories?post=544291"},{"taxonomy":"post_tag","embeddable":true,"href":"https:\/\/www.europesays.com\/fr\/wp-json\/wp\/v2\/tags?post=544291"}],"curies":[{"name":"wp","href":"https:\/\/api.w.org\/{rel}","templated":true}]}}