{"id":544297,"date":"2025-11-19T08:38:14","date_gmt":"2025-11-19T08:38:14","guid":{"rendered":"https:\/\/www.europesays.com\/fr\/544297\/"},"modified":"2025-11-19T08:38:14","modified_gmt":"2025-11-19T08:38:14","slug":"romain-ntamack-la-sanction-tombe-apres-les-fidji","status":"publish","type":"post","link":"https:\/\/www.europesays.com\/fr\/544297\/","title":{"rendered":"Romain Ntamack, la sanction tombe apr\u00e8s les Fidji\u00a0!"},"content":{"rendered":"<p><strong>Pass\u00e9 au travers de son match<br \/>\nface aux Fidji, Romain Ntamack n\u2019en finit plus depuis samedi<br \/>\nd\u2019essuyer des critiques.<\/strong><\/p>\n<p>Le passage en famille, dimanche, aura sans doute fait du bien \u00e0<br \/>\nRomain Ntamack. Au lendemain du p\u00e9nible succ\u00e8s d\u00e9croch\u00e9 face aux<br \/>\nFidji (34-21), le demi d\u2019ouverture du Stade Toulousain a pu<br \/>\nretrouver sa compagne et leur b\u00e9b\u00e9 d\u2019un an. Une douce parenth\u00e8se<br \/>\napr\u00e8s une nouvelle sortie compliqu\u00e9e, samedi, avec le XV de<br \/>\nFrance.<\/p>\n<p>Car si apr\u00e8s quatre d\u00e9faites de rang les troupes de Fabien<br \/>\nGalthi\u00e9 ont renou\u00e9 avec la victoire, leur prestation a \u00e9t\u00e9 tr\u00e8s<br \/>\ninsuffisante. Les Bleus avaient certes bien d\u00e9marr\u00e9 la rencontre,<br \/>\nmais apr\u00e8s vingt bonnes premi\u00e8res minutes, les Fran\u00e7ais ont connu<br \/>\nun s\u00e9v\u00e8re trou d\u2019air avant de se contenter du service minimum en<br \/>\nseconde p\u00e9riode.<\/p>\n<blockquote class=\"twitter-tweet\"><p><a class=\"twitter-link\" rel=\"noindex, nofollow noopener\" href=\"https:\/\/twitter.com\/sports_fr\/status\/1990818583308284051?s=46&amp;t=Ng37CUMdUaS4hSZh2CDipA\" target=\"_blank\"><br \/>\n<\/a><\/p><\/blockquote>\n<p>Et depuis samedi, si de nombreux joueurs ont \u00e9t\u00e9 en difficult\u00e9s<br \/>\nsur la pelouse du Stade Atlantique, Romain Ntamack cristallise les<br \/>\ncritiques. L\u2019ouvreur toulousain a en effet livr\u00e9 une copie insipide<br \/>\net laiss\u00e9 de nombreux observateurs sur leur faim. C\u2019est notamment<br \/>\nle cas de Yann Delaigue, sp\u00e9cialiste du poste.<\/p>\n<p>Romain Ntamack pas \u00e9panoui avec le XV de France ?<\/p>\n<p>\u00ab\u00a0Il est un peu effac\u00e9, a-t-il confi\u00e9 \u00e0 son sujet<br \/>\ndans les colonnes de L\u2019Equipe. M\u00eame s\u2019il ne fait jamais de<br \/>\nmauvais matches. J\u2019aimerais qu\u2019il soit plus leader, plus brillant,<br \/>\nqu\u2019il prenne des initiatives. \u00bb Un avis partag\u00e9 par un autre<br \/>\nancien Bleu, Richard Dourthe.<\/p>\n<p>\u00ab\u00a0On le voit davantage avec son club car l\u2019animation y<br \/>\nest plus importante autour de lui. Il a plus de solutions pour<br \/>\nfaire briller ses partenaires ou briller lui-m\u00eame. Avec les Bleus,<br \/>\nje ne sais pas s\u2019il est vraiment \u00e9panoui\u00a0\u00bb, a-t-il<br \/>\nexpliqu\u00e9, amer.<\/p>\n<p>Critiqu\u00e9, Romain Ntamack b\u00e9n\u00e9ficie toujours de la confiance du<br \/>\nstaff tricolore. \u00ab\u00a0Je ne suis pas au courant qu\u2019il y ait<br \/>\ndes interrogations. Dans le groupe, Romain Ntamack n\u2019est pas<br \/>\ncritiqu\u00e9, a assur\u00e9 \u00e0 son sujet l\u2019entraineur adjoint des Bleus,<br \/>\nLaurent Semp\u00e9r\u00e9. Il se comporte comme le num\u00e9ro 10 de cette<br \/>\n\u00e9quipe. Il est tr\u00e8s engag\u00e9, froid dans l\u2019analyse, honn\u00eate sur les<br \/>\nperformances de l\u2019\u00e9quipe et \u00e7a tire l\u2019\u00e9quipe vers le haut. Un<br \/>\nouvreur d\u00e9pend aussi de la qualit\u00e9 des ballons qui lui sont<br \/>\nfournis.\u00a0\u00bb<\/p>\n<p><script async src=\"https:\/\/platform.twitter.com\/widgets.js\" charset=\"utf-8\"><\/script><\/p>\n","protected":false},"excerpt":{"rendered":"Pass\u00e9 au travers de son match face aux Fidji, Romain Ntamack n\u2019en finit plus depuis samedi d\u2019essuyer des&hellip;\n","protected":false},"author":2,"featured_media":544298,"comment_status":"","ping_status":"","sticky":false,"template":"","format":"standard","meta":{"footnotes":""},"categories":[1416],"tags":[1011,27,479,1468,60],"class_list":{"0":"post-544297","1":"post","2":"type-post","3":"status-publish","4":"format-standard","5":"has-post-thumbnail","7":"category-rugby","8":"tag-fr","9":"tag-france","10":"tag-rugby","11":"tag-rugby-football","12":"tag-sports"},"share_on_mastodon":{"url":"https:\/\/pubeurope.com\/@fr\/115575462640933546","error":""},"_links":{"self":[{"href":"https:\/\/www.europesays.com\/fr\/wp-json\/wp\/v2\/posts\/544297","targetHints":{"allow":["GET"]}}],"collection":[{"href":"https:\/\/www.europesays.com\/fr\/wp-json\/wp\/v2\/posts"}],"about":[{"href":"https:\/\/www.europesays.com\/fr\/wp-json\/wp\/v2\/types\/post"}],"author":[{"embeddable":true,"href":"https:\/\/www.europesays.com\/fr\/wp-json\/wp\/v2\/users\/2"}],"replies":[{"embeddable":true,"href":"https:\/\/www.europesays.com\/fr\/wp-json\/wp\/v2\/comments?post=544297"}],"version-history":[{"count":0,"href":"https:\/\/www.europesays.com\/fr\/wp-json\/wp\/v2\/posts\/544297\/revisions"}],"wp:featuredmedia":[{"embeddable":true,"href":"https:\/\/www.europesays.com\/fr\/wp-json\/wp\/v2\/media\/544298"}],"wp:attachment":[{"href":"https:\/\/www.europesays.com\/fr\/wp-json\/wp\/v2\/media?parent=544297"}],"wp:term":[{"taxonomy":"category","embeddable":true,"href":"https:\/\/www.europesays.com\/fr\/wp-json\/wp\/v2\/categories?post=544297"},{"taxonomy":"post_tag","embeddable":true,"href":"https:\/\/www.europesays.com\/fr\/wp-json\/wp\/v2\/tags?post=544297"}],"curies":[{"name":"wp","href":"https:\/\/api.w.org\/{rel}","templated":true}]}}