{"id":544299,"date":"2025-11-19T08:39:11","date_gmt":"2025-11-19T08:39:11","guid":{"rendered":"https:\/\/www.europesays.com\/fr\/544299\/"},"modified":"2025-11-19T08:39:11","modified_gmt":"2025-11-19T08:39:11","slug":"moutet-a-joue-avec-le-feu-et-il-a-fini-par-se-bruler-la-france-a-genoux-douche-froide-revue-de-presse-apres-la-defaite-de-la-france-face-a-la-belgique","status":"publish","type":"post","link":"https:\/\/www.europesays.com\/fr\/544299\/","title":{"rendered":"\u00ab Moutet a jou\u00e9 avec le feu et il a fini par se br\u00fbler\u00bb, \u00abla France \u00e0 genoux\u00bb, \u00ab douche froide \u00bb&#8230; revue de presse apr\u00e8s la d\u00e9faite de la France face \u00e0 la Belgique"},"content":{"rendered":"<p>\n    En France et en Belgique, l\u2019\u00e9limination des Bleus en quarts de finale de Coupe Davis a \u00e9t\u00e9 largement comment\u00e9e. Extraits.<\/p>\n<p class=\"fig-paragraph\">Ce mardi, les Bleus se sont inclin\u00e9s contre la Belgique (2-0) d\u00e8s\u00a0<a href=\"http:\/\/www.lefigaro.fr\/sports\/tennis\/coupe-davis\/coupe-davis-le-premier-final-8-des-bleus-a-vire-au-fiasco-20251118\" data-fig-type=\"NewsFlash\" data-gtm-custom-categorie=\"navigation\" data-gtm-custom-action=\"crossclick\" data-gtm-custom-label=\"Contextuel\" data-gtm-event=\"customEventSPE\" data-fig-domain=\"LEFIGARO\" rel=\"nofollow noopener\" target=\"_blank\">les quarts de finale de la Coupe Davis<\/a>\u00a0sans m\u00eame passer par le double. La presse fran\u00e7aise n\u2019a pas cach\u00e9 sa d\u00e9ception apr\u00e8s cette d\u00e9faite plus qu\u2019\u00e9vitable contre la Belgique.<\/p>\n<p class=\"fig-paragraph\">\u00ab Fess\u00e9e tout rouge\u00bb titre l\u2019\u00c9quipe qui encha\u00eene avec \u00ab une claque\u00a0\u00bb. Le quotidien \u00e9voque notamment \u00ab des Fran\u00e7ais \u00e9mouss\u00e9s physiquement et mentalement\u00a0\u00bb. M\u00eame constat pour\u00a0<a href=\"https:\/\/www.ouest-france.fr\/sport\/tennis\/coupe-davis\/coupe-davis-battue-par-la-belgique-lequipe-de-france-eliminee-des-son-entree-en-lice-8f991670-c4b2-11f0-a196-a9dcf76600e4\" target=\"_blank\" rel=\"sponsored noopener nofollow\" data-gtm-custom-categorie=\"navigation\" data-gtm-custom-action=\"crossclick\" data-gtm-custom-label=\"Contextuel\" data-gtm-event=\"customEventSPE\">Ouest France,<\/a>\u00a0qui parle de \u00ab d\u00e9ception\u00a0\u00bb, avec beaucoup de grands noms absents dans la comp\u00e9tition comme Sinner ou Alcaraz \u00ab les Bleus avaient un coup \u00e0 jouer\u2026\u00bb.\u00a0<a href=\"https:\/\/www.letelegramme.fr\/sports\/tennis\/coupe-davis-arthur-rinderknech-et-la-france-battus-par-la-belgique-et-deja-elimines-6931400.php\" target=\"_blank\" rel=\"sponsored noopener nofollow\" data-gtm-custom-categorie=\"navigation\" data-gtm-custom-action=\"crossclick\" data-gtm-custom-label=\"Contextuel\" data-gtm-event=\"customEventSPE\">Le T\u00e9l\u00e9gramme<\/a>\u00a0est tout aussi fataliste, le journal \u00e9voque une \u00ab douche Froide\u00a0\u00bb, alors que la France a mis fin \u00e0 28 ans d\u2019invincibilit\u00e9 face aux Diables Rouges.<\/p>\n<p>                                    <a class=\"fig-a11y-skip a11y-hidden\" href=\"#fig-a11y-skip-main-inarticle\"><br \/>\n        Passer la publicit\u00e9<br \/>\n    <\/a><\/p>\n<p><strong>La Belgique exulte<\/strong><\/p>\n<p class=\"fig-paragraph\">Du c\u00f4t\u00e9 belge, l\u2019heure est \u00e0 la f\u00eate, la\u00a0<a href=\"https:\/\/www.rtbf.be\/article\/coupe-davis-france-belgique-raphael-collignon-commence-face-a-corentin-moutet-zizou-bergs-defiera-arthur-kinderknech-11633666\" target=\"_blank\" rel=\"sponsored noopener nofollow\" data-gtm-custom-categorie=\"navigation\" data-gtm-custom-action=\"crossclick\" data-gtm-custom-label=\"Contextuel\" data-gtm-event=\"customEventSPE\">RTBF\u00a0<\/a> se r\u00e9jouit de cette \u00ab exceptionnelle performance\u00a0\u00bb. \u00abD\u00e9cha\u00een\u00e9e, notre \u00e9quipe de Coupe Davis n\u2019a fait qu\u2019une bouch\u00e9e de la France en quart de finale\u00bb ajoute le m\u00e9dia belge. Chez\u00a0<a href=\"https:\/\/www.7sur7.be\/tennis\/il-tente-une-volee-entre-les-jambes-en-plein-money-time-lincroyable-cadeau-de-moutet-contre-la-belgique-en-coupe-davis~aa3ee554\/\" target=\"_blank\" rel=\"sponsored noopener nofollow\" data-gtm-custom-categorie=\"navigation\" data-gtm-custom-action=\"crossclick\" data-gtm-custom-label=\"Contextuel\" data-gtm-event=\"customEventSPE\">7 sur 7<\/a> , on se permet m\u00eame de se payer la t\u00eate de Corentin Moutet apr\u00e8s sa demi-vol\u00e9e entre les jambes rat\u00e9e\u00a0: \u00abCorentin Moutet a jou\u00e9 avec le feu en Coupe Davis et il a fini par se br\u00fbler\u00bb, qualifiant ce fait de jeu comme un \u00ab incroyable cadeau\u00a0\u00bb.\u00a0<a href=\"https:\/\/www.sudinfo.be\/2038\/sections\/sport\/tennis\" target=\"_blank\" rel=\"sponsored noopener nofollow\" data-gtm-custom-categorie=\"navigation\" data-gtm-custom-action=\"crossclick\" data-gtm-custom-label=\"Contextuel\" data-gtm-event=\"customEventSPE\">Sud info<\/a>\u00a0parle d\u2019un quart de finale \u00abglobalement bien ma\u00eetris\u00e9\u00bb, \u00abCollignon et Bergs ont mis la France \u00e0 genoux<strong>\u00bb <\/strong>titre le m\u00e9dia.<\/p>\n","protected":false},"excerpt":{"rendered":"En France et en Belgique, l\u2019\u00e9limination des Bleus en quarts de finale de Coupe Davis a \u00e9t\u00e9 largement&hellip;\n","protected":false},"author":2,"featured_media":544300,"comment_status":"","ping_status":"","sticky":false,"template":"","format":"standard","meta":{"footnotes":""},"categories":[1415],"tags":[16961,4178,1011,27,60,1467],"class_list":{"0":"post-544299","1":"post","2":"type-post","3":"status-publish","4":"format-standard","5":"has-post-thumbnail","7":"category-tennis","8":"tag-corentin-moutet","9":"tag-coupe-davis","10":"tag-fr","11":"tag-france","12":"tag-sports","13":"tag-tennis"},"share_on_mastodon":{"url":"https:\/\/pubeurope.com\/@fr\/115575466456255322","error":""},"_links":{"self":[{"href":"https:\/\/www.europesays.com\/fr\/wp-json\/wp\/v2\/posts\/544299","targetHints":{"allow":["GET"]}}],"collection":[{"href":"https:\/\/www.europesays.com\/fr\/wp-json\/wp\/v2\/posts"}],"about":[{"href":"https:\/\/www.europesays.com\/fr\/wp-json\/wp\/v2\/types\/post"}],"author":[{"embeddable":true,"href":"https:\/\/www.europesays.com\/fr\/wp-json\/wp\/v2\/users\/2"}],"replies":[{"embeddable":true,"href":"https:\/\/www.europesays.com\/fr\/wp-json\/wp\/v2\/comments?post=544299"}],"version-history":[{"count":0,"href":"https:\/\/www.europesays.com\/fr\/wp-json\/wp\/v2\/posts\/544299\/revisions"}],"wp:featuredmedia":[{"embeddable":true,"href":"https:\/\/www.europesays.com\/fr\/wp-json\/wp\/v2\/media\/544300"}],"wp:attachment":[{"href":"https:\/\/www.europesays.com\/fr\/wp-json\/wp\/v2\/media?parent=544299"}],"wp:term":[{"taxonomy":"category","embeddable":true,"href":"https:\/\/www.europesays.com\/fr\/wp-json\/wp\/v2\/categories?post=544299"},{"taxonomy":"post_tag","embeddable":true,"href":"https:\/\/www.europesays.com\/fr\/wp-json\/wp\/v2\/tags?post=544299"}],"curies":[{"name":"wp","href":"https:\/\/api.w.org\/{rel}","templated":true}]}}