{"id":544301,"date":"2025-11-19T08:43:12","date_gmt":"2025-11-19T08:43:12","guid":{"rendered":"https:\/\/www.europesays.com\/fr\/544301\/"},"modified":"2025-11-19T08:43:12","modified_gmt":"2025-11-19T08:43:12","slug":"camille-basset-a-pu-envoyer-le-braquet-actualite","status":"publish","type":"post","link":"https:\/\/www.europesays.com\/fr\/544301\/","title":{"rendered":"Camille Basset a pu envoyer le braquet &#8211; Actualit\u00e9"},"content":{"rendered":"<p style=\"text-align: justify;\">Apr\u00e8s un premier jour moyen, Camille Basset est <a href=\"https:\/\/www.directvelo.com\/epreuve\/48688\/coupe-de-france-de-cyclo-cross-quelneuc-u19-femmes-2-2025\" target=\"_blank\" rel=\"noopener\"><strong>rentr\u00e9e dans le Top 5<\/strong><\/a>, dimanche, pour la deuxi\u00e8me journ\u00e9e de la Coupe de France de cyclo-cross \u00e0 Quelneuc. \u00ab\u00a0Samedi, je n&rsquo;\u00e9tais pas trop dans ma course. J&rsquo;ai eu du mal \u00e0 me mettre dedans. Et aujourd&rsquo;hui, j&rsquo;\u00e9tais bien, j&rsquo;avais des bonnes sensations. J&rsquo;ai pu \u00eatre propre techniquement et envoyer sur les parties roulantes\u00a0\u00bb, raconte-t-elle \u00e0 DirectVelo. Dans son match face \u00e0 Lucie Elizalde, elle a pris le dessus dans la derni\u00e8re boucle. \u00ab\u00a0J&rsquo;arrivais \u00e0 bien envoyer mon braquet dans les c\u00f4tes et \u00e0 gagner du temps sur les filles. J&rsquo;en ai profit\u00e9 dans le dernier tour pour la distancer\u00a0\u00bb.<\/p>\n<p>Les Juniors Femmes, si elles ont \u00e9vit\u00e9 la pluie les deux jours, ont couru sur un circuit boueux. La soci\u00e9taire du VC Pays de Loud\u00e9ac a mis du temps \u00e0 s&rsquo;y habituer. \u00ab\u00a0Vendredi et samedi, le terrain n&rsquo;\u00e9tait pas du tout le m\u00eame. C&rsquo;est pareil pour tout le monde mais j&rsquo;ai eu un temps d&rsquo;adaptation un peu plus long\u00a0\u00bb, explique-t-elle. Apr\u00e8s le Championnat d&rsquo;Europe <strong><a href=\"https:\/\/www.directvelo.com\/actualite\/125196\/camille-basset-sest-appliquee-dans-le-sable\" target=\"_blank\" rel=\"noopener\">dans le sable de la mer du Nord<\/a><\/strong>, la Costarmoricaine a \u00ab\u00a0essay\u00e9 de r\u00e9cup\u00e9rer un maximum, parce qu&rsquo;avec le trajet et la course, c&rsquo;\u00e9tait tr\u00e8s difficile. Les semaines passent vite. On roule un peu la semaine, le vendredi on a les reco et apr\u00e8s, c&rsquo;est direct les courses\u00a0\u00bb.<\/p>\n<p>D\u00e9j\u00e0 2e \u00e0 Albi le dimanche, la cycliste de 17 ans va d\u00e9fendre sa 3e place de la Coupe de France de cyclo-cross \u00e0 Ouistreham, en d\u00e9cembre, pour la derni\u00e8re manche. Comme \u00e0 Middelkerke, le parcours passera par la plage, les Plages du D\u00e9barquement. \u00ab\u00a0J&rsquo;ai <a href=\"https:\/\/www.directvelo.com\/epreuve\/44986\/rivabellacross-juniors-femmes-2024\" target=\"_blank\" rel=\"noopener\"><strong>couru \u00e0 Ouistreham l&rsquo;ann\u00e9e derni\u00e8re<\/strong><\/a>\u00a0et je trouve que le sable n&rsquo;est pas le m\u00eame. Il est plus dur \u00e0 Ouistreham et il y a plus de parties en sous-bois avec des racines, qu&rsquo;il n&rsquo;y avait pas du tout \u00e0 Middelkerke\u00a0\u00bb. Mais avant Ouistreham, Camille Basset va se rendre une premi\u00e8re fois en Normandie, \u00e0 Flamanville, sous la combinaison de l&rsquo;\u00e9quipe de France, pour la 2e manche de la Coupe du Monde. Puis ce sera un autre rendez-vous important : le Championnat de Bretagne \u00e0\u00a0Ch\u00e2telaudren le 7 d\u00e9cembre.<\/p>\n","protected":false},"excerpt":{"rendered":"Apr\u00e8s un premier jour moyen, Camille Basset est rentr\u00e9e dans le Top 5, dimanche, pour la deuxi\u00e8me journ\u00e9e&hellip;\n","protected":false},"author":2,"featured_media":544302,"comment_status":"","ping_status":"","sticky":false,"template":"","format":"standard","meta":{"footnotes":""},"categories":[1411],"tags":[834,828,836,829,837,827,83,826,824,823,1154,207,814,817,815,816,822,821,832,211,839,1011,27,820,818,819,835,831,830,833,838,60,212,208,825],"class_list":{"0":"post-544301","1":"post","2":"type-post","3":"status-publish","4":"format-standard","5":"has-post-thumbnail","7":"category-cyclisme","8":"tag-attaque","9":"tag-belgique","10":"tag-braquet","11":"tag-bretagne","12":"tag-chute","13":"tag-competition","14":"tag-coupe-de-france","15":"tag-coureur","16":"tag-course-cyclisme","17":"tag-course-cycliste","18":"tag-cycling","19":"tag-cyclisme","20":"tag-direct","21":"tag-direct-velo","22":"tag-directvelo","23":"tag-directvelo-com","24":"tag-epreuve","25":"tag-epreuve-cycliste","26":"tag-federation-francaise-de-cyclisme","27":"tag-ffc","28":"tag-flandres","29":"tag-fr","30":"tag-france","31":"tag-live","32":"tag-live-course","33":"tag-live-epreuve","34":"tag-peloton","35":"tag-radio-peloton","36":"tag-radio-tour","37":"tag-ravitaillement","38":"tag-relance","39":"tag-sports","40":"tag-uci","41":"tag-velo","42":"tag-velos"},"share_on_mastodon":{"url":"https:\/\/pubeurope.com\/@fr\/115575482263976532","error":""},"_links":{"self":[{"href":"https:\/\/www.europesays.com\/fr\/wp-json\/wp\/v2\/posts\/544301","targetHints":{"allow":["GET"]}}],"collection":[{"href":"https:\/\/www.europesays.com\/fr\/wp-json\/wp\/v2\/posts"}],"about":[{"href":"https:\/\/www.europesays.com\/fr\/wp-json\/wp\/v2\/types\/post"}],"author":[{"embeddable":true,"href":"https:\/\/www.europesays.com\/fr\/wp-json\/wp\/v2\/users\/2"}],"replies":[{"embeddable":true,"href":"https:\/\/www.europesays.com\/fr\/wp-json\/wp\/v2\/comments?post=544301"}],"version-history":[{"count":0,"href":"https:\/\/www.europesays.com\/fr\/wp-json\/wp\/v2\/posts\/544301\/revisions"}],"wp:featuredmedia":[{"embeddable":true,"href":"https:\/\/www.europesays.com\/fr\/wp-json\/wp\/v2\/media\/544302"}],"wp:attachment":[{"href":"https:\/\/www.europesays.com\/fr\/wp-json\/wp\/v2\/media?parent=544301"}],"wp:term":[{"taxonomy":"category","embeddable":true,"href":"https:\/\/www.europesays.com\/fr\/wp-json\/wp\/v2\/categories?post=544301"},{"taxonomy":"post_tag","embeddable":true,"href":"https:\/\/www.europesays.com\/fr\/wp-json\/wp\/v2\/tags?post=544301"}],"curies":[{"name":"wp","href":"https:\/\/api.w.org\/{rel}","templated":true}]}}