{"id":544303,"date":"2025-11-19T08:44:12","date_gmt":"2025-11-19T08:44:12","guid":{"rendered":"https:\/\/www.europesays.com\/fr\/544303\/"},"modified":"2025-11-19T08:44:12","modified_gmt":"2025-11-19T08:44:12","slug":"mercato-asse-ou-fc-nantes-quelle-serait-la-meilleure-destination-pour-bardeli","status":"publish","type":"post","link":"https:\/\/www.europesays.com\/fr\/544303\/","title":{"rendered":"Mercato\u00a0: ASSE ou FC Nantes, quelle serait la meilleure destination pour Bardeli\u00a0?"},"content":{"rendered":"<p><strong>Courtis\u00e9 par l\u2019ASSE et le FC Nantes au mercato, Enzo Bardeli (Dunkerque, 24 ans) a le choix pour son avenir. O\u00f9 devrait-il signer ? Nos deux journalistes Bastien Aubert et Laurent Hess lancent le d\u00e9bat.<\/strong><\/p>\n<p>\u00ab\u00a0Bardeli, id\u00e9al pour l\u2019ASSE\u00a0\u00bb<\/p>\n<p>\u00ab\u00a0Enzo Bardeli serait la recrue id\u00e9ale pour l\u2019ASSE cet hiver. Il l\u2019\u00e9tait d\u00e9j\u00e0 cet \u00e9t\u00e9 ! Le jeune milieu de Dunkerque a d\u00e9j\u00e0 prouv\u00e9 au tiers de la saison qu\u2019il sait faire la diff\u00e9rence au c\u0153ur du jeu, avec sa qualit\u00e9 de passe, sa vision et sa capacit\u00e9 \u00e0 casser les lignes. Ses stats actuelles \u2014 4 passes d\u00e9cisives et 6 buts inscrits \u2014 montrent qu\u2019il n\u2019est pas seulement un r\u00e9cup\u00e9rateur mais un vrai cr\u00e9ateur capable d\u2019alimenter l\u2019attaque et d\u2019\u00eatre \u00e0 la conclusion des actions. C\u2019est exactement le profil qu\u2019il manque \u00e0 l\u2019ASSE en Ligue 2 : un joueur technique, polyvalent et capable de s\u2019adapter rapidement aux syst\u00e8mes tactiques d\u2019Eirk Horneland.\u00a0<\/p>\n<p>La jeunesse et la marge de progression de Bardeli en font aussi un investissement sur le long terme, id\u00e9al pour Kilmer Sports qui mise sur la formation et les talents prometteurs pour reb\u00e2tir son effectif. Avec le joueur de 24 ans, les Verts pourraient gagner \u00e0 la fois cr\u00e9ativit\u00e9, profondeur et fra\u00eecheur dans l\u2019entrejeu. Il y a n\u00e9anmoins un double hic dans sa venue dans le Forez : sa promiscuit\u00e9 avec Luis Castro pourrait donner un coup d\u2019avance au FC Nantes et l\u2019arriv\u00e9e d\u2019un renfort en d\u00e9fense semble plus urgent cet hiver dans le Forez.\u00a0\u00bb<\/p>\n<p><strong>Bastien AUBERT<\/strong><\/p>\n<p>\u00ab\u00a0Plut\u00f4t Nantes\u00a0\u00bb<\/p>\n<p>\u00ab\u00a0M\u00eame si Nantes est en L1 et l\u2019ASSE en L2, je pense qu\u2019Enzo Bardeli serait plus assur\u00e9 de jouer en rejoignant les Canaris plut\u00f4t que les Verts. A l\u2019ASSE, au milieu, il y a d\u00e9j\u00e0 Tardieu, Moueffek et Jaber. Et derri\u00e8re eux, il y a Miladinovic qui pr\u00e9sente un profil assez similaire \u00e0 Bardeli. A Nantes en revanche, il n\u2019y a pas vraiment de milieu offensif axial. Bardeli aurait un bon coup \u00e0 jouer sous la houlette de Luis Castro. Il aurait plus de chances d\u2019\u00eatre titulaire qu\u2019\u00e0 l\u2019ASSE. C\u2019est en tout cas mon avis.<\/p>\n<p>Et je pense aussi qu\u2019\u00e0 l\u2019ASSE, il faut un joueur d\u2019une plus grande envergure pour apporter un vrai plus. Jaber et Moueffek sont incontournables. Mais pour prendre la place de Tardieu, les Verts ont besoin d\u2019un joueur de niveau sup\u00e9rieur \u00e0 Bardeli au milieu. Et peut-\u00eatre plus d\u2019un milieu d\u00e9fensif, pour prendre la rel\u00e8ve d\u2019Ekwah, pr\u00e9vu dans les plans mais qui ne semble pas sur le chemin d\u2019un retour dans le Forez\u2026\u00a0\u00bb<\/p>\n<p><strong>Laurent HESS<\/strong><\/p>\n","protected":false},"excerpt":{"rendered":"Courtis\u00e9 par l\u2019ASSE et le FC Nantes au mercato, Enzo Bardeli (Dunkerque, 24 ans) a le choix pour&hellip;\n","protected":false},"author":2,"featured_media":544304,"comment_status":"","ping_status":"","sticky":false,"template":"","format":"standard","meta":{"footnotes":""},"categories":[1410],"tags":[11,448,63,1011,27,66,3388,12,60,10662],"class_list":{"0":"post-544303","1":"post","2":"type-post","3":"status-publish","4":"format-standard","5":"has-post-thumbnail","7":"category-football","8":"tag-actualites","9":"tag-champions-league","10":"tag-football","11":"tag-fr","12":"tag-france","13":"tag-ligue-1","14":"tag-matchs","15":"tag-news","16":"tag-sports","17":"tag-transferts"},"share_on_mastodon":{"url":"https:\/\/pubeurope.com\/@fr\/115575486219617004","error":""},"_links":{"self":[{"href":"https:\/\/www.europesays.com\/fr\/wp-json\/wp\/v2\/posts\/544303","targetHints":{"allow":["GET"]}}],"collection":[{"href":"https:\/\/www.europesays.com\/fr\/wp-json\/wp\/v2\/posts"}],"about":[{"href":"https:\/\/www.europesays.com\/fr\/wp-json\/wp\/v2\/types\/post"}],"author":[{"embeddable":true,"href":"https:\/\/www.europesays.com\/fr\/wp-json\/wp\/v2\/users\/2"}],"replies":[{"embeddable":true,"href":"https:\/\/www.europesays.com\/fr\/wp-json\/wp\/v2\/comments?post=544303"}],"version-history":[{"count":0,"href":"https:\/\/www.europesays.com\/fr\/wp-json\/wp\/v2\/posts\/544303\/revisions"}],"wp:featuredmedia":[{"embeddable":true,"href":"https:\/\/www.europesays.com\/fr\/wp-json\/wp\/v2\/media\/544304"}],"wp:attachment":[{"href":"https:\/\/www.europesays.com\/fr\/wp-json\/wp\/v2\/media?parent=544303"}],"wp:term":[{"taxonomy":"category","embeddable":true,"href":"https:\/\/www.europesays.com\/fr\/wp-json\/wp\/v2\/categories?post=544303"},{"taxonomy":"post_tag","embeddable":true,"href":"https:\/\/www.europesays.com\/fr\/wp-json\/wp\/v2\/tags?post=544303"}],"curies":[{"name":"wp","href":"https:\/\/api.w.org\/{rel}","templated":true}]}}