{"id":544305,"date":"2025-11-19T08:45:18","date_gmt":"2025-11-19T08:45:18","guid":{"rendered":"https:\/\/www.europesays.com\/fr\/544305\/"},"modified":"2025-11-19T08:45:18","modified_gmt":"2025-11-19T08:45:18","slug":"je-suis-pas-tres-riche-patrick-sebastien-sue-pour-gagner-de-largent-grosse-mise-au-clair-a-72-ans","status":"publish","type":"post","link":"https:\/\/www.europesays.com\/fr\/544305\/","title":{"rendered":"\u00ab\u00a0Je suis pas TR\u00c8S riche\u00a0\u00bb : Patrick S\u00e9bastien sue pour gagner de l&rsquo;argent, grosse mise au clair \u00e0 72 ans"},"content":{"rendered":"<p>Sur les plateaux t\u00e9l\u00e9, Patrick S\u00e9bastien n\u2019a jamais \u00e9t\u00e9 du genre<br \/>\n\u00e0 m\u00e2cher ses mots. Mais ces derniers temps, l\u2019ancien animateur<br \/>\nsemble d\u00e9termin\u00e9 \u00e0 aller encore plus loin : \u00e0 72 ans, il veut<br \/>\nd\u00e9sormais bousculer la sc\u00e8ne politique fran\u00e7aise avec son mouvement<br \/>\n\u201c\u00c7a suffit\u201d, lanc\u00e9 en octobre dernier sur Facebook. Un cri de<br \/>\nras-le-bol qu\u2019il dit partager avec \u201cune France qui n\u2019a plus la<br \/>\nparole\u201d, lass\u00e9e selon lui d\u2019\u00eatre m\u00e9pris\u00e9e par ceux qui<br \/>\npr\u00e9tendent la repr\u00e9senter.<\/p>\n<p>C\u2019est dans cet \u00e9tat d\u2019esprit qu\u2019il s\u2019est pr\u00e9sent\u00e9 ce lundi 17<br \/>\nnovembre 2025 sur BFMTV, dans <a href=\"https:\/\/www.closermag.fr\/people\/plein-le-cl-patrick-sebastien-se-lache-en-direct-la-reaction-dapolline-de-malherbe-est-sans-filtre-elle-aussi-3593799\" target=\"_blank\" rel=\"noopener\"><br \/>\nFace-\u00e0-face, \u00e9mission anim\u00e9e par Apolline de Malherbe,<\/a> o\u00f9 il<br \/>\nn\u2019a pas h\u00e9sit\u00e9 \u00e0 r\u00e9agir vivement aux propos d\u2019Alain Souchon<br \/>\naffirmant ne pas croire que les Fran\u00e7ais soient \u201cassez cons<br \/>\npour voter pour le RN\u201d. Une phrase qui l\u2019a fait bondir.<br \/>\n\u201cC\u2019est ce m\u00e9pris-l\u00e0 qui a fabriqu\u00e9 le RN\u201d, a-t-il<br \/>\nlanc\u00e9.<\/p>\n<p>Patrick S\u00e9bastien, un homme riche ? L&rsquo;ancien animateur r\u00e9pond<br \/>\nen toute transparence<\/p>\n<p>Ce climat politique tendu r\u00e9veille aussi une autre question,<br \/>\npersonnelle cette fois : celle de son rapport \u00e0 l\u2019argent. Interrog\u00e9<br \/>\npar Apolline de Malherbe sur <strong>la fiscalit\u00e9 des plus<br \/>\nais\u00e9s,<\/strong> <a href=\"https:\/\/www.closermag.fr\/people\/lea-salame-cette-nana-patrick-sebastien-a-deteste-passer-ce-moment-avec-elle-et-il-balance-3593580\" target=\"_blank\" rel=\"noopener\"><br \/>\nl&rsquo;ancien animateur qui avoue d\u00e9tester L\u00e9a Salam\u00e9<\/a> a tenu \u00e0<br \/>\nmettre les choses au clair. Lorsqu\u2019on lui demande s\u2019il accepterait<br \/>\nde payer plus d\u2019imp\u00f4ts, il sourit, puis s\u2019agace un peu. \u201cJ\u2019ai<br \/>\ntoujours d\u00e9fendu les imp\u00f4ts. <strong>J\u2019en paye beaucoup<br \/>\n!<\/strong><strong>\u201d,<\/strong> assure-t-il.<\/p>\n<p>Mais il refuse qu\u2019on le classe parmi les grandes fortunes :<br \/>\n\u201cMoi, je ne suis pas TR\u00c8S riche, <strong>je suis<br \/>\nconfortable\u201d<\/strong><strong>.<\/strong> Et il enfonce le clou<br \/>\n: \u201cJe bosse, j\u2019ai 72 ans et je vais encore bosser pour gagner<br \/>\nma vie. <strong>\u00c7a, ce n\u2019est pas \u00eatre tr\u00e8s riche<\/strong>. Je ne<br \/>\nsuis pas sur un fauteuil \u00e0 attendre que \u00e7a tombe\u201d.<\/p>\n<p>L&rsquo;ancien pr\u00e9sentateur lance son<br \/>\nmouvement<\/p>\n<p>Une mise au point qu\u2019il accompagne d\u2019une condition : il accepte<br \/>\nque l\u2019\u00c9tat pr\u00e9l\u00e8ve davantage, mais seulement si \u201c\u00e7a retombe<br \/>\npour ceux qui en ont besoin\u201d. Son mouvement, n\u00e9 d\u2019une vid\u00e9o<br \/>\nFacebook, a suscit\u00e9 des r\u00e9actions contrast\u00e9es, <strong>parfois<br \/>\nmoqueuses.<\/strong> \u201cQuand j\u2019ai lanc\u00e9 mon mouvement, on m\u2019a dit<br \/>\nd\u2019aller faire retourner mes serviettes\u201d, raconte-t-il.<\/p>\n<p>Derri\u00e8re cette anecdote, il d\u00e9nonce un \u201cm\u00e9pris g\u00e9n\u00e9ral pour<br \/>\ntoute une France qui n\u2019arrive plus \u00e0 se faire entendre\u00a0\u00bb et qui<br \/>\nregarde <strong>\u00ab\u00a0ce spectacle politique<br \/>\nd\u00e9solant\u201d.<\/strong> \u00c0 72 ans, <a href=\"https:\/\/www.closermag.fr\/people\/patrick-sebastien-opere-a-72-ans-pourquoi-ces-deux-interventions-delicates-sont-inquietantes-3593566\" target=\"_blank\" rel=\"noopener\"><br \/>\nPatrick S\u00e9bastien, qui a \u00e9t\u00e9 contraint de se faire op\u00e9rer<\/a>, ne<br \/>\nveut plus se taire.<\/p>\n","protected":false},"excerpt":{"rendered":"Sur les plateaux t\u00e9l\u00e9, Patrick S\u00e9bastien n\u2019a jamais \u00e9t\u00e9 du genre \u00e0 m\u00e2cher ses mots. Mais ces derniers&hellip;\n","protected":false},"author":2,"featured_media":544306,"comment_status":"","ping_status":"","sticky":false,"template":"","format":"standard","meta":{"footnotes":""},"categories":[1359],"tags":[58,59,1011,27,6097,973],"class_list":{"0":"post-544305","1":"post","2":"type-post","3":"status-publish","4":"format-standard","5":"has-post-thumbnail","7":"category-people","8":"tag-divertissement","9":"tag-entertainment","10":"tag-fr","11":"tag-france","12":"tag-patrick-sebastien","13":"tag-people"},"share_on_mastodon":{"url":"https:\/\/pubeurope.com\/@fr\/115575490302086421","error":""},"_links":{"self":[{"href":"https:\/\/www.europesays.com\/fr\/wp-json\/wp\/v2\/posts\/544305","targetHints":{"allow":["GET"]}}],"collection":[{"href":"https:\/\/www.europesays.com\/fr\/wp-json\/wp\/v2\/posts"}],"about":[{"href":"https:\/\/www.europesays.com\/fr\/wp-json\/wp\/v2\/types\/post"}],"author":[{"embeddable":true,"href":"https:\/\/www.europesays.com\/fr\/wp-json\/wp\/v2\/users\/2"}],"replies":[{"embeddable":true,"href":"https:\/\/www.europesays.com\/fr\/wp-json\/wp\/v2\/comments?post=544305"}],"version-history":[{"count":0,"href":"https:\/\/www.europesays.com\/fr\/wp-json\/wp\/v2\/posts\/544305\/revisions"}],"wp:featuredmedia":[{"embeddable":true,"href":"https:\/\/www.europesays.com\/fr\/wp-json\/wp\/v2\/media\/544306"}],"wp:attachment":[{"href":"https:\/\/www.europesays.com\/fr\/wp-json\/wp\/v2\/media?parent=544305"}],"wp:term":[{"taxonomy":"category","embeddable":true,"href":"https:\/\/www.europesays.com\/fr\/wp-json\/wp\/v2\/categories?post=544305"},{"taxonomy":"post_tag","embeddable":true,"href":"https:\/\/www.europesays.com\/fr\/wp-json\/wp\/v2\/tags?post=544305"}],"curies":[{"name":"wp","href":"https:\/\/api.w.org\/{rel}","templated":true}]}}