{"id":544317,"date":"2025-11-19T08:52:11","date_gmt":"2025-11-19T08:52:11","guid":{"rendered":"https:\/\/www.europesays.com\/fr\/544317\/"},"modified":"2025-11-19T08:52:11","modified_gmt":"2025-11-19T08:52:11","slug":"si-un-de-mes-joueurs-faisait-ca-je-lui-pete-la-gueule-le-sourire-des-belges-apres-le-loupe-de-moutet-en-coupe-davis","status":"publish","type":"post","link":"https:\/\/www.europesays.com\/fr\/544317\/","title":{"rendered":"\u00ab\u00a0Si un de mes joueurs faisait \u00e7a\u00a0? Je lui p\u00e8te la gueule\u00a0\u00bb\u00a0: le sourire des Belges apr\u00e8s le loup\u00e9 de Moutet en Coupe Davis"},"content":{"rendered":"<p class=\"paragraph text_align_left lp-f-body-02\">L\u2019image fera sans doute le tour du monde pendant encore quelques jours. Ce mardi, alors qu\u2019il menait un set \u00e0 z\u00e9ro <a href=\"https:\/\/www.leparisien.fr\/sports\/tennis\/france-belgique-0-1-corentin-moutet-battu-les-bleus-deja-au-pied-du-mur-en-coupe-davis-18-11-2025-RZAWH7FOHFA6NP5Z64GMGALYJQ.php\" target=\"_blank\" rel=\"noreferrer nofollow noopener\">face au Belge Rapha\u00ebl Collignon en quarts de finale de la Coupe Davis<\/a>, Corentin Moutet a offert ce qu\u2019il pouvait faire de pire\u00a0: un coup invraisemblable et compl\u00e8tement loup\u00e9.<\/p>\n<p class=\"paragraph text_align_left lp-f-body-02\">Le stress \u00e9tait \u00e0 son paroxysme lorsque le 35e mondial a tent\u00e9 sa fac\u00e9tie. Men\u00e9 5-6 dans la 2e manche, c\u2019\u00e9tait 15-15 sur le service du Fran\u00e7ais. Apr\u00e8s un point rondement men\u00e9, il a alors tent\u00e9 une fin de match pour finalement toucher la balle en demi-vol\u00e9e entre ses jambes, ratant compl\u00e8tement son geste. Une double faute et une vol\u00e9e rat\u00e9e plus tard, il perdait la seconde manche, puis le match (2-6, 7-5, 7-5). Et enfin la rencontre, apr\u00e8s <a href=\"https:\/\/www.leparisien.fr\/sports\/tennis\/france-belgique-0-2-catastrophe-pour-les-bleus-evinces-de-la-coupe-davis-apres-la-defaite-de-rinderknech-18-11-2025-44UVLOK54ZEH5GTKS3JV6U2EUY.php\" target=\"_blank\" rel=\"noreferrer nofollow noopener\">la d\u00e9faite d\u2019Arthur Rinderknech face \u00e0 Zizou Bergs<\/a>.<\/p>\n<p class=\"paragraph text_align_left lp-f-body-02\">\u00ab\u00a0<a href=\"https:\/\/www.leparisien.fr\/sports\/tennis\/deception-et-frustration-comment-expliquer-le-fiasco-des-bleus-en-quart-de-finale-de-coupe-davis-18-11-2025-5DBZB7XEY5BNPHG5PP36FSRIQQ.php\" target=\"_blank\" rel=\"noreferrer nofollow noopener\">Je regrette \u00e9norm\u00e9ment d\u2019avoir fait ce coup<\/a>, mais si je l\u2019avais r\u00e9ussi, peut-\u00eatre que \u00e7a aurait tout chang\u00e9, estimait Corentin Moutet apr\u00e8s la rencontre. J\u2019essaie de jouer de mani\u00e8re assez spontan\u00e9e, et malheureusement, c\u2019est \u00e7a qui est venu de mani\u00e8re spontan\u00e9e. J\u2019aurais aim\u00e9 que \u00e7a soit quelque chose de plus simple, mais \u00e7a fait aussi partie de mon jeu, de moi, il faut que je l\u2019accepte. J\u2019ai \u00e9t\u00e9 pris par l\u2019\u00e9motion, je n\u2019ai pas r\u00e9ussi \u00e0 la g\u00e9rer.\u00a0\u00bb<\/p>\n<p>\u00ab\u00a0Un point surprenant\u00a0\u00bb pour Paul-Henri Mathieu<\/p>\n<p class=\"paragraph text_align_left lp-f-body-02\">Un avis partag\u00e9 par le capitaine de l\u2019\u00e9quipe belge, Steve Darcis, qui se montre tout de m\u00eame piquant. \u00ab\u00a0C\u2019est un magicien, c\u2019est un mec qui joue comme \u00e7a, a-t-il d\u00e9clar\u00e9. Je ne pense pas qu\u2019on peut lui en vouloir. C\u2019est comme \u00e7a qu\u2019il joue bien, comme \u00e7a qu\u2019il ennuie les autres, comme \u00e7a qu\u2019il fait le show parce que c\u2019est un artiste. Si un de mes joueurs avait fait \u00e7a\u00a0? Je lui p\u00e8te la gueule, j\u2019en sais rien (sourire).\u00a0\u00bb<\/p>\n<p class=\"paragraph text_align_left lp-f-body-02\"><a href=\"https:\/\/www.leparisien.fr\/sports\/tennis\/que-lon-tire-tous-dans-le-meme-sens-comment-paul-henri-mathieu-entend-reveiller-le-tennis-francais-17-11-2023-CVT2MYRYRFC33EQTZHRCY4AGG4.php\" target=\"_blank\" rel=\"noreferrer nofollow noopener\">Paul-Henri Mathieu, le capitaine des Bleus<\/a>, n\u2019a pas \u00e9t\u00e9 jusque-l\u00e0 et s\u2019est montr\u00e9 plut\u00f4t mod\u00e9r\u00e9 en conf\u00e9rence de presse. \u00ab\u00a0Je ne sais pas quoi dire, a-t-il reconnu. Le tournant de la rencontre, je ne sais pas. Je ne peux pas dire que c\u2019est un point parmi tant d\u2019autres, c\u2019est un point surprenant. Il y avait certainement de la tension, un manque de fra\u00eecheur, ou ce qu\u2019on veut.\u00a0\u00bb<\/p>\n<p class=\"paragraph text_align_left lp-f-body-02\">Il faut tout de m\u00eame le reconna\u00eetre, <a href=\"https:\/\/www.leparisien.fr\/sports\/tennis\/roland-garros\/roland-garros-2024-enfant-terrible-vire-de-la-federation-poignet-en-vrac-la-revanche-de-corentin-moutet-30-05-2024-74KCDIFTERFVDPZS5O4SRTI2YQ.php\" target=\"_blank\" rel=\"noreferrer nofollow noopener\">Corentin Moutet<\/a> avait d\u00e9j\u00e0 r\u00e9ussi de tels coups, notamment face \u00e0 Roberto Carballes Baena \u00e0 Hangzhou en 2024. C\u2019\u00e9tait toutefois un premier tour, dans un tournoi individuel. Pas avec le maillot de l\u2019\u00e9quipe de France sur les \u00e9paules, avec des responsabilit\u00e9s aussi importantes.<\/p>\n","protected":false},"excerpt":{"rendered":"L\u2019image fera sans doute le tour du monde pendant encore quelques jours. Ce mardi, alors qu\u2019il menait un&hellip;\n","protected":false},"author":2,"featured_media":544318,"comment_status":"","ping_status":"","sticky":false,"template":"","format":"standard","meta":{"footnotes":""},"categories":[9],"tags":[1011,27,60,1467],"class_list":{"0":"post-544317","1":"post","2":"type-post","3":"status-publish","4":"format-standard","5":"has-post-thumbnail","7":"category-sports","8":"tag-fr","9":"tag-france","10":"tag-sports","11":"tag-tennis"},"share_on_mastodon":{"url":"https:\/\/pubeurope.com\/@fr\/115575517735722299","error":""},"_links":{"self":[{"href":"https:\/\/www.europesays.com\/fr\/wp-json\/wp\/v2\/posts\/544317","targetHints":{"allow":["GET"]}}],"collection":[{"href":"https:\/\/www.europesays.com\/fr\/wp-json\/wp\/v2\/posts"}],"about":[{"href":"https:\/\/www.europesays.com\/fr\/wp-json\/wp\/v2\/types\/post"}],"author":[{"embeddable":true,"href":"https:\/\/www.europesays.com\/fr\/wp-json\/wp\/v2\/users\/2"}],"replies":[{"embeddable":true,"href":"https:\/\/www.europesays.com\/fr\/wp-json\/wp\/v2\/comments?post=544317"}],"version-history":[{"count":0,"href":"https:\/\/www.europesays.com\/fr\/wp-json\/wp\/v2\/posts\/544317\/revisions"}],"wp:featuredmedia":[{"embeddable":true,"href":"https:\/\/www.europesays.com\/fr\/wp-json\/wp\/v2\/media\/544318"}],"wp:attachment":[{"href":"https:\/\/www.europesays.com\/fr\/wp-json\/wp\/v2\/media?parent=544317"}],"wp:term":[{"taxonomy":"category","embeddable":true,"href":"https:\/\/www.europesays.com\/fr\/wp-json\/wp\/v2\/categories?post=544317"},{"taxonomy":"post_tag","embeddable":true,"href":"https:\/\/www.europesays.com\/fr\/wp-json\/wp\/v2\/tags?post=544317"}],"curies":[{"name":"wp","href":"https:\/\/api.w.org\/{rel}","templated":true}]}}