{"id":544323,"date":"2025-11-19T08:55:21","date_gmt":"2025-11-19T08:55:21","guid":{"rendered":"https:\/\/www.europesays.com\/fr\/544323\/"},"modified":"2025-11-19T08:55:21","modified_gmt":"2025-11-19T08:55:21","slug":"avec-ce-forfait-mobile-multipliez-vos-gigas-par-5-pas-votre-facture","status":"publish","type":"post","link":"https:\/\/www.europesays.com\/fr\/544323\/","title":{"rendered":"avec ce forfait mobile, multipliez vos gigas par 5, pas votre facture !"},"content":{"rendered":"<p>              <img decoding=\"async\" class=\"article-author__picture webp\" src=\"https:\/\/www.europesays.com\/fr\/wp-content\/uploads\/2025\/11\/1763542516_840_Sans titre.png.webp\" alt=\"Floriane Wittner\"\/><\/p>\n<p class=\"article-author__info--name\"> Par<br \/>\n                      <a href=\"https:\/\/www.echosdunet.net\/equipe\/floriane-wittner\" target=\"_blank\" rel=\"noopener author nofollow\"> Floriane Wittner <\/a><\/p>\n<p class=\"article-author__info--description\"> Charg\u00e9e des actualit\u00e9s Telecom <\/p>\n<p>        Ecrit le<\/p>\n<p>                                19\/11\/2025<\/p>\n<p>            min de lecture\n        <\/p>\n<p class=\"intro\">Envie de savoir \u00e0 quoi va ressembler le Black Friday 2025 chez SFR ? Inutile d&rsquo;attendre le 21 novembre : l&rsquo;op\u00e9rateur lance un forfait mobile incroyable \u00e0 prix mini ! G\u00e9n\u00e9reux, il vous permet de multiplier vos gigas, tout en maintenant votre facture t\u00e9l\u00e9com au plus bas. D\u00e9couvrez vite cette offre \u00e0 dur\u00e9e limit\u00e9e.<\/p>\n<p><a class=\"btn btn--danger btn--md\" href=\"https:\/\/echosdunet.net\/selection\/sfr\/mobile\" target=\"_blank\" rel=\"nofollow noopener\">Souscrire<\/a><\/p>\n<p>Un forfait sp\u00e9cial pour le Black Friday SFR 2025<img decoding=\"async\" class=\"u-img--fluid\" src=\"https:\/\/www.europesays.com\/fr\/wp-content\/uploads\/2025\/11\/service-client-sfr-200x280-20.png\" alt=\"service client sfr\" loading=\"lazy\"\/><\/p>\n<p>D&rsquo;ordinaire, SFR reste plut\u00f4t discret en comparaison des autres op\u00e9rateurs \u00e0 cette p\u00e9riode de l&rsquo;ann\u00e9e.<\/p>\n<p>Cette fois, il semble bien d\u00e9cid\u00e9 \u00e0 bousculer les traditions. Pour le Black Friday 2025, SFR lance un forfait mobile \u00e0 dur\u00e9e limit\u00e9e : 100 Go 5G, sans engagement.<\/p>\n<p>Sa particularit\u00e9 ? Il remplace l&rsquo;ancien forfait 20 Go et multiplie donc vos gigas par 5, mais pas votre facture !<\/p>\n<p>Forfait mobile Black Friday SFR au 19 novembre 2025<\/p>\n<tr>Nom de l&rsquo;offreServices et engagementTarif<\/tr>\n<tr>\n<td><img decoding=\"async\" src=\"https:\/\/www.europesays.com\/fr\/wp-content\/uploads\/2025\/10\/logo-sfr-100.jpg\" alt=\"SFR\" loading=\"lazy\"\/><br \/><strong>Forfait 100 Go 5G<\/strong><\/td>\n<td>\n<ul class=\"list--check\">\n<li><strong>100 Go<\/strong> de data 5G en France, Europe &amp; DOM<\/li>\n<li>Appels, SMS et MMS illimit\u00e9s en France, Europe &amp; DOM<\/li>\n<li>SFR TV sur smartphone avec + de 100 cha\u00eenes en direct<\/li>\n<li>Les Plus Smartphone et 100 Go \u00e0 partager avec SFR Multi<\/li>\n<li>Sans engagement<\/li>\n<\/ul>\n<\/td>\n<td><strong>15,99\u20ac par mois<\/strong><br \/>8,99\u20ac\/mois prix Client Box<br \/><a class=\"btn btn--primary btn--md call-block--open nowrap\" href=\"https:\/\/www.echosdunet.net\/selection\/fr-ti-cs-ednsfr\" data-callcenter=\"france-telecom\" role=\"button\">09 87 67 96 18<\/a><\/td>\n<\/tr>\n<p>Un prix encore plus canon pour les abonn\u00e9s box<img decoding=\"async\" class=\"u-img--fluid\" src=\"https:\/\/www.europesays.com\/fr\/wp-content\/uploads\/2025\/11\/consulter-site-sfr-230x200-20.png\" alt=\"site sfr\" loading=\"lazy\"\/><\/p>\n<p>\u00c0 l&rsquo;occasion du Black Friday 2025, SFR a d\u00e9cid\u00e9 de r\u00e9compenser la fid\u00e9lit\u00e9 de ses abonn\u00e9s.<\/p>\n<p>Les clients box b\u00e9n\u00e9ficient d\u2019un tarif incroyable : le forfait Black Friday SFR passe \u00e0 8,99 \u20ac par mois au lieu de 15,99 \u20ac, et toujours sans condition de dur\u00e9e !<\/p>\n<p>Un pr\u00e9texte id\u00e9al pour regrouper vos services chez SFR et payer beaucoup moins chaque mois, tout en profitant davantage.<\/p>\n<p>Aucune mauvaise surprise c\u00f4t\u00e9 engagement (il n&rsquo;y en a pas). Par contre, SFR vous en r\u00e9serve une suppl\u00e9mentaire si vous changez d&rsquo;op\u00e9rateur aujourd&rsquo;hui : jusqu&rsquo;\u00e0 5 \u20ac de frais de r\u00e9siliation rembours\u00e9s sur simple demande !<\/p>\n<p>Black Friday SFR : pourquoi craquer pour le forfait 100 Go 5G ?<\/p>\n<p>Rempla\u00e7ant du forfait 5G 20 Go, SFR multiplie l&rsquo;enveloppe de donn\u00e9es mobiles par 5 pour r\u00e9pondre aux usages des utilisateurs les plus exigeants !<\/p>\n<p>Streaming 4K, t\u00e9l\u00e9travail, appels vid\u00e9o, t\u00e9l\u00e9chargements ou encore jeux en ligne&#8230; Rien ne vous arr\u00eate avec cette offre mobile sp\u00e9ciale pour le Black Friday 2025.<\/p>\n<p>Vous b\u00e9n\u00e9ficiez des appels, SMS et MMS illimit\u00e9s partout en France, mais aussi \u00e0 l&rsquo;\u00e9tranger, m\u00eame depuis les DOM.<\/p>\n<p>C\u00f4t\u00e9 roaming, l&rsquo;op\u00e9rateur a pens\u00e9 \u00e0 tout avec une enveloppe data \u00e9quivalente. Pas d&rsquo;inqui\u00e9tude \u00e0 avoir, donc, lors de votre prochain voyage \u00e0 l&rsquo;\u00e9tranger.<\/p>\n<p><img decoding=\"async\" src=\"https:\/\/www.europesays.com\/fr\/wp-content\/uploads\/2025\/10\/femme-pc-telephone.png\" alt=\"appel gratuit\" width=\"160\" height=\"150\" loading=\"lazy\"\/><\/p>\n<p class=\"title\">Craquez pour le forfait Black Friday SFR !<\/p>\n<p>Voil\u00e0 pour les services de base. Mais le forfait 100 Go 5G comporte bien d&rsquo;autres atouts pour vous rendre la vie plus facile.<\/p>\n<p>Gr\u00e2ce \u00e0 SFR Multi, partagez jusqu&rsquo;\u00e0 100 Go avec un membre de la famille, sans frais ! Pratique si vos enfants ont une enveloppe plus modeste ou un besoin ponctuel d&rsquo;acc\u00e9der \u00e0 Internet avant le renouvellement du mois prochain.<\/p>\n<p>Pour le divertissement, ce forfait Black Friday SFR est un bon plan assur\u00e9 : SFR TV est inclus dans votre offre, pour visionner vos cha\u00eenes favorites en illimit\u00e9 et sur tous vos \u00e9crans !<\/p>\n<p>Enfin, les Plus Smartphone aussi sont de la partie avec l&rsquo;abonnement 100 Go 5G. Ils vous permettent de :<\/p>\n<ul class=\"list--check\">\n<li>Renouveler votre smartphone \u00e0 prix r\u00e9duit ;<\/li>\n<li>Financer votre nouvel appareil en plusieurs fois sans frais ;<\/li>\n<li>Obtenir un pr\u00eat de mobile gratuit en cas de besoin ;<\/li>\n<li>Ou encore b\u00e9n\u00e9ficier d&rsquo;un accompagnement \u00e0 la configuration de votre mobile !<\/li>\n<\/ul>\n<p>Pr\u00eat \u00e0 sauter le pas ? N&rsquo;h\u00e9sitez plus : le Black Friday SFR 2025 est le moment de changer d&rsquo;op\u00e9rateur sans exploser votre budget.<\/p>\n<p>      Avez-vous trouv\u00e9 cette information utile ?<\/p>\n<p>100% des 1 votes trouvent l&rsquo;information utile.<\/p>\n","protected":false},"excerpt":{"rendered":"Par Floriane Wittner Charg\u00e9e des actualit\u00e9s Telecom Ecrit le 19\/11\/2025 min de lecture Envie de savoir \u00e0 quoi&hellip;\n","protected":false},"author":2,"featured_media":544324,"comment_status":"","ping_status":"","sticky":false,"template":"","format":"standard","meta":{"footnotes":""},"categories":[6],"tags":[35,33,34,1011,27],"class_list":{"0":"post-544323","1":"post","2":"type-post","3":"status-publish","4":"format-standard","5":"has-post-thumbnail","7":"category-economie","8":"tag-business","9":"tag-economie","10":"tag-economy","11":"tag-fr","12":"tag-france"},"share_on_mastodon":{"url":"https:\/\/pubeurope.com\/@fr\/115575529855387877","error":""},"_links":{"self":[{"href":"https:\/\/www.europesays.com\/fr\/wp-json\/wp\/v2\/posts\/544323","targetHints":{"allow":["GET"]}}],"collection":[{"href":"https:\/\/www.europesays.com\/fr\/wp-json\/wp\/v2\/posts"}],"about":[{"href":"https:\/\/www.europesays.com\/fr\/wp-json\/wp\/v2\/types\/post"}],"author":[{"embeddable":true,"href":"https:\/\/www.europesays.com\/fr\/wp-json\/wp\/v2\/users\/2"}],"replies":[{"embeddable":true,"href":"https:\/\/www.europesays.com\/fr\/wp-json\/wp\/v2\/comments?post=544323"}],"version-history":[{"count":0,"href":"https:\/\/www.europesays.com\/fr\/wp-json\/wp\/v2\/posts\/544323\/revisions"}],"wp:featuredmedia":[{"embeddable":true,"href":"https:\/\/www.europesays.com\/fr\/wp-json\/wp\/v2\/media\/544324"}],"wp:attachment":[{"href":"https:\/\/www.europesays.com\/fr\/wp-json\/wp\/v2\/media?parent=544323"}],"wp:term":[{"taxonomy":"category","embeddable":true,"href":"https:\/\/www.europesays.com\/fr\/wp-json\/wp\/v2\/categories?post=544323"},{"taxonomy":"post_tag","embeddable":true,"href":"https:\/\/www.europesays.com\/fr\/wp-json\/wp\/v2\/tags?post=544323"}],"curies":[{"name":"wp","href":"https:\/\/api.w.org\/{rel}","templated":true}]}}